{"id":39338,"date":"2025-02-12T13:40:14","date_gmt":"2025-02-12T16:40:14","guid":{"rendered":"https:\/\/ejornais.com.br\/index.php\/2025\/02\/12\/coaves-kids-tem-encontro-especial-para-observar-aves-aquaticas-no-parque-da-agua-vermelha-neste-sabado-15-agencia-de-noticias\/"},"modified":"2025-02-12T13:40:14","modified_gmt":"2025-02-12T16:40:14","slug":"coaves-kids-tem-encontro-especial-para-observar-aves-aquaticas-no-parque-da-agua-vermelha-neste-sabado-15-agencia-de-noticias","status":"publish","type":"post","link":"https:\/\/ejornais.com.br\/index.php\/2025\/02\/12\/coaves-kids-tem-encontro-especial-para-observar-aves-aquaticas-no-parque-da-agua-vermelha-neste-sabado-15-agencia-de-noticias\/","title":{"rendered":"Coaves Kids tem encontro especial para observar aves aqu\u00e1ticas no Parque da \u00c1gua Vermelha neste s\u00e1bado (15) \u2013 Ag\u00eancia de Not\u00edcias"},"content":{"rendered":"<p><\/p>\n<div>\n<div class=\"col\">\n<p class=\"mt-0\">\n                        <strong><br \/>\n                            <span class=\"far fa-calendar mr-1 mt-2\"\/><br \/>\n                            12 de fevereiro de 2025<br \/>\n                            <span class=\"far fa-clock ml-3 mt-2\"\/><br \/>\n                            12:21<br \/>\n                        <\/strong>\n                    <\/p>\n<p class=\"mb-0\">Por: <strong>Mariana Campos<\/strong><\/p>\n<\/p><\/div>\n<\/p><\/div>\n<div>\n<p>A Prefeitura de Sorocaba, por meio da Secretaria do Meio Ambiente, Prote\u00e7\u00e3o e Bem-Estar Animal (Sema), e o Clube de Observadores de Aves (Coaves) realizam o encontro especial e gratuito do Coaves Kids (Clube Infantil de Observadores de Aves), neste s\u00e1bado (15), a partir das 8h, no Parque da \u00c1gua Vermelha \u201cJo\u00e3o C\u00e2ncio Pereira\u201d.<\/p>\n<p>A atividade de Educa\u00e7\u00e3o Ambiental, voltada \u00e0s crian\u00e7as de seis anos ou mais e acompanhadas de um respons\u00e1vel, far\u00e1 parte do Censo Neotropical de Aves Aqu\u00e1ticas (CNAA), um evento mundial em que as pessoas observam e registram as esp\u00e9cies encontradas durante a \u201cpassarinhada\u201d, para contar e conhecer melhor as aves que vivem em lagos, rios e \u00e1reas alagadas.<\/p>\n<p>Com isso, a garotada do Coaves Kids vai ajudar a identificar e registrar as aves aqu\u00e1ticas no Parque da \u00c1gua Vermelha, contribuindo com essa iniciativa de conserva\u00e7\u00e3o. Os dados ser\u00e3o encaminhados ao Centro Nacional de Pesquisa e Conserva\u00e7\u00e3o de Aves Silvestres (Cemave), que enviar\u00e1 para a Wetlands International (https:\/\/lac.wetlands.org\/en\/).<\/p>\n<p>\u00c9 necess\u00e1rio que os participantes levem lanche individual para piquenique e garrafinha de \u00e1gua. O ideal \u00e9 que as crian\u00e7as vistam roupas discretas (em tons neutros, para n\u00e3o \u201cespantar\u201d as aves com cores fortes) e confort\u00e1veis, al\u00e9m de usar sapato fechado ou t\u00eanis, bon\u00e9, repelente e protetor solar.<\/p>\n<p>Crian\u00e7as que desejam participar do Coaves Kids, pela primeira vez, poder\u00e3o se inscrever no dia da atividade, com preenchimento da ficha cadastral. As vagas s\u00e3o limitadas.<\/p>\n<p>O Parque da \u00c1gua Vermelha est\u00e1 localizado na Rua Rom\u00e2nia, 150, no Jardim Europa. Mais informa\u00e7\u00f5es podem ser obtidas pelo e-mail: parquedaaguavermelha@sorocaba.sp.gov.br.<\/p>\n<p><strong>Sobre o evento mundial<\/strong><\/p>\n<p>Criado em 1990 pela Wetlands International para ajudar na prote\u00e7\u00e3o dessas aves e dos lugares onde elas vivem, o Censo Neotropical de Aves Aqu\u00e1ticas acontece todo ano em v\u00e1rios pa\u00edses da Am\u00e9rica Latina e do mundo.<\/p>\n<p>Nessa contagem, pessoas se re\u00fanem para observar e anotar quantas aves aqu\u00e1ticas encontram, ajudando os cientistas a entenderem se as popula\u00e7\u00f5es est\u00e3o crescendo ou diminuindo e procurar entender a causa desse movimento, avaliar os impactos ambientais e formular estrat\u00e9gias de conserva\u00e7\u00e3o. No Brasil, essa contagem acontece, principalmente, em fevereiro e julho, quando muitas aves migrat\u00f3rias chegam ou v\u00e3o embora.<\/p>\n<\/p><\/div>\n","protected":false},"excerpt":{"rendered":"<p>12 de fevereiro de 2025 12:21 Por: Mariana Campos A Prefeitura de Sorocaba, por meio da Secretaria do Meio Ambiente,<\/p>\n","protected":false},"author":2,"featured_media":0,"comment_status":"","ping_status":"","sticky":false,"template":"","format":"standard","meta":{"colormag_page_container_layout":"default_layout","colormag_page_sidebar_layout":"default_layout","footnotes":""},"categories":[1],"tags":[],"class_list":["post-39338","post","type-post","status-publish","format-standard","hentry","category-ejornais"],"aioseo_notices":[],"amp_enabled":true,"_links":{"self":[{"href":"https:\/\/ejornais.com.br\/index.php\/wp-json\/wp\/v2\/posts\/39338","targetHints":{"allow":["GET"]}}],"collection":[{"href":"https:\/\/ejornais.com.br\/index.php\/wp-json\/wp\/v2\/posts"}],"about":[{"href":"https:\/\/ejornais.com.br\/index.php\/wp-json\/wp\/v2\/types\/post"}],"author":[{"embeddable":true,"href":"https:\/\/ejornais.com.br\/index.php\/wp-json\/wp\/v2\/users\/2"}],"replies":[{"embeddable":true,"href":"https:\/\/ejornais.com.br\/index.php\/wp-json\/wp\/v2\/comments?post=39338"}],"version-history":[{"count":0,"href":"https:\/\/ejornais.com.br\/index.php\/wp-json\/wp\/v2\/posts\/39338\/revisions"}],"wp:attachment":[{"href":"https:\/\/ejornais.com.br\/index.php\/wp-json\/wp\/v2\/media?parent=39338"}],"wp:term":[{"taxonomy":"category","embeddable":true,"href":"https:\/\/ejornais.com.br\/index.php\/wp-json\/wp\/v2\/categories?post=39338"},{"taxonomy":"post_tag","embeddable":true,"href":"https:\/\/ejornais.com.br\/index.php\/wp-json\/wp\/v2\/tags?post=39338"}],"curies":[{"name":"wp","href":"https:\/\/api.w.org\/{rel}","templated":true}]}}