{"id":39447,"date":"2025-02-14T10:22:22","date_gmt":"2025-02-14T13:22:22","guid":{"rendered":"https:\/\/ejornais.com.br\/index.php\/2025\/02\/14\/reuniao-tecnica-discute-acoes-do-festival-de-verao-2025-que-acontecera-em-marco-agencia-de-noticias-do-governo-de-mato-grosso-do-sul\/"},"modified":"2025-02-14T10:22:22","modified_gmt":"2025-02-14T13:22:22","slug":"reuniao-tecnica-discute-acoes-do-festival-de-verao-2025-que-acontecera-em-marco-agencia-de-noticias-do-governo-de-mato-grosso-do-sul","status":"publish","type":"post","link":"https:\/\/ejornais.com.br\/index.php\/2025\/02\/14\/reuniao-tecnica-discute-acoes-do-festival-de-verao-2025-que-acontecera-em-marco-agencia-de-noticias-do-governo-de-mato-grosso-do-sul\/","title":{"rendered":"Reuni\u00e3o t\u00e9cnica discute a\u00e7\u00f5es do Festival de Ver\u00e3o 2025, que acontecer\u00e1 em mar\u00e7o \u2013 Ag\u00eancia de Noticias do Governo de Mato Grosso do Sul"},"content":{"rendered":"<p><\/p>\n<div>\n<p><span style=\"font-weight: 400;\">A Fundesporte (Funda\u00e7\u00e3o de Desporto e Lazer de Mato Grosso do Sul) ligada \u00e0 Setesc (Secretaria de Estado de Turismo, Esporte e Cultura), realizou uma reuni\u00e3o t\u00e9cnica com os parceiros do Festival de Ver\u00e3o que acontecer\u00e1 no dia 9 de mar\u00e7o no Parque das Na\u00e7\u00f5es Ind\u00edgenas, em Campo Grande.\u00a0<\/span><\/p>\n<p><span style=\"font-weight: 400;\">O evento, que j\u00e1 se consolidou como um dos principais no calend\u00e1rio de esportes e lazer do estado, reunir\u00e1 atividades f\u00edsicas, esportes de participa\u00e7\u00e3o e atra\u00e7\u00f5es culturais ao ar livre, prometendo divers\u00e3o para todos os p\u00fablicos.<\/span><\/p>\n<p><span style=\"font-weight: 400;\">Entre as atra\u00e7\u00f5es previstas para este ano est\u00e3o: yoga, capoeira, muay thai, jiu-jitsu, malabarismo, canoagem, arco e flecha, fitdance, kung-fu, grupos de corrida, pipa, skate e crossfit. Novas modalidades foram inseridas na programa\u00e7\u00e3o, entre elas: hitbox, wrestling, escalada, tirolesa, yoga para crian\u00e7as. Al\u00e9m disso, a atra\u00e7\u00e3o musical do festival ser\u00e1 por conta de Robertinho Menezes, agora em carreira solo, mas consagrado pelo seu trabalho no grupo Feiti\u00e7o Moleque.<\/span><\/p>\n<p><span style=\"font-weight: 400;\">A reuni\u00e3o com os parceiros envolvidos na organiza\u00e7\u00e3o do evento aconteceu no Centro de Conven\u00e7\u00f5es Arquiteto Rubens Gil de Camillo, com o intuito de assegurar a qualidade e o bom andamento do festival. Na ocasi\u00e3o, foram apresentados os detalhes da organiza\u00e7\u00e3o, as atividades previstas e um croqui com a disposi\u00e7\u00e3o dos espa\u00e7os destinados a cada parceiro.<\/span><\/p>\n<p><span style=\"font-weight: 400;\">O diretor de Pol\u00edticas P\u00fablicas de Viv\u00eancia Esportiva, Carlos Alberto Nabham, ressalta a import\u00e2ncia da parceria com v\u00e1rias institui\u00e7\u00f5es para que o festival atenda o p\u00fablico com diversas atividades. \u201cEsse \u00e9 o terceiro Festival de Ver\u00e3o que n\u00f3s organizamos e j\u00e1 \u00e9 uma sequ\u00eancia dos anteriores e a nossa inten\u00e7\u00e3o \u00e9 melhorar e aprimorar cada vez mais. Esse ano j\u00e1 estamos com 32 atividades de lazer e cultura para a popula\u00e7\u00e3o, contando com a parceria de v\u00e1rias institui\u00e7\u00f5es\u201d, frisa.<\/span><\/p>\n<p><span style=\"font-weight: 400;\">\u201cO Festival de Ver\u00e3o \u00e9 a abertura do nosso calend\u00e1rio de atividades esportivas da Fundesporte. N\u00f3s temos o objetivo de promover atividades f\u00edsicas variadas para que a popula\u00e7\u00e3o sul-mato-grossense possa conhecer novas modalidades\u201d, acrescentou o diretor-presidente da Fundesporte, Paulo Ricardo Nu\u00f1ez.<\/span><\/p>\n<p><span style=\"font-weight: 400;\">Uma das novidades deste ano \u00e9 o hitbox, Geni Cordeiro, 45 anos, \u00e9 coordenadora da modalidade e explica como ela ser\u00e1 inserida no Festival de Ver\u00e3o.<\/span><\/p>\n<p><span style=\"font-weight: 400;\">\u201cAtualmente n\u00f3s temos 65 mulheres, porque come\u00e7amos recentemente. Toda quinta-feira n\u00f3s fazemos um projeto social gratuito, para atender as mulheres que n\u00e3o t\u00eam condi\u00e7\u00f5es de pagar academia. Sabemos que apenas um dia, ainda \u00e9 pouco, mas \u00e9 um come\u00e7o. O hitbox, \u00e9 um treino, n\u00e3o \u00e9 dan\u00e7a, a gente confunde pelo fato da m\u00fasica. Mas \u00e9 um treino ritmado, exerc\u00edcio no ritmo da m\u00fasica, de alta intensidade. Os benef\u00edcios s\u00e3o: eliminar gordura, ganho de massa muscular, defini\u00e7\u00e3o muscular, resist\u00eancia, al\u00e9m de ser um treino divertido\u201d.<\/span><\/p>\n<p><i><span style=\"font-weight: 400;\">Bel Manvailer, Comunica\u00e7\u00e3o Setesc<\/span><\/i><i><span style=\"font-weight: 400;\"><br \/><\/span><\/i><i><span style=\"font-weight: 400;\">Foto: arquivo\/Fundesporte<\/span><\/i><\/p>\n<\/div>\n","protected":false},"excerpt":{"rendered":"<p>A Fundesporte (Funda\u00e7\u00e3o de Desporto e Lazer de Mato Grosso do Sul) ligada \u00e0 Setesc (Secretaria de Estado de Turismo,<\/p>\n","protected":false},"author":2,"featured_media":0,"comment_status":"","ping_status":"","sticky":false,"template":"","format":"standard","meta":{"colormag_page_container_layout":"default_layout","colormag_page_sidebar_layout":"default_layout","footnotes":""},"categories":[1],"tags":[],"class_list":["post-39447","post","type-post","status-publish","format-standard","hentry","category-ejornais"],"aioseo_notices":[],"aioseo_head":"\n\t\t<!-- All in One SEO 5.0.1.1 - aioseo.com -->\n\t<meta name=\"description\" content=\"A Fundesporte (Funda\u00e7\u00e3o de Desporto e Lazer de Mato Grosso do Sul) ligada \u00e0 Setesc (Secretaria de Estado de Turismo, Esporte e Cultura), realizou uma reuni\u00e3o t\u00e9cnica com os parceiros do Festival de Ver\u00e3o que acontecer\u00e1 no dia 9 de mar\u00e7o no Parque das Na\u00e7\u00f5es Ind\u00edgenas, em Campo Grande. O evento, que j\u00e1 se consolidou\" \/>\n\t<meta name=\"robots\" content=\"max-image-preview:large\" \/>\n\t<meta name=\"author\" content=\"admin1\"\/>\n\t<link rel=\"canonical\" href=\"https:\/\/ejornais.com.br\/index.php\/2025\/02\/14\/reuniao-tecnica-discute-acoes-do-festival-de-verao-2025-que-acontecera-em-marco-agencia-de-noticias-do-governo-de-mato-grosso-do-sul\/\" \/>\n\t<meta name=\"generator\" content=\"All in One SEO (AIOSEO) 5.0.1.1\" \/>\n\t\t<meta property=\"og:locale\" content=\"pt_BR\" \/>\n\t\t<meta property=\"og:site_name\" content=\"eJornais - Cat\u00e1logo de Jornais no mundo, Not\u00edcias, Blog e Esportes ao vivo\" \/>\n\t\t<meta property=\"og:type\" content=\"article\" \/>\n\t\t<meta property=\"og:title\" content=\"Reuni\u00e3o t\u00e9cnica discute a\u00e7\u00f5es do Festival de Ver\u00e3o 2025, que acontecer\u00e1 em mar\u00e7o \u2013 Ag\u00eancia de Noticias do Governo de Mato Grosso do Sul - eJornais\" \/>\n\t\t<meta property=\"og:description\" content=\"A Fundesporte (Funda\u00e7\u00e3o de Desporto e Lazer de Mato Grosso do Sul) ligada \u00e0 Setesc (Secretaria de Estado de Turismo, Esporte e Cultura), realizou uma reuni\u00e3o t\u00e9cnica com os parceiros do Festival de Ver\u00e3o que acontecer\u00e1 no dia 9 de mar\u00e7o no Parque das Na\u00e7\u00f5es Ind\u00edgenas, em Campo Grande. O evento, que j\u00e1 se consolidou\" \/>\n\t\t<meta property=\"og:url\" content=\"https:\/\/ejornais.com.br\/index.php\/2025\/02\/14\/reuniao-tecnica-discute-acoes-do-festival-de-verao-2025-que-acontecera-em-marco-agencia-de-noticias-do-governo-de-mato-grosso-do-sul\/\" \/>\n\t\t<meta property=\"article:published_time\" content=\"2025-02-14T13:22:22+00:00\" \/>\n\t\t<meta property=\"article:modified_time\" content=\"2025-02-14T13:22:22+00:00\" \/>\n\t\t<meta name=\"twitter:card\" content=\"summary_large_image\" \/>\n\t\t<meta name=\"twitter:title\" content=\"Reuni\u00e3o t\u00e9cnica discute a\u00e7\u00f5es do Festival de Ver\u00e3o 2025, que acontecer\u00e1 em mar\u00e7o \u2013 Ag\u00eancia de Noticias do Governo de Mato Grosso do Sul - eJornais\" \/>\n\t\t<meta name=\"twitter:description\" content=\"A Fundesporte (Funda\u00e7\u00e3o de Desporto e Lazer de Mato Grosso do Sul) ligada \u00e0 Setesc (Secretaria de Estado de Turismo, Esporte e Cultura), realizou uma reuni\u00e3o t\u00e9cnica com os parceiros do Festival de Ver\u00e3o que acontecer\u00e1 no dia 9 de mar\u00e7o no Parque das Na\u00e7\u00f5es Ind\u00edgenas, em Campo Grande. O evento, que j\u00e1 se consolidou\" \/>\n\t\t<script type=\"application\/ld+json\" class=\"aioseo-schema\">\n\t\t\t{\"@context\":\"https:\\\/\\\/schema.org\",\"@graph\":[{\"@type\":\"BlogPosting\",\"@id\":\"https:\\\/\\\/ejornais.com.br\\\/index.php\\\/2025\\\/02\\\/14\\\/reuniao-tecnica-discute-acoes-do-festival-de-verao-2025-que-acontecera-em-marco-agencia-de-noticias-do-governo-de-mato-grosso-do-sul\\\/#blogposting\",\"name\":\"Reuni\\u00e3o t\\u00e9cnica discute a\\u00e7\\u00f5es do Festival de Ver\\u00e3o 2025, que acontecer\\u00e1 em mar\\u00e7o \\u2013 Ag\\u00eancia de Noticias do Governo de Mato Grosso do Sul - eJornais\",\"headline\":\"Reuni\\u00e3o t\\u00e9cnica discute a\\u00e7\\u00f5es do Festival de Ver\\u00e3o 2025, que acontecer\\u00e1 em mar\\u00e7o \\u2013 Ag\\u00eancia de Noticias do Governo de Mato Grosso do Sul\",\"author\":{\"@id\":\"https:\\\/\\\/ejornais.com.br\\\/index.php\\\/author\\\/admin1\\\/#author\"},\"publisher\":{\"@id\":\"https:\\\/\\\/ejornais.com.br\\\/#organization\"},\"datePublished\":\"2025-02-14T10:22:22-03:00\",\"dateModified\":\"2025-02-14T10:22:22-03:00\",\"inLanguage\":\"pt-BR\",\"mainEntityOfPage\":{\"@id\":\"https:\\\/\\\/ejornais.com.br\\\/index.php\\\/2025\\\/02\\\/14\\\/reuniao-tecnica-discute-acoes-do-festival-de-verao-2025-que-acontecera-em-marco-agencia-de-noticias-do-governo-de-mato-grosso-do-sul\\\/#webpage\"},\"isPartOf\":{\"@id\":\"https:\\\/\\\/ejornais.com.br\\\/index.php\\\/2025\\\/02\\\/14\\\/reuniao-tecnica-discute-acoes-do-festival-de-verao-2025-que-acontecera-em-marco-agencia-de-noticias-do-governo-de-mato-grosso-do-sul\\\/#webpage\"},\"articleSection\":\"Cat\\u00e1logo de Jornais\"},{\"@type\":\"BreadcrumbList\",\"@id\":\"https:\\\/\\\/ejornais.com.br\\\/index.php\\\/2025\\\/02\\\/14\\\/reuniao-tecnica-discute-acoes-do-festival-de-verao-2025-que-acontecera-em-marco-agencia-de-noticias-do-governo-de-mato-grosso-do-sul\\\/#breadcrumblist\",\"itemListElement\":[{\"@type\":\"ListItem\",\"@id\":\"https:\\\/\\\/ejornais.com.br#listItem\",\"position\":1,\"name\":\"In\\u00edcio\",\"item\":\"https:\\\/\\\/ejornais.com.br\",\"nextItem\":{\"@type\":\"ListItem\",\"@id\":\"https:\\\/\\\/ejornais.com.br\\\/index.php\\\/category\\\/ejornais\\\/#listItem\",\"name\":\"Cat\\u00e1logo de Jornais\"}},{\"@type\":\"ListItem\",\"@id\":\"https:\\\/\\\/ejornais.com.br\\\/index.php\\\/category\\\/ejornais\\\/#listItem\",\"position\":2,\"name\":\"Cat\\u00e1logo de Jornais\",\"item\":\"https:\\\/\\\/ejornais.com.br\\\/index.php\\\/category\\\/ejornais\\\/\",\"nextItem\":{\"@type\":\"ListItem\",\"@id\":\"https:\\\/\\\/ejornais.com.br\\\/index.php\\\/2025\\\/02\\\/14\\\/reuniao-tecnica-discute-acoes-do-festival-de-verao-2025-que-acontecera-em-marco-agencia-de-noticias-do-governo-de-mato-grosso-do-sul\\\/#listItem\",\"name\":\"Reuni\\u00e3o t\\u00e9cnica discute a\\u00e7\\u00f5es do Festival de Ver\\u00e3o 2025, que acontecer\\u00e1 em mar\\u00e7o \\u2013 Ag\\u00eancia de Noticias do Governo de Mato Grosso do Sul\"},\"previousItem\":{\"@type\":\"ListItem\",\"@id\":\"https:\\\/\\\/ejornais.com.br#listItem\",\"name\":\"In\\u00edcio\"}},{\"@type\":\"ListItem\",\"@id\":\"https:\\\/\\\/ejornais.com.br\\\/index.php\\\/2025\\\/02\\\/14\\\/reuniao-tecnica-discute-acoes-do-festival-de-verao-2025-que-acontecera-em-marco-agencia-de-noticias-do-governo-de-mato-grosso-do-sul\\\/#listItem\",\"position\":3,\"name\":\"Reuni\\u00e3o t\\u00e9cnica discute a\\u00e7\\u00f5es do Festival de Ver\\u00e3o 2025, que acontecer\\u00e1 em mar\\u00e7o \\u2013 Ag\\u00eancia de Noticias do Governo de Mato Grosso do Sul\",\"previousItem\":{\"@type\":\"ListItem\",\"@id\":\"https:\\\/\\\/ejornais.com.br\\\/index.php\\\/category\\\/ejornais\\\/#listItem\",\"name\":\"Cat\\u00e1logo de Jornais\"}}]},{\"@type\":\"Organization\",\"@id\":\"https:\\\/\\\/ejornais.com.br\\\/#organization\",\"name\":\"eJornais\",\"description\":\"Cat\\u00e1logo de Jornais no mundo, Not\\u00edcias, Blog e Esportes ao vivo\",\"url\":\"https:\\\/\\\/ejornais.com.br\\\/\"},{\"@type\":\"Person\",\"@id\":\"https:\\\/\\\/ejornais.com.br\\\/index.php\\\/author\\\/admin1\\\/#author\",\"url\":\"https:\\\/\\\/ejornais.com.br\\\/index.php\\\/author\\\/admin1\\\/\",\"name\":\"admin1\",\"image\":{\"@type\":\"ImageObject\",\"@id\":\"https:\\\/\\\/ejornais.com.br\\\/index.php\\\/2025\\\/02\\\/14\\\/reuniao-tecnica-discute-acoes-do-festival-de-verao-2025-que-acontecera-em-marco-agencia-de-noticias-do-governo-de-mato-grosso-do-sul\\\/#authorImage\",\"url\":\"https:\\\/\\\/secure.gravatar.com\\\/avatar\\\/04084e6d73c042b8646e7c17b494073bf0ede3ea13c7105cfc45cbbbc28385a4?s=96&d=mm&r=g\",\"width\":96,\"height\":96,\"caption\":\"admin1\"}},{\"@type\":\"WebPage\",\"@id\":\"https:\\\/\\\/ejornais.com.br\\\/index.php\\\/2025\\\/02\\\/14\\\/reuniao-tecnica-discute-acoes-do-festival-de-verao-2025-que-acontecera-em-marco-agencia-de-noticias-do-governo-de-mato-grosso-do-sul\\\/#webpage\",\"url\":\"https:\\\/\\\/ejornais.com.br\\\/index.php\\\/2025\\\/02\\\/14\\\/reuniao-tecnica-discute-acoes-do-festival-de-verao-2025-que-acontecera-em-marco-agencia-de-noticias-do-governo-de-mato-grosso-do-sul\\\/\",\"name\":\"Reuni\\u00e3o t\\u00e9cnica discute a\\u00e7\\u00f5es do Festival de Ver\\u00e3o 2025, que acontecer\\u00e1 em mar\\u00e7o \\u2013 Ag\\u00eancia de Noticias do Governo de Mato Grosso do Sul - eJornais\",\"description\":\"A Fundesporte (Funda\\u00e7\\u00e3o de Desporto e Lazer de Mato Grosso do Sul) ligada \\u00e0 Setesc (Secretaria de Estado de Turismo, Esporte e Cultura), realizou uma reuni\\u00e3o t\\u00e9cnica com os parceiros do Festival de Ver\\u00e3o que acontecer\\u00e1 no dia 9 de mar\\u00e7o no Parque das Na\\u00e7\\u00f5es Ind\\u00edgenas, em Campo Grande. O evento, que j\\u00e1 se consolidou\",\"inLanguage\":\"pt-BR\",\"isPartOf\":{\"@id\":\"https:\\\/\\\/ejornais.com.br\\\/#website\"},\"breadcrumb\":{\"@id\":\"https:\\\/\\\/ejornais.com.br\\\/index.php\\\/2025\\\/02\\\/14\\\/reuniao-tecnica-discute-acoes-do-festival-de-verao-2025-que-acontecera-em-marco-agencia-de-noticias-do-governo-de-mato-grosso-do-sul\\\/#breadcrumblist\"},\"author\":{\"@id\":\"https:\\\/\\\/ejornais.com.br\\\/index.php\\\/author\\\/admin1\\\/#author\"},\"creator\":{\"@id\":\"https:\\\/\\\/ejornais.com.br\\\/index.php\\\/author\\\/admin1\\\/#author\"},\"datePublished\":\"2025-02-14T10:22:22-03:00\",\"dateModified\":\"2025-02-14T10:22:22-03:00\"},{\"@type\":\"WebSite\",\"@id\":\"https:\\\/\\\/ejornais.com.br\\\/#website\",\"url\":\"https:\\\/\\\/ejornais.com.br\\\/\",\"name\":\"eJornais\",\"description\":\"Cat\\u00e1logo de Jornais no mundo, Not\\u00edcias, Blog e Esportes ao vivo\",\"inLanguage\":\"pt-BR\",\"publisher\":{\"@id\":\"https:\\\/\\\/ejornais.com.br\\\/#organization\"}}]}\n\t\t<\/script>\n\t\t<!-- All in One SEO -->\n\n","aioseo_head_json":{"title":"Reuni\u00e3o t\u00e9cnica discute a\u00e7\u00f5es do Festival de Ver\u00e3o 2025, que acontecer\u00e1 em mar\u00e7o \u2013 Ag\u00eancia de Noticias do Governo de Mato Grosso do Sul - eJornais","description":"A Fundesporte (Funda\u00e7\u00e3o de Desporto e Lazer de Mato Grosso do Sul) ligada \u00e0 Setesc (Secretaria de Estado de Turismo, Esporte e Cultura), realizou uma reuni\u00e3o t\u00e9cnica com os parceiros do Festival de Ver\u00e3o que acontecer\u00e1 no dia 9 de mar\u00e7o no Parque das Na\u00e7\u00f5es Ind\u00edgenas, em Campo Grande. O evento, que j\u00e1 se consolidou","canonical_url":"https:\/\/ejornais.com.br\/index.php\/2025\/02\/14\/reuniao-tecnica-discute-acoes-do-festival-de-verao-2025-que-acontecera-em-marco-agencia-de-noticias-do-governo-de-mato-grosso-do-sul\/","robots":"max-image-preview:large","keywords":"","webmasterTools":{"miscellaneous":""},"schema":{"@context":"https:\/\/schema.org","@graph":[{"@type":"BlogPosting","@id":"https:\/\/ejornais.com.br\/index.php\/2025\/02\/14\/reuniao-tecnica-discute-acoes-do-festival-de-verao-2025-que-acontecera-em-marco-agencia-de-noticias-do-governo-de-mato-grosso-do-sul\/#blogposting","name":"Reuni\u00e3o t\u00e9cnica discute a\u00e7\u00f5es do Festival de Ver\u00e3o 2025, que acontecer\u00e1 em mar\u00e7o \u2013 Ag\u00eancia de Noticias do Governo de Mato Grosso do Sul - eJornais","headline":"Reuni\u00e3o t\u00e9cnica discute a\u00e7\u00f5es do Festival de Ver\u00e3o 2025, que acontecer\u00e1 em mar\u00e7o \u2013 Ag\u00eancia de Noticias do Governo de Mato Grosso do Sul","author":{"@id":"https:\/\/ejornais.com.br\/index.php\/author\/admin1\/#author"},"publisher":{"@id":"https:\/\/ejornais.com.br\/#organization"},"datePublished":"2025-02-14T10:22:22-03:00","dateModified":"2025-02-14T10:22:22-03:00","inLanguage":"pt-BR","mainEntityOfPage":{"@id":"https:\/\/ejornais.com.br\/index.php\/2025\/02\/14\/reuniao-tecnica-discute-acoes-do-festival-de-verao-2025-que-acontecera-em-marco-agencia-de-noticias-do-governo-de-mato-grosso-do-sul\/#webpage"},"isPartOf":{"@id":"https:\/\/ejornais.com.br\/index.php\/2025\/02\/14\/reuniao-tecnica-discute-acoes-do-festival-de-verao-2025-que-acontecera-em-marco-agencia-de-noticias-do-governo-de-mato-grosso-do-sul\/#webpage"},"articleSection":"Cat\u00e1logo de Jornais"},{"@type":"BreadcrumbList","@id":"https:\/\/ejornais.com.br\/index.php\/2025\/02\/14\/reuniao-tecnica-discute-acoes-do-festival-de-verao-2025-que-acontecera-em-marco-agencia-de-noticias-do-governo-de-mato-grosso-do-sul\/#breadcrumblist","itemListElement":[{"@type":"ListItem","@id":"https:\/\/ejornais.com.br#listItem","position":1,"name":"In\u00edcio","item":"https:\/\/ejornais.com.br","nextItem":{"@type":"ListItem","@id":"https:\/\/ejornais.com.br\/index.php\/category\/ejornais\/#listItem","name":"Cat\u00e1logo de Jornais"}},{"@type":"ListItem","@id":"https:\/\/ejornais.com.br\/index.php\/category\/ejornais\/#listItem","position":2,"name":"Cat\u00e1logo de Jornais","item":"https:\/\/ejornais.com.br\/index.php\/category\/ejornais\/","nextItem":{"@type":"ListItem","@id":"https:\/\/ejornais.com.br\/index.php\/2025\/02\/14\/reuniao-tecnica-discute-acoes-do-festival-de-verao-2025-que-acontecera-em-marco-agencia-de-noticias-do-governo-de-mato-grosso-do-sul\/#listItem","name":"Reuni\u00e3o t\u00e9cnica discute a\u00e7\u00f5es do Festival de Ver\u00e3o 2025, que acontecer\u00e1 em mar\u00e7o \u2013 Ag\u00eancia de Noticias do Governo de Mato Grosso do Sul"},"previousItem":{"@type":"ListItem","@id":"https:\/\/ejornais.com.br#listItem","name":"In\u00edcio"}},{"@type":"ListItem","@id":"https:\/\/ejornais.com.br\/index.php\/2025\/02\/14\/reuniao-tecnica-discute-acoes-do-festival-de-verao-2025-que-acontecera-em-marco-agencia-de-noticias-do-governo-de-mato-grosso-do-sul\/#listItem","position":3,"name":"Reuni\u00e3o t\u00e9cnica discute a\u00e7\u00f5es do Festival de Ver\u00e3o 2025, que acontecer\u00e1 em mar\u00e7o \u2013 Ag\u00eancia de Noticias do Governo de Mato Grosso do Sul","previousItem":{"@type":"ListItem","@id":"https:\/\/ejornais.com.br\/index.php\/category\/ejornais\/#listItem","name":"Cat\u00e1logo de Jornais"}}]},{"@type":"Organization","@id":"https:\/\/ejornais.com.br\/#organization","name":"eJornais","description":"Cat\u00e1logo de Jornais no mundo, Not\u00edcias, Blog e Esportes ao vivo","url":"https:\/\/ejornais.com.br\/"},{"@type":"Person","@id":"https:\/\/ejornais.com.br\/index.php\/author\/admin1\/#author","url":"https:\/\/ejornais.com.br\/index.php\/author\/admin1\/","name":"admin1","image":{"@type":"ImageObject","@id":"https:\/\/ejornais.com.br\/index.php\/2025\/02\/14\/reuniao-tecnica-discute-acoes-do-festival-de-verao-2025-que-acontecera-em-marco-agencia-de-noticias-do-governo-de-mato-grosso-do-sul\/#authorImage","url":"https:\/\/secure.gravatar.com\/avatar\/04084e6d73c042b8646e7c17b494073bf0ede3ea13c7105cfc45cbbbc28385a4?s=96&d=mm&r=g","width":96,"height":96,"caption":"admin1"}},{"@type":"WebPage","@id":"https:\/\/ejornais.com.br\/index.php\/2025\/02\/14\/reuniao-tecnica-discute-acoes-do-festival-de-verao-2025-que-acontecera-em-marco-agencia-de-noticias-do-governo-de-mato-grosso-do-sul\/#webpage","url":"https:\/\/ejornais.com.br\/index.php\/2025\/02\/14\/reuniao-tecnica-discute-acoes-do-festival-de-verao-2025-que-acontecera-em-marco-agencia-de-noticias-do-governo-de-mato-grosso-do-sul\/","name":"Reuni\u00e3o t\u00e9cnica discute a\u00e7\u00f5es do Festival de Ver\u00e3o 2025, que acontecer\u00e1 em mar\u00e7o \u2013 Ag\u00eancia de Noticias do Governo de Mato Grosso do Sul - eJornais","description":"A Fundesporte (Funda\u00e7\u00e3o de Desporto e Lazer de Mato Grosso do Sul) ligada \u00e0 Setesc (Secretaria de Estado de Turismo, Esporte e Cultura), realizou uma reuni\u00e3o t\u00e9cnica com os parceiros do Festival de Ver\u00e3o que acontecer\u00e1 no dia 9 de mar\u00e7o no Parque das Na\u00e7\u00f5es Ind\u00edgenas, em Campo Grande. O evento, que j\u00e1 se consolidou","inLanguage":"pt-BR","isPartOf":{"@id":"https:\/\/ejornais.com.br\/#website"},"breadcrumb":{"@id":"https:\/\/ejornais.com.br\/index.php\/2025\/02\/14\/reuniao-tecnica-discute-acoes-do-festival-de-verao-2025-que-acontecera-em-marco-agencia-de-noticias-do-governo-de-mato-grosso-do-sul\/#breadcrumblist"},"author":{"@id":"https:\/\/ejornais.com.br\/index.php\/author\/admin1\/#author"},"creator":{"@id":"https:\/\/ejornais.com.br\/index.php\/author\/admin1\/#author"},"datePublished":"2025-02-14T10:22:22-03:00","dateModified":"2025-02-14T10:22:22-03:00"},{"@type":"WebSite","@id":"https:\/\/ejornais.com.br\/#website","url":"https:\/\/ejornais.com.br\/","name":"eJornais","description":"Cat\u00e1logo de Jornais no mundo, Not\u00edcias, Blog e Esportes ao vivo","inLanguage":"pt-BR","publisher":{"@id":"https:\/\/ejornais.com.br\/#organization"}}]},"og:locale":"pt_BR","og:site_name":"eJornais - Cat\u00e1logo de Jornais no mundo, Not\u00edcias, Blog e Esportes ao vivo","og:type":"article","og:title":"Reuni\u00e3o t\u00e9cnica discute a\u00e7\u00f5es do Festival de Ver\u00e3o 2025, que acontecer\u00e1 em mar\u00e7o \u2013 Ag\u00eancia de Noticias do Governo de Mato Grosso do Sul - eJornais","og:description":"A Fundesporte (Funda\u00e7\u00e3o de Desporto e Lazer de Mato Grosso do Sul) ligada \u00e0 Setesc (Secretaria de Estado de Turismo, Esporte e Cultura), realizou uma reuni\u00e3o t\u00e9cnica com os parceiros do Festival de Ver\u00e3o que acontecer\u00e1 no dia 9 de mar\u00e7o no Parque das Na\u00e7\u00f5es Ind\u00edgenas, em Campo Grande. O evento, que j\u00e1 se consolidou","og:url":"https:\/\/ejornais.com.br\/index.php\/2025\/02\/14\/reuniao-tecnica-discute-acoes-do-festival-de-verao-2025-que-acontecera-em-marco-agencia-de-noticias-do-governo-de-mato-grosso-do-sul\/","article:published_time":"2025-02-14T13:22:22+00:00","article:modified_time":"2025-02-14T13:22:22+00:00","twitter:card":"summary_large_image","twitter:title":"Reuni\u00e3o t\u00e9cnica discute a\u00e7\u00f5es do Festival de Ver\u00e3o 2025, que acontecer\u00e1 em mar\u00e7o \u2013 Ag\u00eancia de Noticias do Governo de Mato Grosso do Sul - eJornais","twitter:description":"A Fundesporte (Funda\u00e7\u00e3o de Desporto e Lazer de Mato Grosso do Sul) ligada \u00e0 Setesc (Secretaria de Estado de Turismo, Esporte e Cultura), realizou uma reuni\u00e3o t\u00e9cnica com os parceiros do Festival de Ver\u00e3o que acontecer\u00e1 no dia 9 de mar\u00e7o no Parque das Na\u00e7\u00f5es Ind\u00edgenas, em Campo Grande. O evento, que j\u00e1 se consolidou"},"aioseo_meta_data":{"post_id":"39447","title":null,"description":null,"keywords":null,"keyphrases":null,"primary_term":null,"canonical_url":null,"og_title":null,"og_description":null,"og_object_type":"default","og_image_type":"default","og_image_url":null,"og_image_width":null,"og_image_height":null,"og_image_custom_url":null,"og_image_custom_fields":null,"og_video":null,"og_custom_url":null,"og_article_section":null,"og_article_tags":null,"twitter_use_og":false,"twitter_card":"default","twitter_image_type":"default","twitter_image_url":null,"twitter_image_custom_url":null,"twitter_image_custom_fields":null,"twitter_title":null,"twitter_description":null,"schema":{"blockGraphs":[],"customGraphs":[],"default":{"data":{"Article":[],"Course":[],"Dataset":[],"FAQPage":[],"Movie":[],"Person":[],"Product":[],"ProductReview":[],"Car":[],"Recipe":[],"Service":[],"SoftwareApplication":[],"WebPage":[]},"graphName":"","isEnabled":true},"graphs":[]},"schema_type":"default","schema_type_options":null,"pillar_content":false,"robots_default":true,"robots_noindex":false,"robots_noarchive":false,"robots_nosnippet":false,"robots_nofollow":false,"robots_noimageindex":false,"robots_noodp":false,"robots_notranslate":false,"robots_max_snippet":null,"robots_max_videopreview":null,"robots_max_imagepreview":"large","priority":null,"frequency":null,"local_seo":null,"breadcrumb_settings":null,"limit_modified_date":false,"ai":null,"created":"2025-02-14 13:27:40","updated":"2025-06-06 10:58:37","seo_analyzer_scan_date":null,"focus_keyword":null,"additional_keywords":null,"truseo_locale":null},"aioseo_breadcrumb":"<div class=\"aioseo-breadcrumbs\"><span class=\"aioseo-breadcrumb\">\n\t\t\t<a href=\"https:\/\/ejornais.com.br\" title=\"In\u00edcio\">In\u00edcio<\/a>\n\t\t<\/span><span class=\"aioseo-breadcrumb-separator\">&raquo;<\/span><span class=\"aioseo-breadcrumb\">\n\t\t\t<a href=\"https:\/\/ejornais.com.br\/index.php\/category\/ejornais\/\" title=\"Cat\u00e1logo de Jornais\">Cat\u00e1logo de Jornais<\/a>\n\t\t<\/span><span class=\"aioseo-breadcrumb-separator\">&raquo;<\/span><span class=\"aioseo-breadcrumb\">\n\t\t\tReuni\u00e3o t\u00e9cnica discute a\u00e7\u00f5es do Festival de Ver\u00e3o 2025, que acontecer\u00e1 em mar\u00e7o \u2013 Ag\u00eancia de Noticias do Governo de Mato Grosso do Sul\n\t\t<\/span><\/div>","aioseo_breadcrumb_json":[{"label":"In\u00edcio","link":"https:\/\/ejornais.com.br"},{"label":"Cat\u00e1logo de Jornais","link":"https:\/\/ejornais.com.br\/index.php\/category\/ejornais\/"},{"label":"Reuni\u00e3o t\u00e9cnica discute a\u00e7\u00f5es do Festival de Ver\u00e3o 2025, que acontecer\u00e1 em mar\u00e7o \u2013 Ag\u00eancia de Noticias do Governo de Mato Grosso do Sul","link":"https:\/\/ejornais.com.br\/index.php\/2025\/02\/14\/reuniao-tecnica-discute-acoes-do-festival-de-verao-2025-que-acontecera-em-marco-agencia-de-noticias-do-governo-de-mato-grosso-do-sul\/"}],"amp_enabled":true,"_links":{"self":[{"href":"https:\/\/ejornais.com.br\/index.php\/wp-json\/wp\/v2\/posts\/39447","targetHints":{"allow":["GET"]}}],"collection":[{"href":"https:\/\/ejornais.com.br\/index.php\/wp-json\/wp\/v2\/posts"}],"about":[{"href":"https:\/\/ejornais.com.br\/index.php\/wp-json\/wp\/v2\/types\/post"}],"author":[{"embeddable":true,"href":"https:\/\/ejornais.com.br\/index.php\/wp-json\/wp\/v2\/users\/2"}],"replies":[{"embeddable":true,"href":"https:\/\/ejornais.com.br\/index.php\/wp-json\/wp\/v2\/comments?post=39447"}],"version-history":[{"count":0,"href":"https:\/\/ejornais.com.br\/index.php\/wp-json\/wp\/v2\/posts\/39447\/revisions"}],"wp:attachment":[{"href":"https:\/\/ejornais.com.br\/index.php\/wp-json\/wp\/v2\/media?parent=39447"}],"wp:term":[{"taxonomy":"category","embeddable":true,"href":"https:\/\/ejornais.com.br\/index.php\/wp-json\/wp\/v2\/categories?post=39447"},{"taxonomy":"post_tag","embeddable":true,"href":"https:\/\/ejornais.com.br\/index.php\/wp-json\/wp\/v2\/tags?post=39447"}],"curies":[{"name":"wp","href":"https:\/\/api.w.org\/{rel}","templated":true}]}}