{"id":39458,"date":"2025-02-14T13:36:20","date_gmt":"2025-02-14T16:36:20","guid":{"rendered":"https:\/\/ejornais.com.br\/index.php\/2025\/02\/14\/sessao-da-tarde-exibe-hoje-sexta-14-02-na-globo-minha-mae-e-uma-peca-o-filme-que-horas-comeca-sinopse\/"},"modified":"2025-02-14T13:36:20","modified_gmt":"2025-02-14T16:36:20","slug":"sessao-da-tarde-exibe-hoje-sexta-14-02-na-globo-minha-mae-e-uma-peca-o-filme-que-horas-comeca-sinopse","status":"publish","type":"post","link":"https:\/\/ejornais.com.br\/index.php\/2025\/02\/14\/sessao-da-tarde-exibe-hoje-sexta-14-02-na-globo-minha-mae-e-uma-peca-o-filme-que-horas-comeca-sinopse\/","title":{"rendered":"Sess\u00e3o da Tarde exibe Hoje Sexta (14\/02) na Globo, Minha M\u00e3e \u00c9 uma Pe\u00e7a O Filme, QUE HORAS COME\u00c7A, Sinopse"},"content":{"rendered":"<p> Por MRNews<br \/>\n<\/p>\n<div wp_automatic_readability=\"82.374057315234\">\n<p>COnfira a programa\u00e7\u00e3o da Globo\u00a0 <strong>hoje, 14\/02\/<\/strong><strong>2024 e que horas come\u00e7am os filmes de hoje.\u00a0<\/strong><\/p>\n<div wp_automatic_readability=\"22.302728453876\">\n<h3><strong>Programa\u00e7\u00e3o da TV Globo S\u00e3o Paulo \u2013 Sexta-feira, 14 de fevereiro de 2025<\/strong><\/h3>\n<p>Confira a programa\u00e7\u00e3o completa da <strong>TV Globo S\u00e3o Paulo<\/strong> para esta sexta-feira, com destaque para a <strong>Sess\u00e3o da Tarde<\/strong> e o <strong>Coruj\u00e3o I<\/strong>, que trazem grandes filmes nacionais.<\/p>\n<hr\/>\n<h3><strong>Programa\u00e7\u00e3o \u2013 Sexta-feira (14\/02\/2025)<\/strong><\/h3>\n<p><em>(Hor\u00e1rios de Bras\u00edlia)<\/em><\/p>\n<ul>\n<li><strong>15h30 \u2013 Sess\u00e3o da Tarde<\/strong><br \/><strong>Filme:<\/strong> <em>Minha M\u00e3e \u00c9 uma Pe\u00e7a \u2013 O Filme (2012)<\/em><br \/><strong>G\u00eanero:<\/strong> Com\u00e9dia<br \/><strong>Sinopse:<\/strong> Dona Herm\u00ednia (Paulo Gustavo) \u00e9 uma m\u00e3e superprotetora e divorciada que vive pegando no p\u00e9 dos filhos. Quando descobre que eles a consideram uma chata, decide sair de casa sem avisar ningu\u00e9m, deixando todos preocupados. Durante esse tempo, relembra momentos importantes de sua vida e percebe o verdadeiro valor da fam\u00edlia.<\/li>\n<li><strong>02h15 \u2013 Coruj\u00e3o I<\/strong><br \/><strong>Filme:<\/strong> <em>Verlust (2019)<\/em><br \/><strong>G\u00eanero:<\/strong> Drama<br \/><strong>Sinopse:<\/strong> Frederica (Andrea Beltr\u00e3o), uma renomada empres\u00e1ria musical, organiza uma festa na praia enquanto lida com a crise em seu casamento. Al\u00e9m disso, precisa administrar a carreira de uma cantora \u00edcone pop. Em meio a segredos e reviravoltas, sua vida pessoal e profissional entram em conflito, levando-a a questionar suas escolhas.<\/li>\n<\/ul>\n<hr\/>\n<h3><strong>Destaques da Programa\u00e7\u00e3o<\/strong><\/h3>\n<p>Al\u00e9m dos filmes, a <strong>TV Globo S\u00e3o Paulo<\/strong> traz uma programa\u00e7\u00e3o variada ao longo do dia, com jornalismo, entretenimento e reality shows.<\/p>\n<p><strong>Outros programas do dia incluem:<\/strong><\/p>\n<ul>\n<li><strong>04h00 \u2013 Coruj\u00e3o II \u2013 Para Garotas de Cor<\/strong><\/li>\n<li><strong>06h00 \u2013 Globo Rural<\/strong><\/li>\n<li><strong>06h50 \u2013 Bom Dia S\u00e1bado<\/strong><\/li>\n<li><strong>07h50 \u2013 Pequenas Empresas &amp; Grandes Neg\u00f3cios<\/strong><\/li>\n<li><strong>08h30 \u2013 \u00c9 de Casa<\/strong><\/li>\n<li><strong>11h45 \u2013 SP1<\/strong><\/li>\n<li><strong>13h00 \u2013 Globo Esporte<\/strong><\/li>\n<li><strong>13h25 \u2013 Jornal Hoje<\/strong><\/li>\n<li><strong>14h05 \u2013 Edi\u00e7\u00e3o Especial \u2013 Hist\u00f3ria de Amor<\/strong><\/li>\n<li><strong>14h35 \u2013 Sess\u00e3o de S\u00e1bado \u2013 As Panteras<\/strong><\/li>\n<li><strong>16h10 \u2013 Caldeir\u00e3o Com Mion<\/strong><\/li>\n<li><strong>18h30 \u2013 Garota do Momento<\/strong><\/li>\n<li><strong>19h05 \u2013 SP2<\/strong><\/li>\n<li><strong>19h25 \u2013 Volta Por Cima<\/strong><\/li>\n<li><strong>20h00 \u2013 Jornal Nacional<\/strong><\/li>\n<li><strong>20h40 \u2013 Mania de Voc\u00ea<\/strong><\/li>\n<li><strong>21h40 \u2013 Big Brother Brasil 25<\/strong><\/li>\n<li><strong>22h10 \u2013 Altas Horas<\/strong><\/li>\n<li><strong>00h00 \u2013 Supercine \u2013 Sex And The City: O Filme<\/strong><\/li>\n<li><strong>02h20 \u2013 Volta Por Cima<\/strong><\/li>\n<li><strong>02h50 \u2013 Coruj\u00e3o I \u2013 O Roqueiro<\/strong><\/li>\n<\/ul>\n<p>Para mais detalhes, acesse os portais da Globo:<\/p>\n<ul>\n<li><a href=\"https:\/\/g1.globo.com\/\">G1<\/a> \u2013 Not\u00edcias atualizadas<\/li>\n<li><a href=\"https:\/\/ge.globo.com\/\">ge<\/a> \u2013 Esportes<\/li>\n<li><a href=\"https:\/\/gshow.globo.com\/\">gshow<\/a> \u2013 Entretenimento e TV<\/li>\n<li><a href=\"https:\/\/globoplay.globo.com\/\">Globoplay<\/a> \u2013 Streaming de conte\u00fado Globo<\/li>\n<li><a href=\"https:\/\/memoriaglobo.globo.com\/\">Mem\u00f3ria Globo<\/a> \u2013 Arquivo hist\u00f3rico da emissora<\/li>\n<\/ul>\n<p>Acompanhe a <strong>TV Globo S\u00e3o Paulo<\/strong> e n\u00e3o perca nenhum detalhe da programa\u00e7\u00e3o!<\/p>\n<\/div>\n<h3><strong>Filmes da Sess\u00e3o da Tarde e Coruj\u00e3o I \u2013 Sexta-feira, 14 de fevereiro de 2025<\/strong><\/h3>\n<p>A programa\u00e7\u00e3o da TV Globo para sexta-feira, 14 de fevereiro de 2025, promete entreter os telespectadores com grandes produ\u00e7\u00f5es nacionais. Na <strong>Sess\u00e3o da Tarde<\/strong>, um dos maiores sucessos do cinema brasileiro traz humor e emo\u00e7\u00e3o, enquanto no <strong>Coruj\u00e3o I<\/strong>, um drama intenso e reflexivo fecha a noite.<\/p>\n<hr\/>\n<h3><strong>Sess\u00e3o da Tarde \u2013 Minha M\u00e3e \u00c9 uma Pe\u00e7a \u2013 O Filme (2012)<\/strong><\/h3>\n<p><strong>Hor\u00e1rio:<\/strong> 15h30 (hor\u00e1rio de Bras\u00edlia)<br \/><strong>Dire\u00e7\u00e3o:<\/strong> Andr\u00e9 Pellenz<br \/><strong>Elenco:<\/strong> Paulo Gustavo, Mariana Xavier, Rodrigo Pandolfo, Ingrid Guimar\u00e3es, Herson Capri, Alexandra Richter, Suely Franco, Samantha Schm\u00fctz<br \/><strong>G\u00eanero:<\/strong> Com\u00e9dia<\/p>\n<p>Na divertida com\u00e9dia estrelada por Paulo Gustavo, conhecemos <strong>Dona Herm\u00ednia<\/strong>, uma m\u00e3e superprotetora e hil\u00e1ria que n\u00e3o desgruda dos filhos. Ap\u00f3s ouvir uma conversa em que eles a chamam de chata, ela decide dar um tempo e sai de casa sem avisar ningu\u00e9m. Durante essa fuga, ela relembra momentos do passado e reflete sobre sua rela\u00e7\u00e3o com a fam\u00edlia.<\/p>\n<p><strong>Por que assistir?<\/strong><\/p>\n<ul>\n<li>Sucesso absoluto nos cinemas, o filme rendeu duas sequ\u00eancias e conquistou o p\u00fablico com o carisma e talento inesquec\u00edvel de Paulo Gustavo.<\/li>\n<li>Roteiro repleto de humor e emo\u00e7\u00e3o, que reflete o dia a dia das fam\u00edlias brasileiras.<\/li>\n<\/ul>\n<hr\/>\n<h3><strong>Coruj\u00e3o I \u2013 Verlust (2019)<\/strong><\/h3>\n<p><strong>Hor\u00e1rio:<\/strong> 2h15 (hor\u00e1rio de Bras\u00edlia)<br \/><strong>Dire\u00e7\u00e3o:<\/strong> Esmir Filho<br \/><strong>Elenco:<\/strong> Alfredo Castro, Andrea Beltr\u00e3o, Ismael Caneppele, Marina Lima<br \/><strong>G\u00eanero:<\/strong> Drama<\/p>\n<p>Este intenso drama brasileiro acompanha a vida de <strong>Frederica<\/strong>, uma empres\u00e1ria musical que organiza uma grande festa na praia enquanto enfrenta crises no casamento. Al\u00e9m dos desafios pessoais, ela precisa lidar com a carreira de uma cantora \u00edcone pop. Em meio ao caos, segredos v\u00eam \u00e0 tona, e Frederica se v\u00ea dividida entre suas escolhas e emo\u00e7\u00f5es.<\/p>\n<p><strong>Por que assistir?<\/strong><\/p>\n<ul>\n<li>Filme com uma abordagem sens\u00edvel sobre rela\u00e7\u00f5es humanas e os desafios da fama.<\/li>\n<li>Atua\u00e7\u00f5es marcantes, com destaque para Andrea Beltr\u00e3o em um papel forte e dram\u00e1tico.<\/li>\n<\/ul>\n<hr\/>\n<p>Com essa programa\u00e7\u00e3o diversificada, a <strong>TV Globo<\/strong> traz uma sexta-feira com muito entretenimento. Para quem busca uma com\u00e9dia leve e cheia de risadas, <strong>Minha M\u00e3e \u00c9 uma Pe\u00e7a \u2013 O Filme<\/strong> \u00e9 a escolha perfeita. J\u00e1 os f\u00e3s de dramas reflexivos podem conferir <strong>Verlust<\/strong> no Coruj\u00e3o.<\/p>\n<p>Fique ligado e aproveite!<\/p>\n<p><!-- CONTENT END 2 --><\/p><\/div>\n","protected":false},"excerpt":{"rendered":"<p>Por MRNews COnfira a programa\u00e7\u00e3o da Globo\u00a0 hoje, 14\/02\/2024 e que horas come\u00e7am os filmes de hoje.\u00a0 Programa\u00e7\u00e3o da TV<\/p>\n","protected":false},"author":2,"featured_media":0,"comment_status":"","ping_status":"","sticky":false,"template":"","format":"standard","meta":{"colormag_page_container_layout":"default_layout","colormag_page_sidebar_layout":"default_layout","footnotes":""},"categories":[1],"tags":[],"class_list":["post-39458","post","type-post","status-publish","format-standard","hentry","category-ejornais"],"aioseo_notices":[],"amp_enabled":true,"_links":{"self":[{"href":"https:\/\/ejornais.com.br\/index.php\/wp-json\/wp\/v2\/posts\/39458","targetHints":{"allow":["GET"]}}],"collection":[{"href":"https:\/\/ejornais.com.br\/index.php\/wp-json\/wp\/v2\/posts"}],"about":[{"href":"https:\/\/ejornais.com.br\/index.php\/wp-json\/wp\/v2\/types\/post"}],"author":[{"embeddable":true,"href":"https:\/\/ejornais.com.br\/index.php\/wp-json\/wp\/v2\/users\/2"}],"replies":[{"embeddable":true,"href":"https:\/\/ejornais.com.br\/index.php\/wp-json\/wp\/v2\/comments?post=39458"}],"version-history":[{"count":0,"href":"https:\/\/ejornais.com.br\/index.php\/wp-json\/wp\/v2\/posts\/39458\/revisions"}],"wp:attachment":[{"href":"https:\/\/ejornais.com.br\/index.php\/wp-json\/wp\/v2\/media?parent=39458"}],"wp:term":[{"taxonomy":"category","embeddable":true,"href":"https:\/\/ejornais.com.br\/index.php\/wp-json\/wp\/v2\/categories?post=39458"},{"taxonomy":"post_tag","embeddable":true,"href":"https:\/\/ejornais.com.br\/index.php\/wp-json\/wp\/v2\/tags?post=39458"}],"curies":[{"name":"wp","href":"https:\/\/api.w.org\/{rel}","templated":true}]}}