{"id":39642,"date":"2025-02-18T08:23:11","date_gmt":"2025-02-18T11:23:11","guid":{"rendered":"https:\/\/ejornais.com.br\/index.php\/2025\/02\/18\/programa-convoca-todos-os-estudantes-do-cadastro-de-reserva-agencia-de-noticias-do-governo-de-mato-grosso-do-sul\/"},"modified":"2025-02-18T08:23:11","modified_gmt":"2025-02-18T11:23:11","slug":"programa-convoca-todos-os-estudantes-do-cadastro-de-reserva-agencia-de-noticias-do-governo-de-mato-grosso-do-sul","status":"publish","type":"post","link":"https:\/\/ejornais.com.br\/index.php\/2025\/02\/18\/programa-convoca-todos-os-estudantes-do-cadastro-de-reserva-agencia-de-noticias-do-governo-de-mato-grosso-do-sul\/","title":{"rendered":"programa convoca todos os estudantes do cadastro de reserva \u2013 Ag\u00eancia de Noticias do Governo de Mato Grosso do Sul"},"content":{"rendered":"<p><\/p>\n<div>\n<p style=\"text-align: center;\"><em>Gabriela conseguiu cursar Medicina na UFMS gra\u00e7as ao programa MS Supera<\/em><\/p>\n<p dir=\"ltr\">O Governo de Mato Grosso do Sul est\u00e1 convocando todos os estudantes do cadastro de reserva do\u00a0 MS Supera. S\u00e3o 154 novos bolsistas que poder\u00e3o assinar o Termo de Concess\u00e3o do Benef\u00edcio a partir de ter\u00e7a-feira (18), \u00e0s 7h30, por meio da internet. A rela\u00e7\u00e3o dos novos benefici\u00e1rios pode ser conferida em <span style=\"color: #0000ff;\">https:\/\/www.sead.ms.gov.br\/<wbr>programa-ms-supera\/<\/wbr><\/span>.<b\/><\/p>\n<p dir=\"ltr\">Eles v\u00e3o substituir os 174 bolsistas que deixaram o programa por terem conclu\u00eddo os estudos com esse apoio do Governo de Mato Grosso do Sul, al\u00e9m dos quatro desistentes e seis que foram desligados por descumprimento das regras.\u00a0<b\/><\/p>\n<p dir=\"ltr\">O programa da Sead (Secretaria de Estado da Assist\u00eancia Social e dos Direitos Humanos) concede o benef\u00edcio mensal de um sal\u00e1rio m\u00ednimo como forma de estimular a perman\u00eancia dos alunos nos cursos universit\u00e1rios e de educa\u00e7\u00e3o profissional t\u00e9cnica, sejam de institui\u00e7\u00f5es p\u00fablicas ou privadas, e reduzir a evas\u00e3o escolar.<\/p>\n<p dir=\"ltr\"><span style=\"color: #0000ff;\"><span style=\"color: #000080;\"><strong>MAIS:<\/strong> <\/span>MS Supera: programa social ajuda bolsista a realizar sonho de fazer medicina na UFMS<\/span><b\/><\/p>\n<p dir=\"ltr\"><strong>Passo a passo<\/strong><b\/><\/p>\n<p dir=\"ltr\">A partir de ter\u00e7a-feira (18), os novos bolsistas poder\u00e3o assinar o Termo de Concess\u00e3o do Benef\u00edcio e nem precisam sair de casa. Para assinar o documento, o aluno deve acessar a p\u00e1gina do Sistema MS Supera\/Cadastro do Estudante, no endere\u00e7o <span style=\"color: #0000ff;\">https:\/\/www.mssupera.ms.gov.<wbr>br\/<\/wbr><\/span>. O termo ficar\u00e1 dispon\u00edvel at\u00e9 o dia 24 de fevereiro, \u00e0s 23h59.<b\/><\/p>\n<p dir=\"ltr\">Em seguida, o candidato dever\u00e1 conferir os dados pessoais constantes no Termo de Concess\u00e3o de Benef\u00edcio, assinar no campo discriminado utilizando, preferencialmente, a ferramenta de assinatura <span style=\"color: #0000ff;\">GOV.BR<\/span>, e anexar novamente o Termo de Concess\u00e3o de Benef\u00edcio, assinado, at\u00e9 o dia 24 de fevereiro de 2025.<b\/><\/p>\n<p dir=\"ltr\">No caso de estudantes menores de idade, o Termo de Concess\u00e3o do Benef\u00edcio deve ser assinado tamb\u00e9m pelo pai, m\u00e3e ou respons\u00e1vel legal, no campo pr\u00f3prio indicado, utilizando, preferencialmente, a mesma ferramenta de assinatura <span style=\"color: #000000;\">GOV.BR<\/span>.<b\/><\/p>\n<p dir=\"ltr\">Como o pagamento do estudante \u00e9 por Pix, \u00e9 importante que o estudante confira se o n\u00famero do CPF est\u00e1 correto. Quem n\u00e3o preencher e enviar corretamente o documento ser\u00e1 considerado desistente da vaga.<b\/><\/p>\n<p dir=\"ltr\"><strong>Pagamento<\/strong><b\/><\/p>\n<p dir=\"ltr\">O primeiro benef\u00edcio para os novos bolsistas \u00e9 pago at\u00e9 5 dias \u00fateis ap\u00f3s o final do prazo para as assinaturas do Termo de Concess\u00e3o. As outras parcelas s\u00e3o pagas at\u00e9 o dia 10 de cada m\u00eas.<b\/><\/p>\n<p dir=\"ltr\"><strong>Servi\u00e7o<\/strong><b\/><\/p>\n<p dir=\"ltr\">Para quem quiser mais informa\u00e7\u00f5es sobre o programa, a Supes (Superintend\u00eancia de Programas Sociais Estruturantes) fica na Rua 14 de Julho, 1269, no Centro de Campo Grande. O WhatsApp do MS Supera \u00e9 o (67) 3314-4846, os telefones s\u00e3o (67) 3368-9044, 3368-9045 e 3368-9052 e o e-mail \u00e9 <span style=\"color: #0000ff;\">mssupera@sead.ms.gov.br<\/span>.<b\/><\/p>\n<p dir=\"ltr\"><em>Paulo Fernandes, Comunica\u00e7\u00e3o Sead<\/em><br \/><em>Foto: Felipe Queiroz\/UEMS<\/em><\/p>\n<p dir=\"ltr\">&#8212;<br \/><strong>Relacionada:<\/strong><\/p>\n<blockquote class=\"wp-embedded-content\" data-secret=\"pETex9xjWO\">\n<p>MS Supera: governo amplia vagas do benef\u00edcio que atende estudantes de baixa renda<\/p>\n<\/blockquote>\n<p><iframe loading=\"lazy\" class=\"wp-embedded-content\" sandbox=\"allow-scripts\" security=\"restricted\" style=\"position: absolute; visibility: hidden;\" title=\"\u201cMS Supera: governo amplia vagas do benef\u00edcio que atende estudantes de baixa renda\u201d \u2014 Ag\u00eancia de Noticias do Governo de Mato Grosso do Sul\" src=\"https:\/\/agenciadenoticias.ms.gov.br\/ms-supera-governo-amplia-vagas-do-beneficio-que-atende-estudantes-de-baixa-renda\/embed\/#?secret=kgqwNMzpAJ#?secret=pETex9xjWO\" data-secret=\"pETex9xjWO\" width=\"500\" height=\"282\" frameborder=\"0\" marginwidth=\"0\" marginheight=\"0\" scrolling=\"no\"><\/iframe><\/p>\n<\/div>\n","protected":false},"excerpt":{"rendered":"<p>Gabriela conseguiu cursar Medicina na UFMS gra\u00e7as ao programa MS Supera O Governo de Mato Grosso do Sul est\u00e1 convocando<\/p>\n","protected":false},"author":2,"featured_media":0,"comment_status":"","ping_status":"","sticky":false,"template":"","format":"standard","meta":{"colormag_page_container_layout":"default_layout","colormag_page_sidebar_layout":"default_layout","footnotes":""},"categories":[1],"tags":[],"class_list":["post-39642","post","type-post","status-publish","format-standard","hentry","category-ejornais"],"aioseo_notices":[],"aioseo_head":"\n\t\t<!-- All in One SEO 5.0.1.1 - aioseo.com -->\n\t<meta name=\"description\" content=\"Gabriela conseguiu cursar Medicina na UFMS gra\u00e7as ao programa MS Supera O Governo de Mato Grosso do Sul est\u00e1 convocando todos os estudantes do cadastro de reserva do MS Supera. S\u00e3o 154 novos bolsistas que poder\u00e3o assinar o Termo de Concess\u00e3o do Benef\u00edcio a partir de ter\u00e7a-feira (18), \u00e0s 7h30, por meio da internet. A\" \/>\n\t<meta name=\"robots\" content=\"max-image-preview:large\" \/>\n\t<meta name=\"author\" content=\"admin1\"\/>\n\t<link rel=\"canonical\" href=\"https:\/\/ejornais.com.br\/index.php\/2025\/02\/18\/programa-convoca-todos-os-estudantes-do-cadastro-de-reserva-agencia-de-noticias-do-governo-de-mato-grosso-do-sul\/\" \/>\n\t<meta name=\"generator\" content=\"All in One SEO (AIOSEO) 5.0.1.1\" \/>\n\t\t<meta property=\"og:locale\" content=\"pt_BR\" \/>\n\t\t<meta property=\"og:site_name\" content=\"eJornais - Cat\u00e1logo de Jornais no mundo, Not\u00edcias, Blog e Esportes ao vivo\" \/>\n\t\t<meta property=\"og:type\" content=\"article\" \/>\n\t\t<meta property=\"og:title\" content=\"programa convoca todos os estudantes do cadastro de reserva \u2013 Ag\u00eancia de Noticias do Governo de Mato Grosso do Sul - eJornais\" \/>\n\t\t<meta property=\"og:description\" content=\"Gabriela conseguiu cursar Medicina na UFMS gra\u00e7as ao programa MS Supera O Governo de Mato Grosso do Sul est\u00e1 convocando todos os estudantes do cadastro de reserva do MS Supera. S\u00e3o 154 novos bolsistas que poder\u00e3o assinar o Termo de Concess\u00e3o do Benef\u00edcio a partir de ter\u00e7a-feira (18), \u00e0s 7h30, por meio da internet. A\" \/>\n\t\t<meta property=\"og:url\" content=\"https:\/\/ejornais.com.br\/index.php\/2025\/02\/18\/programa-convoca-todos-os-estudantes-do-cadastro-de-reserva-agencia-de-noticias-do-governo-de-mato-grosso-do-sul\/\" \/>\n\t\t<meta property=\"article:published_time\" content=\"2025-02-18T11:23:11+00:00\" \/>\n\t\t<meta property=\"article:modified_time\" content=\"2025-02-18T11:23:11+00:00\" \/>\n\t\t<meta name=\"twitter:card\" content=\"summary_large_image\" \/>\n\t\t<meta name=\"twitter:title\" content=\"programa convoca todos os estudantes do cadastro de reserva \u2013 Ag\u00eancia de Noticias do Governo de Mato Grosso do Sul - eJornais\" \/>\n\t\t<meta name=\"twitter:description\" content=\"Gabriela conseguiu cursar Medicina na UFMS gra\u00e7as ao programa MS Supera O Governo de Mato Grosso do Sul est\u00e1 convocando todos os estudantes do cadastro de reserva do MS Supera. S\u00e3o 154 novos bolsistas que poder\u00e3o assinar o Termo de Concess\u00e3o do Benef\u00edcio a partir de ter\u00e7a-feira (18), \u00e0s 7h30, por meio da internet. A\" \/>\n\t\t<script type=\"application\/ld+json\" class=\"aioseo-schema\">\n\t\t\t{\"@context\":\"https:\\\/\\\/schema.org\",\"@graph\":[{\"@type\":\"BlogPosting\",\"@id\":\"https:\\\/\\\/ejornais.com.br\\\/index.php\\\/2025\\\/02\\\/18\\\/programa-convoca-todos-os-estudantes-do-cadastro-de-reserva-agencia-de-noticias-do-governo-de-mato-grosso-do-sul\\\/#blogposting\",\"name\":\"programa convoca todos os estudantes do cadastro de reserva \\u2013 Ag\\u00eancia de Noticias do Governo de Mato Grosso do Sul - eJornais\",\"headline\":\"programa convoca todos os estudantes do cadastro de reserva \\u2013 Ag\\u00eancia de Noticias do Governo de Mato Grosso do Sul\",\"author\":{\"@id\":\"https:\\\/\\\/ejornais.com.br\\\/index.php\\\/author\\\/admin1\\\/#author\"},\"publisher\":{\"@id\":\"https:\\\/\\\/ejornais.com.br\\\/#organization\"},\"datePublished\":\"2025-02-18T08:23:11-03:00\",\"dateModified\":\"2025-02-18T08:23:11-03:00\",\"inLanguage\":\"pt-BR\",\"mainEntityOfPage\":{\"@id\":\"https:\\\/\\\/ejornais.com.br\\\/index.php\\\/2025\\\/02\\\/18\\\/programa-convoca-todos-os-estudantes-do-cadastro-de-reserva-agencia-de-noticias-do-governo-de-mato-grosso-do-sul\\\/#webpage\"},\"isPartOf\":{\"@id\":\"https:\\\/\\\/ejornais.com.br\\\/index.php\\\/2025\\\/02\\\/18\\\/programa-convoca-todos-os-estudantes-do-cadastro-de-reserva-agencia-de-noticias-do-governo-de-mato-grosso-do-sul\\\/#webpage\"},\"articleSection\":\"Cat\\u00e1logo de Jornais\"},{\"@type\":\"BreadcrumbList\",\"@id\":\"https:\\\/\\\/ejornais.com.br\\\/index.php\\\/2025\\\/02\\\/18\\\/programa-convoca-todos-os-estudantes-do-cadastro-de-reserva-agencia-de-noticias-do-governo-de-mato-grosso-do-sul\\\/#breadcrumblist\",\"itemListElement\":[{\"@type\":\"ListItem\",\"@id\":\"https:\\\/\\\/ejornais.com.br#listItem\",\"position\":1,\"name\":\"In\\u00edcio\",\"item\":\"https:\\\/\\\/ejornais.com.br\",\"nextItem\":{\"@type\":\"ListItem\",\"@id\":\"https:\\\/\\\/ejornais.com.br\\\/index.php\\\/category\\\/ejornais\\\/#listItem\",\"name\":\"Cat\\u00e1logo de Jornais\"}},{\"@type\":\"ListItem\",\"@id\":\"https:\\\/\\\/ejornais.com.br\\\/index.php\\\/category\\\/ejornais\\\/#listItem\",\"position\":2,\"name\":\"Cat\\u00e1logo de Jornais\",\"item\":\"https:\\\/\\\/ejornais.com.br\\\/index.php\\\/category\\\/ejornais\\\/\",\"nextItem\":{\"@type\":\"ListItem\",\"@id\":\"https:\\\/\\\/ejornais.com.br\\\/index.php\\\/2025\\\/02\\\/18\\\/programa-convoca-todos-os-estudantes-do-cadastro-de-reserva-agencia-de-noticias-do-governo-de-mato-grosso-do-sul\\\/#listItem\",\"name\":\"programa convoca todos os estudantes do cadastro de reserva \\u2013 Ag\\u00eancia de Noticias do Governo de Mato Grosso do Sul\"},\"previousItem\":{\"@type\":\"ListItem\",\"@id\":\"https:\\\/\\\/ejornais.com.br#listItem\",\"name\":\"In\\u00edcio\"}},{\"@type\":\"ListItem\",\"@id\":\"https:\\\/\\\/ejornais.com.br\\\/index.php\\\/2025\\\/02\\\/18\\\/programa-convoca-todos-os-estudantes-do-cadastro-de-reserva-agencia-de-noticias-do-governo-de-mato-grosso-do-sul\\\/#listItem\",\"position\":3,\"name\":\"programa convoca todos os estudantes do cadastro de reserva \\u2013 Ag\\u00eancia de Noticias do Governo de Mato Grosso do Sul\",\"previousItem\":{\"@type\":\"ListItem\",\"@id\":\"https:\\\/\\\/ejornais.com.br\\\/index.php\\\/category\\\/ejornais\\\/#listItem\",\"name\":\"Cat\\u00e1logo de Jornais\"}}]},{\"@type\":\"Organization\",\"@id\":\"https:\\\/\\\/ejornais.com.br\\\/#organization\",\"name\":\"eJornais\",\"description\":\"Cat\\u00e1logo de Jornais no mundo, Not\\u00edcias, Blog e Esportes ao vivo\",\"url\":\"https:\\\/\\\/ejornais.com.br\\\/\"},{\"@type\":\"Person\",\"@id\":\"https:\\\/\\\/ejornais.com.br\\\/index.php\\\/author\\\/admin1\\\/#author\",\"url\":\"https:\\\/\\\/ejornais.com.br\\\/index.php\\\/author\\\/admin1\\\/\",\"name\":\"admin1\",\"image\":{\"@type\":\"ImageObject\",\"@id\":\"https:\\\/\\\/ejornais.com.br\\\/index.php\\\/2025\\\/02\\\/18\\\/programa-convoca-todos-os-estudantes-do-cadastro-de-reserva-agencia-de-noticias-do-governo-de-mato-grosso-do-sul\\\/#authorImage\",\"url\":\"https:\\\/\\\/secure.gravatar.com\\\/avatar\\\/04084e6d73c042b8646e7c17b494073bf0ede3ea13c7105cfc45cbbbc28385a4?s=96&d=mm&r=g\",\"width\":96,\"height\":96,\"caption\":\"admin1\"}},{\"@type\":\"WebPage\",\"@id\":\"https:\\\/\\\/ejornais.com.br\\\/index.php\\\/2025\\\/02\\\/18\\\/programa-convoca-todos-os-estudantes-do-cadastro-de-reserva-agencia-de-noticias-do-governo-de-mato-grosso-do-sul\\\/#webpage\",\"url\":\"https:\\\/\\\/ejornais.com.br\\\/index.php\\\/2025\\\/02\\\/18\\\/programa-convoca-todos-os-estudantes-do-cadastro-de-reserva-agencia-de-noticias-do-governo-de-mato-grosso-do-sul\\\/\",\"name\":\"programa convoca todos os estudantes do cadastro de reserva \\u2013 Ag\\u00eancia de Noticias do Governo de Mato Grosso do Sul - eJornais\",\"description\":\"Gabriela conseguiu cursar Medicina na UFMS gra\\u00e7as ao programa MS Supera O Governo de Mato Grosso do Sul est\\u00e1 convocando todos os estudantes do cadastro de reserva do MS Supera. S\\u00e3o 154 novos bolsistas que poder\\u00e3o assinar o Termo de Concess\\u00e3o do Benef\\u00edcio a partir de ter\\u00e7a-feira (18), \\u00e0s 7h30, por meio da internet. A\",\"inLanguage\":\"pt-BR\",\"isPartOf\":{\"@id\":\"https:\\\/\\\/ejornais.com.br\\\/#website\"},\"breadcrumb\":{\"@id\":\"https:\\\/\\\/ejornais.com.br\\\/index.php\\\/2025\\\/02\\\/18\\\/programa-convoca-todos-os-estudantes-do-cadastro-de-reserva-agencia-de-noticias-do-governo-de-mato-grosso-do-sul\\\/#breadcrumblist\"},\"author\":{\"@id\":\"https:\\\/\\\/ejornais.com.br\\\/index.php\\\/author\\\/admin1\\\/#author\"},\"creator\":{\"@id\":\"https:\\\/\\\/ejornais.com.br\\\/index.php\\\/author\\\/admin1\\\/#author\"},\"datePublished\":\"2025-02-18T08:23:11-03:00\",\"dateModified\":\"2025-02-18T08:23:11-03:00\"},{\"@type\":\"WebSite\",\"@id\":\"https:\\\/\\\/ejornais.com.br\\\/#website\",\"url\":\"https:\\\/\\\/ejornais.com.br\\\/\",\"name\":\"eJornais\",\"description\":\"Cat\\u00e1logo de Jornais no mundo, Not\\u00edcias, Blog e Esportes ao vivo\",\"inLanguage\":\"pt-BR\",\"publisher\":{\"@id\":\"https:\\\/\\\/ejornais.com.br\\\/#organization\"}}]}\n\t\t<\/script>\n\t\t<!-- All in One SEO -->\n\n","aioseo_head_json":{"title":"programa convoca todos os estudantes do cadastro de reserva \u2013 Ag\u00eancia de Noticias do Governo de Mato Grosso do Sul - eJornais","description":"Gabriela conseguiu cursar Medicina na UFMS gra\u00e7as ao programa MS Supera O Governo de Mato Grosso do Sul est\u00e1 convocando todos os estudantes do cadastro de reserva do MS Supera. S\u00e3o 154 novos bolsistas que poder\u00e3o assinar o Termo de Concess\u00e3o do Benef\u00edcio a partir de ter\u00e7a-feira (18), \u00e0s 7h30, por meio da internet. A","canonical_url":"https:\/\/ejornais.com.br\/index.php\/2025\/02\/18\/programa-convoca-todos-os-estudantes-do-cadastro-de-reserva-agencia-de-noticias-do-governo-de-mato-grosso-do-sul\/","robots":"max-image-preview:large","keywords":"","webmasterTools":{"miscellaneous":""},"schema":{"@context":"https:\/\/schema.org","@graph":[{"@type":"BlogPosting","@id":"https:\/\/ejornais.com.br\/index.php\/2025\/02\/18\/programa-convoca-todos-os-estudantes-do-cadastro-de-reserva-agencia-de-noticias-do-governo-de-mato-grosso-do-sul\/#blogposting","name":"programa convoca todos os estudantes do cadastro de reserva \u2013 Ag\u00eancia de Noticias do Governo de Mato Grosso do Sul - eJornais","headline":"programa convoca todos os estudantes do cadastro de reserva \u2013 Ag\u00eancia de Noticias do Governo de Mato Grosso do Sul","author":{"@id":"https:\/\/ejornais.com.br\/index.php\/author\/admin1\/#author"},"publisher":{"@id":"https:\/\/ejornais.com.br\/#organization"},"datePublished":"2025-02-18T08:23:11-03:00","dateModified":"2025-02-18T08:23:11-03:00","inLanguage":"pt-BR","mainEntityOfPage":{"@id":"https:\/\/ejornais.com.br\/index.php\/2025\/02\/18\/programa-convoca-todos-os-estudantes-do-cadastro-de-reserva-agencia-de-noticias-do-governo-de-mato-grosso-do-sul\/#webpage"},"isPartOf":{"@id":"https:\/\/ejornais.com.br\/index.php\/2025\/02\/18\/programa-convoca-todos-os-estudantes-do-cadastro-de-reserva-agencia-de-noticias-do-governo-de-mato-grosso-do-sul\/#webpage"},"articleSection":"Cat\u00e1logo de Jornais"},{"@type":"BreadcrumbList","@id":"https:\/\/ejornais.com.br\/index.php\/2025\/02\/18\/programa-convoca-todos-os-estudantes-do-cadastro-de-reserva-agencia-de-noticias-do-governo-de-mato-grosso-do-sul\/#breadcrumblist","itemListElement":[{"@type":"ListItem","@id":"https:\/\/ejornais.com.br#listItem","position":1,"name":"In\u00edcio","item":"https:\/\/ejornais.com.br","nextItem":{"@type":"ListItem","@id":"https:\/\/ejornais.com.br\/index.php\/category\/ejornais\/#listItem","name":"Cat\u00e1logo de Jornais"}},{"@type":"ListItem","@id":"https:\/\/ejornais.com.br\/index.php\/category\/ejornais\/#listItem","position":2,"name":"Cat\u00e1logo de Jornais","item":"https:\/\/ejornais.com.br\/index.php\/category\/ejornais\/","nextItem":{"@type":"ListItem","@id":"https:\/\/ejornais.com.br\/index.php\/2025\/02\/18\/programa-convoca-todos-os-estudantes-do-cadastro-de-reserva-agencia-de-noticias-do-governo-de-mato-grosso-do-sul\/#listItem","name":"programa convoca todos os estudantes do cadastro de reserva \u2013 Ag\u00eancia de Noticias do Governo de Mato Grosso do Sul"},"previousItem":{"@type":"ListItem","@id":"https:\/\/ejornais.com.br#listItem","name":"In\u00edcio"}},{"@type":"ListItem","@id":"https:\/\/ejornais.com.br\/index.php\/2025\/02\/18\/programa-convoca-todos-os-estudantes-do-cadastro-de-reserva-agencia-de-noticias-do-governo-de-mato-grosso-do-sul\/#listItem","position":3,"name":"programa convoca todos os estudantes do cadastro de reserva \u2013 Ag\u00eancia de Noticias do Governo de Mato Grosso do Sul","previousItem":{"@type":"ListItem","@id":"https:\/\/ejornais.com.br\/index.php\/category\/ejornais\/#listItem","name":"Cat\u00e1logo de Jornais"}}]},{"@type":"Organization","@id":"https:\/\/ejornais.com.br\/#organization","name":"eJornais","description":"Cat\u00e1logo de Jornais no mundo, Not\u00edcias, Blog e Esportes ao vivo","url":"https:\/\/ejornais.com.br\/"},{"@type":"Person","@id":"https:\/\/ejornais.com.br\/index.php\/author\/admin1\/#author","url":"https:\/\/ejornais.com.br\/index.php\/author\/admin1\/","name":"admin1","image":{"@type":"ImageObject","@id":"https:\/\/ejornais.com.br\/index.php\/2025\/02\/18\/programa-convoca-todos-os-estudantes-do-cadastro-de-reserva-agencia-de-noticias-do-governo-de-mato-grosso-do-sul\/#authorImage","url":"https:\/\/secure.gravatar.com\/avatar\/04084e6d73c042b8646e7c17b494073bf0ede3ea13c7105cfc45cbbbc28385a4?s=96&d=mm&r=g","width":96,"height":96,"caption":"admin1"}},{"@type":"WebPage","@id":"https:\/\/ejornais.com.br\/index.php\/2025\/02\/18\/programa-convoca-todos-os-estudantes-do-cadastro-de-reserva-agencia-de-noticias-do-governo-de-mato-grosso-do-sul\/#webpage","url":"https:\/\/ejornais.com.br\/index.php\/2025\/02\/18\/programa-convoca-todos-os-estudantes-do-cadastro-de-reserva-agencia-de-noticias-do-governo-de-mato-grosso-do-sul\/","name":"programa convoca todos os estudantes do cadastro de reserva \u2013 Ag\u00eancia de Noticias do Governo de Mato Grosso do Sul - eJornais","description":"Gabriela conseguiu cursar Medicina na UFMS gra\u00e7as ao programa MS Supera O Governo de Mato Grosso do Sul est\u00e1 convocando todos os estudantes do cadastro de reserva do MS Supera. S\u00e3o 154 novos bolsistas que poder\u00e3o assinar o Termo de Concess\u00e3o do Benef\u00edcio a partir de ter\u00e7a-feira (18), \u00e0s 7h30, por meio da internet. A","inLanguage":"pt-BR","isPartOf":{"@id":"https:\/\/ejornais.com.br\/#website"},"breadcrumb":{"@id":"https:\/\/ejornais.com.br\/index.php\/2025\/02\/18\/programa-convoca-todos-os-estudantes-do-cadastro-de-reserva-agencia-de-noticias-do-governo-de-mato-grosso-do-sul\/#breadcrumblist"},"author":{"@id":"https:\/\/ejornais.com.br\/index.php\/author\/admin1\/#author"},"creator":{"@id":"https:\/\/ejornais.com.br\/index.php\/author\/admin1\/#author"},"datePublished":"2025-02-18T08:23:11-03:00","dateModified":"2025-02-18T08:23:11-03:00"},{"@type":"WebSite","@id":"https:\/\/ejornais.com.br\/#website","url":"https:\/\/ejornais.com.br\/","name":"eJornais","description":"Cat\u00e1logo de Jornais no mundo, Not\u00edcias, Blog e Esportes ao vivo","inLanguage":"pt-BR","publisher":{"@id":"https:\/\/ejornais.com.br\/#organization"}}]},"og:locale":"pt_BR","og:site_name":"eJornais - Cat\u00e1logo de Jornais no mundo, Not\u00edcias, Blog e Esportes ao vivo","og:type":"article","og:title":"programa convoca todos os estudantes do cadastro de reserva \u2013 Ag\u00eancia de Noticias do Governo de Mato Grosso do Sul - eJornais","og:description":"Gabriela conseguiu cursar Medicina na UFMS gra\u00e7as ao programa MS Supera O Governo de Mato Grosso do Sul est\u00e1 convocando todos os estudantes do cadastro de reserva do MS Supera. S\u00e3o 154 novos bolsistas que poder\u00e3o assinar o Termo de Concess\u00e3o do Benef\u00edcio a partir de ter\u00e7a-feira (18), \u00e0s 7h30, por meio da internet. A","og:url":"https:\/\/ejornais.com.br\/index.php\/2025\/02\/18\/programa-convoca-todos-os-estudantes-do-cadastro-de-reserva-agencia-de-noticias-do-governo-de-mato-grosso-do-sul\/","article:published_time":"2025-02-18T11:23:11+00:00","article:modified_time":"2025-02-18T11:23:11+00:00","twitter:card":"summary_large_image","twitter:title":"programa convoca todos os estudantes do cadastro de reserva \u2013 Ag\u00eancia de Noticias do Governo de Mato Grosso do Sul - eJornais","twitter:description":"Gabriela conseguiu cursar Medicina na UFMS gra\u00e7as ao programa MS Supera O Governo de Mato Grosso do Sul est\u00e1 convocando todos os estudantes do cadastro de reserva do MS Supera. S\u00e3o 154 novos bolsistas que poder\u00e3o assinar o Termo de Concess\u00e3o do Benef\u00edcio a partir de ter\u00e7a-feira (18), \u00e0s 7h30, por meio da internet. A"},"aioseo_meta_data":{"post_id":"39642","title":null,"description":null,"keywords":null,"keyphrases":null,"primary_term":null,"canonical_url":null,"og_title":null,"og_description":null,"og_object_type":"default","og_image_type":"default","og_image_url":null,"og_image_width":null,"og_image_height":null,"og_image_custom_url":null,"og_image_custom_fields":null,"og_video":null,"og_custom_url":null,"og_article_section":null,"og_article_tags":null,"twitter_use_og":false,"twitter_card":"default","twitter_image_type":"default","twitter_image_url":null,"twitter_image_custom_url":null,"twitter_image_custom_fields":null,"twitter_title":null,"twitter_description":null,"schema":{"blockGraphs":[],"customGraphs":[],"default":{"data":{"Article":[],"Course":[],"Dataset":[],"FAQPage":[],"Movie":[],"Person":[],"Product":[],"ProductReview":[],"Car":[],"Recipe":[],"Service":[],"SoftwareApplication":[],"WebPage":[]},"graphName":"","isEnabled":true},"graphs":[]},"schema_type":"default","schema_type_options":null,"pillar_content":false,"robots_default":true,"robots_noindex":false,"robots_noarchive":false,"robots_nosnippet":false,"robots_nofollow":false,"robots_noimageindex":false,"robots_noodp":false,"robots_notranslate":false,"robots_max_snippet":null,"robots_max_videopreview":null,"robots_max_imagepreview":"large","priority":null,"frequency":null,"local_seo":null,"breadcrumb_settings":null,"limit_modified_date":false,"ai":null,"created":"2025-02-18 11:36:09","updated":"2025-06-06 11:17:14","seo_analyzer_scan_date":null,"focus_keyword":null,"additional_keywords":null,"truseo_locale":null},"aioseo_breadcrumb":"<div class=\"aioseo-breadcrumbs\"><span class=\"aioseo-breadcrumb\">\n\t\t\t<a href=\"https:\/\/ejornais.com.br\" title=\"In\u00edcio\">In\u00edcio<\/a>\n\t\t<\/span><span class=\"aioseo-breadcrumb-separator\">&raquo;<\/span><span class=\"aioseo-breadcrumb\">\n\t\t\t<a href=\"https:\/\/ejornais.com.br\/index.php\/category\/ejornais\/\" title=\"Cat\u00e1logo de Jornais\">Cat\u00e1logo de Jornais<\/a>\n\t\t<\/span><span class=\"aioseo-breadcrumb-separator\">&raquo;<\/span><span class=\"aioseo-breadcrumb\">\n\t\t\tprograma convoca todos os estudantes do cadastro de reserva \u2013 Ag\u00eancia de Noticias do Governo de Mato Grosso do Sul\n\t\t<\/span><\/div>","aioseo_breadcrumb_json":[{"label":"In\u00edcio","link":"https:\/\/ejornais.com.br"},{"label":"Cat\u00e1logo de Jornais","link":"https:\/\/ejornais.com.br\/index.php\/category\/ejornais\/"},{"label":"programa convoca todos os estudantes do cadastro de reserva \u2013 Ag\u00eancia de Noticias do Governo de Mato Grosso do Sul","link":"https:\/\/ejornais.com.br\/index.php\/2025\/02\/18\/programa-convoca-todos-os-estudantes-do-cadastro-de-reserva-agencia-de-noticias-do-governo-de-mato-grosso-do-sul\/"}],"amp_enabled":true,"_links":{"self":[{"href":"https:\/\/ejornais.com.br\/index.php\/wp-json\/wp\/v2\/posts\/39642","targetHints":{"allow":["GET"]}}],"collection":[{"href":"https:\/\/ejornais.com.br\/index.php\/wp-json\/wp\/v2\/posts"}],"about":[{"href":"https:\/\/ejornais.com.br\/index.php\/wp-json\/wp\/v2\/types\/post"}],"author":[{"embeddable":true,"href":"https:\/\/ejornais.com.br\/index.php\/wp-json\/wp\/v2\/users\/2"}],"replies":[{"embeddable":true,"href":"https:\/\/ejornais.com.br\/index.php\/wp-json\/wp\/v2\/comments?post=39642"}],"version-history":[{"count":0,"href":"https:\/\/ejornais.com.br\/index.php\/wp-json\/wp\/v2\/posts\/39642\/revisions"}],"wp:attachment":[{"href":"https:\/\/ejornais.com.br\/index.php\/wp-json\/wp\/v2\/media?parent=39642"}],"wp:term":[{"taxonomy":"category","embeddable":true,"href":"https:\/\/ejornais.com.br\/index.php\/wp-json\/wp\/v2\/categories?post=39642"},{"taxonomy":"post_tag","embeddable":true,"href":"https:\/\/ejornais.com.br\/index.php\/wp-json\/wp\/v2\/tags?post=39642"}],"curies":[{"name":"wp","href":"https:\/\/api.w.org\/{rel}","templated":true}]}}