{"id":39674,"date":"2025-02-18T17:45:15","date_gmt":"2025-02-18T20:45:15","guid":{"rendered":"https:\/\/ejornais.com.br\/index.php\/2025\/02\/18\/ifsp-abre-inscricoes-para-avaliacao-presencial-de-lingua-portuguesa-para-estrangeiros-imigrantes-e-refugiados-ifsp\/"},"modified":"2025-02-18T17:45:15","modified_gmt":"2025-02-18T20:45:15","slug":"ifsp-abre-inscricoes-para-avaliacao-presencial-de-lingua-portuguesa-para-estrangeiros-imigrantes-e-refugiados-ifsp","status":"publish","type":"post","link":"https:\/\/ejornais.com.br\/index.php\/2025\/02\/18\/ifsp-abre-inscricoes-para-avaliacao-presencial-de-lingua-portuguesa-para-estrangeiros-imigrantes-e-refugiados-ifsp\/","title":{"rendered":"IFSP abre inscri\u00e7\u00f5es para avalia\u00e7\u00e3o presencial de L\u00edngua Portuguesa para estrangeiros, imigrantes e refugiados &#8211; IFSP"},"content":{"rendered":"<p><\/p>\n<div>\n<div class=\"subtitle\">\n<p><span style=\"font-weight: 400;\">Provas ser\u00e3o aplicadas nos campi de Sorocaba, Guarulhos e Campinas no primeiro semestre de 2025<\/span><\/p>\n<\/div>\n<p><!-- fim .content-header-options-1 --><\/p>\n<p><span style=\"font-weight: 400;\">A Pr\u00f3-Reitoria de Extens\u00e3o e Cultura (PRX) e a Coordenadoria de Rela\u00e7\u00f5es Internacionais (Arinter-CRI) do Instituto Federal de Educa\u00e7\u00e3o, Ci\u00eancia e Tecnologia de S\u00e3o Paulo (IFSP), em parceria com o Instituto Federal do Rio Grande do Sul (IFRS), por meio do Edital N\u00ba 3\/2025 &#8211; PRX-RET\/RET\/IFSP,\u00a0abriram inscri\u00e7\u00f5es para a avalia\u00e7\u00e3o presencial de L\u00edngua Portuguesa voltada para estrangeiros, imigrantes e refugiados. As provas ser\u00e3o realizadas no primeiro semestre de 2025 nos campi do IFSP em Sorocaba, Guarulhos e Campinas.<\/span><\/p>\n<p><span style=\"font-weight: 400;\">A iniciativa busca avaliar a compreens\u00e3o, interpreta\u00e7\u00e3o e comunica\u00e7\u00e3o b\u00e1sica dos participantes que conclu\u00edram cursos de Portugu\u00eas como L\u00edngua Adicional oferecidos pelo IFRS na modalidade EaD ou on-line. A exig\u00eancia de pelo menos uma avalia\u00e7\u00e3o presencial est\u00e1 prevista na Portaria n\u00ba 623\/2020 do Minist\u00e9rio da Justi\u00e7a e Seguran\u00e7a P\u00fablica, relacionada aos processos de naturaliza\u00e7\u00e3o.<\/span><\/p>\n<p><b>Como se inscrever<\/b><\/p>\n<p><span style=\"font-weight: 400;\">Os interessados devem se inscrever pelo formul\u00e1rio eletr\u00f4nico <\/span><span style=\"font-weight: 400;\">dispon\u00edvel neste link.<\/span><span style=\"font-weight: 400;\"> No ato da inscri\u00e7\u00e3o, \u00e9 necess\u00e1rio anexar documentos como Cadastro de Pessoa F\u00edsica (CPF), Registro Nacional de Estrangeiro (RNE), Carteira de Registro Nacional Migrat\u00f3rio (CRNM) ou protocolo da Pol\u00edcia Federal, al\u00e9m do certificado do curso de L\u00edngua Portuguesa realizado no IFRS.<\/span><\/p>\n<p><span style=\"font-weight: 400;\">As inscri\u00e7\u00f5es seguem o cronograma estipulado e poder\u00e3o ser encerradas antes do prazo caso todas as vagas sejam preenchidas. Apenas a \u00faltima inscri\u00e7\u00e3o enviada ser\u00e1 considerada em caso de m\u00faltiplos registros pelo mesmo candidato.<\/span><\/p>\n<p><b>Locais e datas das provas<\/b><\/p>\n<p><span style=\"font-weight: 400;\">As avalia\u00e7\u00f5es ser\u00e3o aplicadas nas seguintes datas e locais:<\/span><\/p>\n<p><span style=\"font-weight: 400;\">As provas ser\u00e3o aplicadas nos campi do IFSP, nas datas disponibilizadas abaixo:<\/span><\/p>\n<table>\n<tbody>\n<tr>\n<td>\n<p><b>CAMPUS DO IFSP<\/b><\/p>\n<\/td>\n<td>\n<p><b>INSCRI\u00c7\u00d5ES<\/b><\/p>\n<\/td>\n<td>\n<p><b>DATA<\/b><\/p>\n<\/td>\n<td>\n<p><b>HOR\u00c1RIO<\/b><\/p>\n<\/td>\n<td>\n<p><b>VAGAS<\/b><\/p>\n<\/td>\n<\/tr>\n<tr>\n<td>\n<p><b>IFSP SOROCABA <\/b><span style=\"font-weight: 400;\">&#8211; Rua Nhonh\u00f4 Pires, 250 &#8211; Bairro Vila Lucy | Sorocaba &#8211; SP &#8211; Cep 18043-060<\/span><\/p>\n<\/td>\n<td>\n<p><span style=\"font-weight: 400;\">19 de fevereiro at\u00e9 07 de mar\u00e7o de 2025<\/span><\/p>\n<\/td>\n<td>\n<p><span style=\"font-weight: 400;\">15\/03\/2025<\/span><\/p>\n<\/td>\n<td>\n<p><span style=\"font-weight: 400;\">10 horas<\/span><\/p>\n<\/td>\n<td>\n<p><span style=\"font-weight: 400;\">15 vagas<\/span><\/p>\n<\/td>\n<\/tr>\n<tr>\n<td>\n<p><b>IFSP GUARULHOS<\/b><span style=\"font-weight: 400;\"> &#8211; Av. Salgado Filho, 3501 &#8211; Vila Rio de Janeiro, Guarulhos\/SP, 07115-000\u00a0<\/span><\/p>\n<\/td>\n<td>\n<p><span style=\"font-weight: 400;\">19 de fevereiro at\u00e9 14 de mar\u00e7o de 2025<\/span><\/p>\n<\/td>\n<td>\n<p><span style=\"font-weight: 400;\">22\/03\/2025<\/span><\/p>\n<\/td>\n<td>\n<p><span style=\"font-weight: 400;\">10 horas<\/span><\/p>\n<\/td>\n<td>\n<p><span style=\"font-weight: 400;\">15 vagas<\/span><\/p>\n<\/td>\n<\/tr>\n<tr>\n<td>\n<p><b>IFSP CAMPINAS <\/b><span style=\"font-weight: 400;\">&#8211; Rua Heitor Lacerda Guedes, 1000 &#8211; Cidade Sat\u00e9lite \u00cdris, Campinas\/SP, 13059-581<\/span><\/p>\n<\/td>\n<td>\n<p><span style=\"font-weight: 400;\">19 de fevereiro at\u00e9 21 de mar\u00e7o de 2025<\/span><\/p>\n<\/td>\n<td>\n<p><span style=\"font-weight: 400;\">29\/03\/2025<\/span><\/p>\n<\/td>\n<td>\n<p><span style=\"font-weight: 400;\">10 horas<\/span><\/p>\n<\/td>\n<td>\n<p><span style=\"font-weight: 400;\">15 vagas<\/span><\/p>\n<\/td>\n<\/tr>\n<tr>\n<td>\n<p><b>IFSP SOROCABA <\/b><span style=\"font-weight: 400;\">&#8211; Rua Nhonh\u00f4 Pires, 250 &#8211; Bairro Vila Lucy | Sorocaba &#8211; SP &#8211; Cep 18043-060<\/span><\/p>\n<\/td>\n<td>\n<p><span style=\"font-weight: 400;\">19 de fevereiro at\u00e9 04 de abril de 2025<\/span><\/p>\n<\/td>\n<td>\n<p><span style=\"font-weight: 400;\">12\/04\/2025<\/span><\/p>\n<\/td>\n<td>\n<p><span style=\"font-weight: 400;\">10 horas<\/span><\/p>\n<\/td>\n<td>\n<p><span style=\"font-weight: 400;\">15 vagas<\/span><\/p>\n<\/td>\n<\/tr>\n<\/tbody>\n<\/table>\n<p><span style=\"font-weight: 400;\">Os candidatos dever\u00e3o escolher apenas um campus para realizar a prova, sem possibilidade de altera\u00e7\u00e3o ap\u00f3s a inscri\u00e7\u00e3o.<\/span><\/p>\n<p><b>Estrutura da prova<\/b><\/p>\n<p><span style=\"font-weight: 400;\">A avalia\u00e7\u00e3o ter\u00e1 dura\u00e7\u00e3o m\u00e1xima de duas horas e ser\u00e1 composta por quatro partes: compreens\u00e3o auditiva, compreens\u00e3o leitora, express\u00e3o escrita e express\u00e3o oral. A prova oral ser\u00e1 gravada e poder\u00e1 ser realizada em dupla ou em pequenos grupos, a crit\u00e9rio da organiza\u00e7\u00e3o.<\/span><\/p>\n<p><span style=\"font-weight: 400;\">Os participantes devem comparecer ao local de prova com pelo menos 15 minutos de anteced\u00eancia e portar documento de identifica\u00e7\u00e3o com foto, c\u00f3pia do certificado do curso realizado, al\u00e9m de caneta esferogr\u00e1fica azul ou preta de material transparente. Dicion\u00e1rios impressos ser\u00e3o permitidos apenas para as partes de compreens\u00e3o leitora e express\u00e3o escrita, desde que n\u00e3o contenham anota\u00e7\u00f5es.<\/span><\/p>\n<p><b>Resultados e declara\u00e7\u00e3o de participa\u00e7\u00e3o<\/b><\/p>\n<p><span style=\"font-weight: 400;\">O resultado da avalia\u00e7\u00e3o ser\u00e1 divulgado conforme o cronograma do edital. Para ser aprovado, o candidato dever\u00e1 obter, no m\u00ednimo, 70% de aproveitamento na prova. Os participantes que desejarem contestar o resultado poder\u00e3o solicitar revis\u00e3o dentro de 48 horas ap\u00f3s a publica\u00e7\u00e3o dos resultados.<\/span><\/p>\n<p><span style=\"font-weight: 400;\">As declara\u00e7\u00f5es de realiza\u00e7\u00e3o da prova presencial ser\u00e3o enviadas por e-mail e tamb\u00e9m poder\u00e3o ser retiradas no campus onde a prova foi realizada, dentro do prazo de 30 dias ap\u00f3s a avalia\u00e7\u00e3o.<\/span><\/p>\n<p><strong>Antes de realizar a inscri\u00e7\u00e3o, o candidato\u00a0<em>deve ler<\/em>\u00a0atentamente o\u00a0edital completo\u00a0e providenciar os documentos necess\u00e1rios e em caso de d\u00favidas entre em contato pelo e-mail <!-- This email address is being protected from spambots. --><span class=\"cloaked_email ep_754fe374\"><span data-ep-a5d41=\"pla.\" data-ep-b363a=\"\"><span data-ep-a5d41=\"ifsp\" data-ep-b363a=\"u.br\"><span data-ep-b363a=\"p.ed\" data-ep-a5d41=\"@ifs\"\/><\/span><\/span><\/span><span class=\"cloaked_email ep_1f008265\" style=\"display:none;\"><span data-ep-a5d41=\"pla.\" data-ep-b363a=\"\"><span data-ep-a5d41=\"ifsp\" data-ep-b363a=\"u.br\"><span data-ep-b363a=\"p.ed\" data-ep-a5d41=\"@ifs\"\/><\/span><\/span><\/span>.<\/strong><\/p>\n<\/div>\n","protected":false},"excerpt":{"rendered":"<p>Provas ser\u00e3o aplicadas nos campi de Sorocaba, Guarulhos e Campinas no primeiro semestre de 2025 A Pr\u00f3-Reitoria de Extens\u00e3o e<\/p>\n","protected":false},"author":2,"featured_media":0,"comment_status":"","ping_status":"","sticky":false,"template":"","format":"standard","meta":{"colormag_page_container_layout":"default_layout","colormag_page_sidebar_layout":"default_layout","footnotes":""},"categories":[1],"tags":[],"class_list":["post-39674","post","type-post","status-publish","format-standard","hentry","category-ejornais"],"aioseo_notices":[],"amp_enabled":true,"_links":{"self":[{"href":"https:\/\/ejornais.com.br\/index.php\/wp-json\/wp\/v2\/posts\/39674","targetHints":{"allow":["GET"]}}],"collection":[{"href":"https:\/\/ejornais.com.br\/index.php\/wp-json\/wp\/v2\/posts"}],"about":[{"href":"https:\/\/ejornais.com.br\/index.php\/wp-json\/wp\/v2\/types\/post"}],"author":[{"embeddable":true,"href":"https:\/\/ejornais.com.br\/index.php\/wp-json\/wp\/v2\/users\/2"}],"replies":[{"embeddable":true,"href":"https:\/\/ejornais.com.br\/index.php\/wp-json\/wp\/v2\/comments?post=39674"}],"version-history":[{"count":0,"href":"https:\/\/ejornais.com.br\/index.php\/wp-json\/wp\/v2\/posts\/39674\/revisions"}],"wp:attachment":[{"href":"https:\/\/ejornais.com.br\/index.php\/wp-json\/wp\/v2\/media?parent=39674"}],"wp:term":[{"taxonomy":"category","embeddable":true,"href":"https:\/\/ejornais.com.br\/index.php\/wp-json\/wp\/v2\/categories?post=39674"},{"taxonomy":"post_tag","embeddable":true,"href":"https:\/\/ejornais.com.br\/index.php\/wp-json\/wp\/v2\/tags?post=39674"}],"curies":[{"name":"wp","href":"https:\/\/api.w.org\/{rel}","templated":true}]}}