{"id":39676,"date":"2025-02-18T18:27:09","date_gmt":"2025-02-18T21:27:09","guid":{"rendered":"https:\/\/ejornais.com.br\/index.php\/2025\/02\/18\/individuos-armados-sao-identificados-em-fluxo-pelo-csi\/"},"modified":"2025-02-18T18:27:09","modified_gmt":"2025-02-18T21:27:09","slug":"individuos-armados-sao-identificados-em-fluxo-pelo-csi","status":"publish","type":"post","link":"https:\/\/ejornais.com.br\/index.php\/2025\/02\/18\/individuos-armados-sao-identificados-em-fluxo-pelo-csi\/","title":{"rendered":"Indiv\u00edduos armados s\u00e3o identificados em fluxo pelo CSI"},"content":{"rendered":"<p><\/p>\n<div>\n<p><b>Paula Paz<\/b><br \/>&#13;<br \/>\n&#13;<br \/>\n                <span style=\"font-weight: bold;\">Secretaria de Prote\u00e7\u00e3o ao Cidad\u00e3o<\/span><\/p>\n<p><span style=\"font-weight: 400;\">O Centro de Seguran\u00e7a e Intelig\u00eancia (CSI) de S\u00e3o Jos\u00e9 dos Campos, em parceria com a Guarda Civil Municipal (GCM) e a Pol\u00edcia Militar, identificou e deteve indiv\u00edduos armados em diferentes regi\u00f5es da cidade durante o fim de semana. As opera\u00e7\u00f5es contaram com monitoramento em tempo real e abordagens estrat\u00e9gicas das equipes de seguran\u00e7a.<\/span><\/p>\n<p><span class=\"intertitulo\">Regi\u00e3o Leste<\/span><\/p>\n<p><span style=\"font-weight: 400;\">No s\u00e1bado, uma den\u00fancia via 190 alertou sobre uma aglomera\u00e7\u00e3o e briga na Pra\u00e7a 1\u00ba de Maio, no bairro Novo Horizonte. O CSI iniciou o monitoramento e acionou as equipes do Grupo T\u00e1tico com Moto (GTAM), que localizaram os suspeitos. Durante a abordagem, foi encontrada uma arma de fogo dentro do ve\u00edculo. Os indiv\u00edduos foram detidos e encaminhados \u00e0 Central de Flagrantes, onde permaneceram presos \u00e0 disposi\u00e7\u00e3o da Justi\u00e7a.<\/span><\/p>\n<p><span class=\"intertitulo\">Regi\u00e3o Sul<\/span><\/p>\n<p><span style=\"font-weight: 400;\">Na madrugada de domingo, no bairro Campo dos Alem\u00e3es, as c\u00e2meras do CSI flagraram um homem armado. As informa\u00e7\u00f5es foram transmitidas \u00e0s viaturas da GCM e da Pol\u00edcia Militar, que localizaram e abordaram o suspeito. Com ele, foi encontrada uma arma de fogo. O homem foi levado \u00e0 CPJ e permaneceu preso.<\/span><\/p>\n<p><span style=\"font-weight: 400;\">Ainda no mesmo bairro, outra ocorr\u00eancia envolveu dois indiv\u00edduos em uma motocicleta, um deles portando um rev\u00f3lver. O CSI acompanhou a movimenta\u00e7\u00e3o e repassou as informa\u00e7\u00f5es \u00e0s equipes do GTAM, que interceptaram a dupla. O caso foi registrado na CPJ, onde o suspeito ficou \u00e0 disposi\u00e7\u00e3o da Justi\u00e7a.<\/span><\/p>\n<p><span style=\"font-weight: 400;\">Com tecnologia de ponta e atua\u00e7\u00e3o estrat\u00e9gica, as For\u00e7as de Seguran\u00e7a realizaram abordagens r\u00e1pidas e eficientes, garantindo mais prote\u00e7\u00e3o \u00e0 popula\u00e7\u00e3o. As a\u00e7\u00f5es resultaram na apreens\u00e3o de armas e na pris\u00e3o dos suspeitos, refor\u00e7ando o compromisso da cidade com a seguran\u00e7a e a preven\u00e7\u00e3o da criminalidade.<\/span><\/p>\n<p>&#13;<br \/>\n                        <strong>MAIS NOT\u00cdCIAS<\/strong><br \/>&#13;<br \/>\n                        Secretaria de Prote\u00e7\u00e3o ao Cidad\u00e3o&#13;\n                    <\/p>\n<\/p><\/div>\n","protected":false},"excerpt":{"rendered":"<p>Paula Paz&#13; &#13; Secretaria de Prote\u00e7\u00e3o ao Cidad\u00e3o O Centro de Seguran\u00e7a e Intelig\u00eancia (CSI) de S\u00e3o Jos\u00e9 dos Campos,<\/p>\n","protected":false},"author":2,"featured_media":0,"comment_status":"","ping_status":"","sticky":false,"template":"","format":"standard","meta":{"colormag_page_container_layout":"default_layout","colormag_page_sidebar_layout":"default_layout","footnotes":""},"categories":[1],"tags":[],"class_list":["post-39676","post","type-post","status-publish","format-standard","hentry","category-ejornais"],"aioseo_notices":[],"amp_enabled":true,"_links":{"self":[{"href":"https:\/\/ejornais.com.br\/index.php\/wp-json\/wp\/v2\/posts\/39676","targetHints":{"allow":["GET"]}}],"collection":[{"href":"https:\/\/ejornais.com.br\/index.php\/wp-json\/wp\/v2\/posts"}],"about":[{"href":"https:\/\/ejornais.com.br\/index.php\/wp-json\/wp\/v2\/types\/post"}],"author":[{"embeddable":true,"href":"https:\/\/ejornais.com.br\/index.php\/wp-json\/wp\/v2\/users\/2"}],"replies":[{"embeddable":true,"href":"https:\/\/ejornais.com.br\/index.php\/wp-json\/wp\/v2\/comments?post=39676"}],"version-history":[{"count":0,"href":"https:\/\/ejornais.com.br\/index.php\/wp-json\/wp\/v2\/posts\/39676\/revisions"}],"wp:attachment":[{"href":"https:\/\/ejornais.com.br\/index.php\/wp-json\/wp\/v2\/media?parent=39676"}],"wp:term":[{"taxonomy":"category","embeddable":true,"href":"https:\/\/ejornais.com.br\/index.php\/wp-json\/wp\/v2\/categories?post=39676"},{"taxonomy":"post_tag","embeddable":true,"href":"https:\/\/ejornais.com.br\/index.php\/wp-json\/wp\/v2\/tags?post=39676"}],"curies":[{"name":"wp","href":"https:\/\/api.w.org\/{rel}","templated":true}]}}