{"id":39693,"date":"2025-02-18T23:21:24","date_gmt":"2025-02-19T02:21:24","guid":{"rendered":"https:\/\/ejornais.com.br\/index.php\/2025\/02\/18\/secretaria-municipal-de-saude-promove-palestra-sobre-importancia-do-nutricionista-na-vigilancia-sanitaria\/"},"modified":"2025-02-18T23:21:24","modified_gmt":"2025-02-19T02:21:24","slug":"secretaria-municipal-de-saude-promove-palestra-sobre-importancia-do-nutricionista-na-vigilancia-sanitaria","status":"publish","type":"post","link":"https:\/\/ejornais.com.br\/index.php\/2025\/02\/18\/secretaria-municipal-de-saude-promove-palestra-sobre-importancia-do-nutricionista-na-vigilancia-sanitaria\/","title":{"rendered":"Secretaria Municipal de Sa\u00fade promove palestra sobre import\u00e2ncia do nutricionista na Vigil\u00e2ncia Sanit\u00e1ria"},"content":{"rendered":"<p><\/p>\n<div>\n<h5 class=\"text-primary\">Para estudantes<\/h5>\n<p>                        <!-- Mostra o t&iacute;tulo como um link para o link permanente do post --><\/p>\n<h2 class=\"mb-3\">Secretaria Municipal de Sa\u00fade promove palestra sobre import\u00e2ncia do nutricionista na Vigil\u00e2ncia Sanit\u00e1ria<\/h2>\n<p class=\"text-secondary font-italic mb-3 p-0\">&#13;<br \/>\n                            <i class=\"fa fa-calendar\"\/> 18\/02\/2025 | &#13;<br \/>\n                            <i class=\"fa fa-clock-o\"\/> 19:00 |&#13;<br \/>\n                            <i class=\"fa fa-eye\"\/> 140                        <\/p>\n<p>                        <!-- Mostra o conte&uacute;do do post em uma DIV --><\/p>\n<div class=\"\">\n<p>A Secretaria Municipal de Sa\u00fade (SMS) realizou, nesta ter\u00e7a-feira (18), uma palestra abordando a import\u00e2ncia do nutricionista na Vigil\u00e2ncia Sanit\u00e1ria. O evento foi voltado para os estudantes do curso de Nutri\u00e7\u00e3o do Centro Universit\u00e1rio de Jo\u00e3o Pessoa \u2013 Unip\u00ea.<\/p>\n<figure class=\"wp-block-gallery has-nested-images columns-default is-cropped wp-block-gallery-1 is-layout-flex wp-block-gallery-is-layout-flex\">\n<figure class=\"wp-block-image size-large\"><\/figure>\n<figure class=\"wp-block-image size-large\"><\/figure>\n<\/figure>\n<p>\u201cA nossa iniciativa faz parte das a\u00e7\u00f5es da Vigil\u00e2ncia Sanit\u00e1ria para aproximar os futuros profissionais das pr\u00e1ticas e desafios do setor, contribuindo para a forma\u00e7\u00e3o acad\u00eamica e para o fortalecimento da atua\u00e7\u00e3o interdisciplinar na \u00e1rea da sa\u00fade\u201d, revelou V\u00edctor Viana, gerente da Vigil\u00e2ncia Sanit\u00e1ria de Jo\u00e3o Pessoa.<\/p>\n<p>Durante a abordagem, os t\u00e9cnicos da Vigil\u00e2ncia Sanit\u00e1ria da capital discutiram temas relevantes, relacionados \u00e0 atua\u00e7\u00e3o do profissional de nutri\u00e7\u00e3o na promo\u00e7\u00e3o da sa\u00fade p\u00fablica, fiscaliza\u00e7\u00e3o de estabelecimentos e controle de riscos sanit\u00e1rios, refor\u00e7ando o papel essencial deste profissional na garantia da seguran\u00e7a alimentar e nutricional da popula\u00e7\u00e3o.<\/p>\n<p>Atentos \u00e0 explana\u00e7\u00e3o que foi proposta pela equipe da GVS, os estudantes de nutri\u00e7\u00e3o do Unip\u00ea procuraram sempre interagir durante a palestra, sugerindo questionamentos ligados \u00e0 nutri\u00e7\u00e3o, assim como sobre a rela\u00e7\u00e3o desses profissionais espec\u00edficos nas atividades inerentes \u00e0 Vigil\u00e2ncia Sanit\u00e1ria e sua atua\u00e7\u00e3o.<\/p>\n<\/p><\/div>\n<\/p><\/div>\n","protected":false},"excerpt":{"rendered":"<p>Para estudantes Secretaria Municipal de Sa\u00fade promove palestra sobre import\u00e2ncia do nutricionista na Vigil\u00e2ncia Sanit\u00e1ria &#13; 18\/02\/2025 | &#13; 19:00<\/p>\n","protected":false},"author":2,"featured_media":0,"comment_status":"","ping_status":"","sticky":false,"template":"","format":"standard","meta":{"colormag_page_container_layout":"default_layout","colormag_page_sidebar_layout":"default_layout","footnotes":""},"categories":[1],"tags":[],"class_list":["post-39693","post","type-post","status-publish","format-standard","hentry","category-ejornais"],"aioseo_notices":[],"amp_enabled":true,"_links":{"self":[{"href":"https:\/\/ejornais.com.br\/index.php\/wp-json\/wp\/v2\/posts\/39693","targetHints":{"allow":["GET"]}}],"collection":[{"href":"https:\/\/ejornais.com.br\/index.php\/wp-json\/wp\/v2\/posts"}],"about":[{"href":"https:\/\/ejornais.com.br\/index.php\/wp-json\/wp\/v2\/types\/post"}],"author":[{"embeddable":true,"href":"https:\/\/ejornais.com.br\/index.php\/wp-json\/wp\/v2\/users\/2"}],"replies":[{"embeddable":true,"href":"https:\/\/ejornais.com.br\/index.php\/wp-json\/wp\/v2\/comments?post=39693"}],"version-history":[{"count":0,"href":"https:\/\/ejornais.com.br\/index.php\/wp-json\/wp\/v2\/posts\/39693\/revisions"}],"wp:attachment":[{"href":"https:\/\/ejornais.com.br\/index.php\/wp-json\/wp\/v2\/media?parent=39693"}],"wp:term":[{"taxonomy":"category","embeddable":true,"href":"https:\/\/ejornais.com.br\/index.php\/wp-json\/wp\/v2\/categories?post=39693"},{"taxonomy":"post_tag","embeddable":true,"href":"https:\/\/ejornais.com.br\/index.php\/wp-json\/wp\/v2\/tags?post=39693"}],"curies":[{"name":"wp","href":"https:\/\/api.w.org\/{rel}","templated":true}]}}