{"id":40026,"date":"2025-02-24T13:53:16","date_gmt":"2025-02-24T16:53:16","guid":{"rendered":"https:\/\/ejornais.com.br\/index.php\/2025\/02\/24\/ze-gotinha-marca-presenca-nas-muricoquinhas-e-alerta-as-criancas-sobre-a-importancia-da-prevencao\/"},"modified":"2025-02-24T13:53:16","modified_gmt":"2025-02-24T16:53:16","slug":"ze-gotinha-marca-presenca-nas-muricoquinhas-e-alerta-as-criancas-sobre-a-importancia-da-prevencao","status":"publish","type":"post","link":"https:\/\/ejornais.com.br\/index.php\/2025\/02\/24\/ze-gotinha-marca-presenca-nas-muricoquinhas-e-alerta-as-criancas-sobre-a-importancia-da-prevencao\/","title":{"rendered":"Z\u00e9 Gotinha marca presen\u00e7a nas Muri\u00e7oquinhas e alerta as crian\u00e7as sobre a import\u00e2ncia da preven\u00e7\u00e3o"},"content":{"rendered":"<p><\/p>\n<div>\n<p>Nesta segunda-feira (24), a grande atra\u00e7\u00e3o na Via Folia \u00e9 o bloco Muri\u00e7oquinhas do Miramar e quem marcar\u00e1 presen\u00e7a no evento \u00e9 o s\u00edmbolo da vacina\u00e7\u00e3o no Brasil, o Z\u00e9 Gotinha. Al\u00e9m de participar da festa de forma muito irreverente, a presen\u00e7a do personagem \u00e9 para mostrar as pessoas e principalmente as crian\u00e7as, que \u00e9 importante se vacinar e que as doses salvam vidas.<\/p>\n<figure class=\"wp-block-gallery has-nested-images columns-default is-cropped wp-block-gallery-1 is-layout-flex wp-block-gallery-is-layout-flex\">\n<figure class=\"wp-block-image size-large\"><\/figure>\n<\/figure>\n<p>\u201c\u00c9 um dia de muita divers\u00e3o e, portanto, n\u00e3o estaremos com equipe vacinando no local da festa, sobretudo convidamos o Z\u00e9 Gotinha para participar do evento para ficar mais pr\u00f3ximos das crian\u00e7as, das fam\u00edlias e, dessa forma mostrar e lembrar todos sobre a import\u00e2ncia de estarem com o calend\u00e1rio de vacina\u00e7\u00e3o em dia. As crian\u00e7as devem levar isso para vida adulta, que a vacina salva vidas e elas n\u00e3o precisam ter medo na hora de se vacinar\u201d, disse o coordenador de imuniza\u00e7\u00e3o da Prefeitura de Jo\u00e3o Pessoa, Fernando Virgolino.<\/p>\n<p>Na Via Folia, as crian\u00e7as podem encontrar o O Z\u00e9 Gotinha, que estar\u00e1 depois do supermercado P\u00e3o de A\u00e7\u00facar, nas proximidades do camarote da Prefeitura de Jo\u00e3o Pessoa, a partir das 16h30.<\/p>\n<p>Criado em 1992, a vers\u00e3o infantil das Muri\u00e7ocas do Miramar, vem este ano com o tema \u2018Muri\u00e7oquinhas 2025 \u2013 Fa\u00e7a uma crian\u00e7a feliz\u2019, com concentra\u00e7\u00e3o a partir das 16h30, na Avenida Epit\u00e1cio Pessoa \u2013 na altura da ladeira que vai para o Clube Cabo Branco.<\/p>\n<p>\u201cNesse ano, nosso \u00faltimo trio vai fazer uma homenagem ao Esporte Clube Cabo Branco, resgatando a cultura carnavalesca do clube, onde vamos reviver as nossas mem\u00f3rias afetivas\u201d, destacou Eliane Holanda, diretora do bloco Muri\u00e7oquinhas do Miramar. \u201cSegura cora\u00e7\u00e3o, cada m\u00fasica vai ser uma emo\u00e7\u00e3o, com muito frevo no p\u00e9 e carnaval raiz. O Muri\u00e7oquinhas educa atrav\u00e9s da folia e nossa maior atra\u00e7\u00e3o s\u00e3o os pequenos foli\u00f5es. No bloco \u00e9 para todos, em especial para as crian\u00e7as de zero a 90 anos\u201d, enfatizou de forma muito irreverente a diretora do bloco.<\/p>\n<p><strong>Onde se proteger \u2013<\/strong> Para quem precisa tomar a vacina, os servi\u00e7os de sa\u00fade funcionam de segunda a sexta-feira e o os pontos m\u00f3veis, de segunda-feira a s\u00e1bado, em hor\u00e1rios estendidos, da seguinte forma: As Unidades de Sa\u00fade da Fam\u00edlia (USFs) atendem no per\u00edodo das 8h \u00e0s 11h e das 12h \u00e0s 16h, as Policl\u00ednicas Municipais e o Centro Municipal de Imuniza\u00e7\u00e3o atendem a popula\u00e7\u00e3o no per\u00edodo das 8h \u00e0s 16h. J\u00e1 os pontos m\u00f3veis, localizados no Home Center Ferreira Costa e nos Shoppins Sul e Tambi\u00e1, conta com equipes no per\u00edodo das 12h \u00e0s 21h.<\/p>\n<p><strong>Documenta\u00e7\u00e3o <\/strong>\u2013 Para vacina\u00e7\u00e3o \u00e9 importante apresentar um documento oficial com foto ou registro da crian\u00e7a ou adolescente, o Cart\u00e3o do SUS e o cart\u00e3o ou caderneta de vacina.<\/p>\n<p><strong>Locais e hor\u00e1rios para vacina\u00e7\u00e3o em Jo\u00e3o Pessoa:<\/strong><\/p>\n<p><strong>Unidades de Sa\u00fade da Fam\u00edlia (USFs)<\/strong><\/p>\n<p>Vacinas de campanha:<\/p>\n<p>\u2013 Dengue: adolescentes de 10 a 14 anos;<\/p>\n<p>\u2013 Vacinas do calend\u00e1rio de rotina;<\/p>\n<p>Hor\u00e1rio: 7h \u00e0s 11h e das 12h \u00e0s 16h (de segunda a sexta-feira);<\/p>\n<p><strong>*exce\u00e7\u00e3o:<\/strong> Alto do C\u00e9u II, Cidade Verde e Jardim Planalto.<\/p>\n<p><strong>USF Integrada Cruz das Armas<\/strong><\/p>\n<p>\u2013 Vacina\u00e7\u00e3o contra Covid-19 de crian\u00e7as menores de 5 anos e grupos priorit\u00e1rios.<br \/>Hor\u00e1rio: 7h \u00e0s 11h e das 12h \u00e0s 16h (de segunda a sexta-feira);<\/p>\n<p><strong>Policl\u00ednicas Municipais<\/strong><\/p>\n<p>Vacinas de campanha:<\/p>\n<p>\u2013 Dengue: adolescentes de 10 a 14 anos;<\/p>\n<p>\u2013 Covid-19: crian\u00e7as menores de 5 anos e grupos priorit\u00e1rios;<\/p>\n<p>\u2013 Vacinas do calend\u00e1rio de rotina;<\/p>\n<p>Hor\u00e1rio: 8h \u00e0s 16h (de segunda a sexta-feira).<\/p>\n<p><strong>Centro Municipal de Imuniza\u00e7\u00e3o<\/strong><\/p>\n<p>Vacinas de campanha:<\/p>\n<p>\u2013 Dengue: adolescentes de 10 a 14 anos;<\/p>\n<p>\u2013 Covid-19: crian\u00e7as menores de 5 anos e grupos priorit\u00e1rios;<\/p>\n<p>\u2013 Vacinas do calend\u00e1rio de rotina;<\/p>\n<p>Hor\u00e1rio: 8h \u00e0s 16h (de segunda a sexta-feira) e das 8h \u00e0s 12h (s\u00e1bado, domingo e feriado \u2013 apenas para vacina\u00e7\u00e3o de urg\u00eancia).<\/p>\n<p><strong>Home Center Ferreira Costa<\/strong><\/p>\n<p>Vacinas de campanha:<\/p>\n<p>\u2013 Dengue: adolescentes de 10 a 14 anos;<\/p>\n<p>\u2013 Covid-19: crian\u00e7as menores de 5 anos e grupos priorit\u00e1rios;<\/p>\n<p>\u2013 Vacinas do calend\u00e1rio de rotina;<\/p>\n<p>Hor\u00e1rio: 12h \u00e0s 21h (de segunda a sexta-feira) e das 8h \u00e0s 16h (s\u00e1bado).<\/p>\n<p><strong>Shopping Sul<\/strong><\/p>\n<p>Vacinas de campanha:<\/p>\n<p>\u2013 Dengue: adolescentes de 10 a 14 anos;<\/p>\n<p>\u2013 Covid-19: crian\u00e7as menores de 5 anos e grupos priorit\u00e1rios;<\/p>\n<p>\u2013 Vacinas do calend\u00e1rio de rotina;<\/p>\n<p>Hor\u00e1rio: 12h \u00e0s 21h (de segunda a sexta-feira) e das 10h \u00e0s 16h (s\u00e1bado).<\/p>\n<p><strong>Shopping Tambi\u00e1<\/strong><\/p>\n<p>Vacinas de campanha:<\/p>\n<p>\u2013 Dengue: adolescentes de 10 a 14 anos;<\/p>\n<p>\u2013 Covid-19: crian\u00e7as menores de 5 anos e grupos priorit\u00e1rios;<\/p>\n<p>\u2013 Vacinas do calend\u00e1rio de rotina;<\/p>\n<p>Hor\u00e1rio: 12h \u00e0s 20h (de segunda a sexta-feira) e das 9h \u00e0s 16h (s\u00e1bado).<\/p>\n<p><strong>Vacina\u00e7\u00e3o Domiciliar<\/strong><\/p>\n<p>Para ter acesso \u00e0 vacina\u00e7\u00e3o domiciliar, o usu\u00e1rio deve fazer o agendamento pelo aplicativo \u2018Jo\u00e3o Pessoa na Palma da M\u00e3o\u2019. Esse servi\u00e7o \u00e9 destinado \u00e0s pessoas acamadas (restritas ao leito).<\/p>\n<\/p><\/div>\n","protected":false},"excerpt":{"rendered":"<p>Nesta segunda-feira (24), a grande atra\u00e7\u00e3o na Via Folia \u00e9 o bloco Muri\u00e7oquinhas do Miramar e quem marcar\u00e1 presen\u00e7a no<\/p>\n","protected":false},"author":2,"featured_media":0,"comment_status":"","ping_status":"","sticky":false,"template":"","format":"standard","meta":{"colormag_page_container_layout":"default_layout","colormag_page_sidebar_layout":"default_layout","footnotes":""},"categories":[1],"tags":[],"class_list":["post-40026","post","type-post","status-publish","format-standard","hentry","category-ejornais"],"aioseo_notices":[],"amp_enabled":true,"_links":{"self":[{"href":"https:\/\/ejornais.com.br\/index.php\/wp-json\/wp\/v2\/posts\/40026","targetHints":{"allow":["GET"]}}],"collection":[{"href":"https:\/\/ejornais.com.br\/index.php\/wp-json\/wp\/v2\/posts"}],"about":[{"href":"https:\/\/ejornais.com.br\/index.php\/wp-json\/wp\/v2\/types\/post"}],"author":[{"embeddable":true,"href":"https:\/\/ejornais.com.br\/index.php\/wp-json\/wp\/v2\/users\/2"}],"replies":[{"embeddable":true,"href":"https:\/\/ejornais.com.br\/index.php\/wp-json\/wp\/v2\/comments?post=40026"}],"version-history":[{"count":0,"href":"https:\/\/ejornais.com.br\/index.php\/wp-json\/wp\/v2\/posts\/40026\/revisions"}],"wp:attachment":[{"href":"https:\/\/ejornais.com.br\/index.php\/wp-json\/wp\/v2\/media?parent=40026"}],"wp:term":[{"taxonomy":"category","embeddable":true,"href":"https:\/\/ejornais.com.br\/index.php\/wp-json\/wp\/v2\/categories?post=40026"},{"taxonomy":"post_tag","embeddable":true,"href":"https:\/\/ejornais.com.br\/index.php\/wp-json\/wp\/v2\/tags?post=40026"}],"curies":[{"name":"wp","href":"https:\/\/api.w.org\/{rel}","templated":true}]}}