{"id":40153,"date":"2025-02-26T13:17:03","date_gmt":"2025-02-26T16:17:03","guid":{"rendered":"https:\/\/ejornais.com.br\/index.php\/2025\/02\/26\/itaperuna-tera-desvio-da-br-356-com-obras-previstas-para-2026\/"},"modified":"2025-02-26T13:17:03","modified_gmt":"2025-02-26T16:17:03","slug":"itaperuna-tera-desvio-da-br-356-com-obras-previstas-para-2026","status":"publish","type":"post","link":"https:\/\/ejornais.com.br\/index.php\/2025\/02\/26\/itaperuna-tera-desvio-da-br-356-com-obras-previstas-para-2026\/","title":{"rendered":"Itaperuna ter\u00e1 desvio da BR-356 com obras previstas para 2026"},"content":{"rendered":"<p> Por MRNews<br \/>\n<\/p>\n<div wp_automatic_readability=\"164.17146159774\">\n<p>Por <a href=\"https:\/\/itaperunaonline.com.br\/category\/itaperuna-noticias\/\">Noticias de Itaperuna<\/a><\/p>\n<p><strong>Itaperuna ter\u00e1 desvio da BR-356 com obras previstas para 2026<\/strong><\/p>\n<p>A popula\u00e7\u00e3o do <strong>Noroeste Fluminense<\/strong> finalmente ver\u00e1 sair do papel um dos projetos mais esperados para a regi\u00e3o: o desvio da <strong>BR-356<\/strong>, em <strong>Itaperuna<\/strong>. A obra, prevista para iniciar em <strong>2026<\/strong>, promete melhorar a mobilidade urbana, reduzir congestionamentos e facilitar o escoamento da produ\u00e7\u00e3o agr\u00edcola, beneficiando especialmente o transporte de gr\u00e3os vindos do <strong>Rio de Janeiro<\/strong> e do <strong>Esp\u00edrito Santo<\/strong>.<\/p>\n<h2><strong>Impacto da obra para Itaperuna e regi\u00e3o<\/strong><\/h2>\n<p>O munic\u00edpio de <strong>Itaperuna<\/strong> \u00e9 um dos mais movimentados da regi\u00e3o, sendo um ponto estrat\u00e9gico para o tr\u00e1fego de ve\u00edculos de carga e transporte intermunicipal. Atualmente, a <strong>BR-356<\/strong> corta a cidade, sobrecarregando o tr\u00e2nsito local e prejudicando o deslocamento dos moradores.<\/p>\n<p>Com o <strong>desvio rodovi\u00e1rio<\/strong>, o tr\u00e1fego pesado ser\u00e1 direcionado para fora da \u00e1rea urbana, proporcionando diversos benef\u00edcios, como:<\/p>\n<ul>\n<li><strong>Redu\u00e7\u00e3o dos congestionamentos<\/strong>: Com menos ve\u00edculos pesados circulando dentro da cidade, o tr\u00e2nsito ficar\u00e1 mais fluido.<\/li>\n<li><strong>Menos impacto ambiental e sonoro<\/strong>: A movimenta\u00e7\u00e3o intensa de caminh\u00f5es gera polui\u00e7\u00e3o e ru\u00eddos excessivos, que ser\u00e3o minimizados com a nova rota.<\/li>\n<li><strong>Maior seguran\u00e7a vi\u00e1ria<\/strong>: A separa\u00e7\u00e3o entre ve\u00edculos de carga e tr\u00e1fego urbano diminuir\u00e1 os riscos de acidentes.<\/li>\n<li><strong>Facilidade no transporte de produtos agr\u00edcolas<\/strong>: Itaperuna e outras cidades do Noroeste Fluminense dependem do transporte de mercadorias, principalmente de gr\u00e3os e insumos agropecu\u00e1rios. A nova via facilitar\u00e1 o escoamento da produ\u00e7\u00e3o.<\/li>\n<\/ul>\n<h2><strong>Previs\u00e3o de in\u00edcio das obras<\/strong><\/h2>\n<p>Segundo informa\u00e7\u00f5es preliminares, a obra come\u00e7ar\u00e1 em <strong>2026<\/strong> e ser\u00e1 financiada por meio de parcerias entre o <strong>governo federal<\/strong>, o <strong>estado do Rio de Janeiro<\/strong> e empresas do setor log\u00edstico. Estudos de impacto ambiental e ajustes no tra\u00e7ado da rodovia ainda est\u00e3o em fase de finaliza\u00e7\u00e3o.<\/p>\n<p>A expectativa \u00e9 que a obra seja conclu\u00edda em alguns anos, trazendo melhorias n\u00e3o apenas para <strong>Itaperuna<\/strong>, mas para toda a regi\u00e3o do <strong>Noroeste Fluminense<\/strong>. Moradores e motoristas aguardam ansiosamente por essa mudan\u00e7a, que promete transformar a mobilidade local.<\/p>\n<hr\/>\n<p>Fique por dentro das atualiza\u00e7\u00f5es sobre essa e outras obras de infraestrutura na regi\u00e3o!<\/p>\n<p><strong>Prefeito Nel Medeiros de Itaperuna Fortalece Parcerias e Busca Investimentos em Bras\u00edlia<\/strong><\/p>\n<p>Na \u00faltima semana, o prefeito de Itaperuna, Nel Medeiros, esteve em Bras\u00edlia em uma s\u00e9rie de reuni\u00f5es estrat\u00e9gicas com ministros e deputados federais. O objetivo principal das discuss\u00f5es foi buscar recursos e fortalecer parcerias para melhorar \u00e1reas essenciais de Itaperuna, como sa\u00fade, infraestrutura e desenvolvimento regional.<\/p>\n<p><strong>Avan\u00e7os na Sa\u00fade de Itaperuna<\/strong><\/p>\n<p>A sa\u00fade foi uma das prioridades durante a visita \u00e0 capital federal. O prefeito Nel Medeiros, acompanhado pelo secret\u00e1rio municipal de Sa\u00fade, S\u00e1vio Sab\u00f3ia, teve importantes encontros para garantir mais recursos e melhorias para o munic\u00edpio. Em uma das reuni\u00f5es mais relevantes, o prefeito se encontrou com a ministra da Sa\u00fade, N\u00edsia Trindade, e o deputado federal Hugo Leal para discutir a atualiza\u00e7\u00e3o do teto de recursos do Hospital S\u00e3o Jos\u00e9 do Ava\u00ed, essencial para fortalecer a infraestrutura hospitalar e otimizar o atendimento \u00e0 popula\u00e7\u00e3o.<\/p>\n<p>Al\u00e9m disso, Nel apresentou o projeto para a constru\u00e7\u00e3o de um Hospital Pedi\u00e1trico Regional em Itaperuna, com foco em diagn\u00f3sticos e tratamentos especializados para doen\u00e7as raras. A sa\u00fade tamb\u00e9m esteve em pauta em outros encontros, como o com a deputada federal Chris Tonietto, que garantiu um teto MAC de R$ 2,1 milh\u00f5es para cirurgias eletivas, ajudando a reduzir as filas de espera e proporcionar melhor qualidade de vida para os pacientes.<\/p>\n<p><strong>Investimentos em Infraestrutura<\/strong><\/p>\n<p>A infraestrutura tamb\u00e9m foi um ponto crucial nas reuni\u00f5es realizadas em Bras\u00edlia. O prefeito Nel Medeiros se reuniu com o ministro dos Transportes, George Santoro, e o deputado Hugo Leal para discutir a moderniza\u00e7\u00e3o da BR-356, estrada fundamental para a mobilidade de Itaperuna e munic\u00edpios vizinhos. O projeto visa melhorar o tr\u00e1fego, garantir mais seguran\u00e7a e impulsionar o desenvolvimento econ\u00f4mico da regi\u00e3o.<\/p>\n<p>Outro tema importante discutido foi o atendimento oncol\u00f3gico em Itaperuna. O deputado federal Max Lemos se comprometeu com a aquisi\u00e7\u00e3o de equipamentos para melhorar o tratamento de pacientes com c\u00e2ncer, garantindo mais conforto e efici\u00eancia no servi\u00e7o.<\/p>\n<p><strong>Fortalecimento de Parcerias<\/strong><\/p>\n<p>Al\u00e9m dos encontros com ministros, o prefeito tamb\u00e9m se reuniu com deputados federais como Altineu Cort\u00eas, J\u00falio Lopes, Gutemberg Reis e Luiz Lima, com o intuito de consolidar parcerias e garantir investimentos em \u00e1reas como educa\u00e7\u00e3o, seguran\u00e7a p\u00fablica e sa\u00fade. A gest\u00e3o de Nel Medeiros est\u00e1 focada em buscar solu\u00e7\u00f5es concretas para os desafios do munic\u00edpio, promovendo uma articula\u00e7\u00e3o constante com o Governo Federal e o Congresso Nacional.<\/p>\n<p>A expectativa \u00e9 que as parcerias estabelecidas e os recursos obtidos em Bras\u00edlia contribuam para o desenvolvimento de Itaperuna e para a melhoria da qualidade de vida dos seus habitantes.<\/p>\n<p><strong>Fonte: Ascom<\/strong><\/p>\n<p><strong>Pol\u00edcia Apreende 200 Kg de Fios de Cobre Queimados em Itaperuna<\/strong><\/p>\n<p>Na manh\u00e3 desta segunda-feira (24), a Pol\u00edcia Civil e a Pol\u00edcia Militar de Itaperuna apreenderam aproximadamente 200 quilos de fios de cobre queimados. O material foi encontrado pr\u00f3ximo ao Unidos Atl\u00e9tico Clube, na Estrada Mour\u00e3o Filho, que conecta os bairros Vinhosa e Aeroporto.<\/p>\n<p>A opera\u00e7\u00e3o foi desencadeada ap\u00f3s uma den\u00fancia an\u00f4nima informando que suspeitos estavam queimando objetos no local. Contudo, quando os agentes da 143\u00aa Delegacia de Pol\u00edcia (DP) e do 29\u00ba Batalh\u00e3o de Pol\u00edcia Militar (BPM) chegaram \u00e0 \u00e1rea, nenhum suspeito foi encontrado.<\/p>\n<p>O material apreendido foi encaminhado para a delegacia, onde ser\u00e1 realizada uma investiga\u00e7\u00e3o para identificar a origem dos fios e os respons\u00e1veis pelo crime. O furto e a queima de cabos de cobre s\u00e3o pr\u00e1ticas recorrentes e representam um grande problema para a infraestrutura p\u00fablica e privada, afetando o fornecimento de energia e comunica\u00e7\u00f5es na regi\u00e3o.<\/p>\n<p>As autoridades seguem investigando o caso e solicitam a colabora\u00e7\u00e3o da popula\u00e7\u00e3o para denunciar qualquer atividade suspeita. Informa\u00e7\u00f5es podem ser repassadas anonimamente por meio dos canais oficiais da Pol\u00edcia Civil e da Pol\u00edcia Militar.<\/p>\n<h3><strong>Roubo de Cobre: Um Problema Recorrente<\/strong><\/h3>\n<p>O furto de fios de cobre tem se tornado uma preocupa\u00e7\u00e3o crescente em diversas cidades do Brasil. Os criminosos retiram cabos da rede el\u00e9trica, telefonia e internet para vender o metal no mercado ilegal, causando preju\u00edzos significativos a empresas e \u00f3rg\u00e3os p\u00fablicos. A queima do material \u00e9 frequentemente utilizada para remover o revestimento pl\u00e1stico e facilitar a comercializa\u00e7\u00e3o, gerando impactos ambientais e riscos \u00e0 sa\u00fade devido \u00e0 libera\u00e7\u00e3o de subst\u00e2ncias t\u00f3xicas.<\/p>\n<h3><strong>Ajude a Combater o Crime<\/strong><\/h3>\n<p>A popula\u00e7\u00e3o pode contribuir no combate a esse tipo de crime denunciando atividades suspeitas para a pol\u00edcia. Qualquer informa\u00e7\u00e3o pode ser crucial para identificar os envolvidos e evitar novos preju\u00edzos para a cidade.<\/p>\n<p>\u00a0<\/p>\n<p><!-- CONTENT END 2 --><\/p><\/div>\n","protected":false},"excerpt":{"rendered":"<p>Por MRNews Por Noticias de Itaperuna Itaperuna ter\u00e1 desvio da BR-356 com obras previstas para 2026 A popula\u00e7\u00e3o do Noroeste<\/p>\n","protected":false},"author":2,"featured_media":0,"comment_status":"","ping_status":"","sticky":false,"template":"","format":"standard","meta":{"colormag_page_container_layout":"default_layout","colormag_page_sidebar_layout":"default_layout","footnotes":""},"categories":[1],"tags":[],"class_list":["post-40153","post","type-post","status-publish","format-standard","hentry","category-ejornais"],"aioseo_notices":[],"aioseo_head":"\n\t\t<!-- All in One SEO 5.0.1.1 - aioseo.com -->\n\t<meta name=\"description\" content=\"Por MRNews Por Noticias de Itaperuna Itaperuna ter\u00e1 desvio da BR-356 com obras previstas para 2026 A popula\u00e7\u00e3o do Noroeste Fluminense finalmente ver\u00e1 sair do papel um dos projetos mais esperados para a regi\u00e3o: o desvio da BR-356, em Itaperuna. A obra, prevista para iniciar em 2026, promete melhorar a mobilidade urbana, reduzir congestionamentos e\" \/>\n\t<meta name=\"robots\" content=\"max-image-preview:large\" \/>\n\t<meta name=\"author\" content=\"admin1\"\/>\n\t<link rel=\"canonical\" href=\"https:\/\/ejornais.com.br\/index.php\/2025\/02\/26\/itaperuna-tera-desvio-da-br-356-com-obras-previstas-para-2026\/\" \/>\n\t<meta name=\"generator\" content=\"All in One SEO (AIOSEO) 5.0.1.1\" \/>\n\t\t<meta property=\"og:locale\" content=\"pt_BR\" \/>\n\t\t<meta property=\"og:site_name\" content=\"eJornais - Cat\u00e1logo de Jornais no mundo, Not\u00edcias, Blog e Esportes ao vivo\" \/>\n\t\t<meta property=\"og:type\" content=\"article\" \/>\n\t\t<meta property=\"og:title\" content=\"Itaperuna ter\u00e1 desvio da BR-356 com obras previstas para 2026 - eJornais\" \/>\n\t\t<meta property=\"og:description\" content=\"Por MRNews Por Noticias de Itaperuna Itaperuna ter\u00e1 desvio da BR-356 com obras previstas para 2026 A popula\u00e7\u00e3o do Noroeste Fluminense finalmente ver\u00e1 sair do papel um dos projetos mais esperados para a regi\u00e3o: o desvio da BR-356, em Itaperuna. A obra, prevista para iniciar em 2026, promete melhorar a mobilidade urbana, reduzir congestionamentos e\" \/>\n\t\t<meta property=\"og:url\" content=\"https:\/\/ejornais.com.br\/index.php\/2025\/02\/26\/itaperuna-tera-desvio-da-br-356-com-obras-previstas-para-2026\/\" \/>\n\t\t<meta property=\"article:published_time\" content=\"2025-02-26T16:17:03+00:00\" \/>\n\t\t<meta property=\"article:modified_time\" content=\"2025-02-26T16:17:03+00:00\" \/>\n\t\t<meta name=\"twitter:card\" content=\"summary_large_image\" \/>\n\t\t<meta name=\"twitter:title\" content=\"Itaperuna ter\u00e1 desvio da BR-356 com obras previstas para 2026 - eJornais\" \/>\n\t\t<meta name=\"twitter:description\" content=\"Por MRNews Por Noticias de Itaperuna Itaperuna ter\u00e1 desvio da BR-356 com obras previstas para 2026 A popula\u00e7\u00e3o do Noroeste Fluminense finalmente ver\u00e1 sair do papel um dos projetos mais esperados para a regi\u00e3o: o desvio da BR-356, em Itaperuna. A obra, prevista para iniciar em 2026, promete melhorar a mobilidade urbana, reduzir congestionamentos e\" \/>\n\t\t<script type=\"application\/ld+json\" class=\"aioseo-schema\">\n\t\t\t{\"@context\":\"https:\\\/\\\/schema.org\",\"@graph\":[{\"@type\":\"BlogPosting\",\"@id\":\"https:\\\/\\\/ejornais.com.br\\\/index.php\\\/2025\\\/02\\\/26\\\/itaperuna-tera-desvio-da-br-356-com-obras-previstas-para-2026\\\/#blogposting\",\"name\":\"Itaperuna ter\\u00e1 desvio da BR-356 com obras previstas para 2026 - eJornais\",\"headline\":\"Itaperuna ter\\u00e1 desvio da BR-356 com obras previstas para 2026\",\"author\":{\"@id\":\"https:\\\/\\\/ejornais.com.br\\\/index.php\\\/author\\\/admin1\\\/#author\"},\"publisher\":{\"@id\":\"https:\\\/\\\/ejornais.com.br\\\/#organization\"},\"datePublished\":\"2025-02-26T13:17:03-03:00\",\"dateModified\":\"2025-02-26T13:17:03-03:00\",\"inLanguage\":\"pt-BR\",\"mainEntityOfPage\":{\"@id\":\"https:\\\/\\\/ejornais.com.br\\\/index.php\\\/2025\\\/02\\\/26\\\/itaperuna-tera-desvio-da-br-356-com-obras-previstas-para-2026\\\/#webpage\"},\"isPartOf\":{\"@id\":\"https:\\\/\\\/ejornais.com.br\\\/index.php\\\/2025\\\/02\\\/26\\\/itaperuna-tera-desvio-da-br-356-com-obras-previstas-para-2026\\\/#webpage\"},\"articleSection\":\"Cat\\u00e1logo de Jornais\"},{\"@type\":\"BreadcrumbList\",\"@id\":\"https:\\\/\\\/ejornais.com.br\\\/index.php\\\/2025\\\/02\\\/26\\\/itaperuna-tera-desvio-da-br-356-com-obras-previstas-para-2026\\\/#breadcrumblist\",\"itemListElement\":[{\"@type\":\"ListItem\",\"@id\":\"https:\\\/\\\/ejornais.com.br#listItem\",\"position\":1,\"name\":\"In\\u00edcio\",\"item\":\"https:\\\/\\\/ejornais.com.br\",\"nextItem\":{\"@type\":\"ListItem\",\"@id\":\"https:\\\/\\\/ejornais.com.br\\\/index.php\\\/category\\\/ejornais\\\/#listItem\",\"name\":\"Cat\\u00e1logo de Jornais\"}},{\"@type\":\"ListItem\",\"@id\":\"https:\\\/\\\/ejornais.com.br\\\/index.php\\\/category\\\/ejornais\\\/#listItem\",\"position\":2,\"name\":\"Cat\\u00e1logo de Jornais\",\"item\":\"https:\\\/\\\/ejornais.com.br\\\/index.php\\\/category\\\/ejornais\\\/\",\"nextItem\":{\"@type\":\"ListItem\",\"@id\":\"https:\\\/\\\/ejornais.com.br\\\/index.php\\\/2025\\\/02\\\/26\\\/itaperuna-tera-desvio-da-br-356-com-obras-previstas-para-2026\\\/#listItem\",\"name\":\"Itaperuna ter\\u00e1 desvio da BR-356 com obras previstas para 2026\"},\"previousItem\":{\"@type\":\"ListItem\",\"@id\":\"https:\\\/\\\/ejornais.com.br#listItem\",\"name\":\"In\\u00edcio\"}},{\"@type\":\"ListItem\",\"@id\":\"https:\\\/\\\/ejornais.com.br\\\/index.php\\\/2025\\\/02\\\/26\\\/itaperuna-tera-desvio-da-br-356-com-obras-previstas-para-2026\\\/#listItem\",\"position\":3,\"name\":\"Itaperuna ter\\u00e1 desvio da BR-356 com obras previstas para 2026\",\"previousItem\":{\"@type\":\"ListItem\",\"@id\":\"https:\\\/\\\/ejornais.com.br\\\/index.php\\\/category\\\/ejornais\\\/#listItem\",\"name\":\"Cat\\u00e1logo de Jornais\"}}]},{\"@type\":\"Organization\",\"@id\":\"https:\\\/\\\/ejornais.com.br\\\/#organization\",\"name\":\"eJornais\",\"description\":\"Cat\\u00e1logo de Jornais no mundo, Not\\u00edcias, Blog e Esportes ao vivo\",\"url\":\"https:\\\/\\\/ejornais.com.br\\\/\"},{\"@type\":\"Person\",\"@id\":\"https:\\\/\\\/ejornais.com.br\\\/index.php\\\/author\\\/admin1\\\/#author\",\"url\":\"https:\\\/\\\/ejornais.com.br\\\/index.php\\\/author\\\/admin1\\\/\",\"name\":\"admin1\",\"image\":{\"@type\":\"ImageObject\",\"@id\":\"https:\\\/\\\/ejornais.com.br\\\/index.php\\\/2025\\\/02\\\/26\\\/itaperuna-tera-desvio-da-br-356-com-obras-previstas-para-2026\\\/#authorImage\",\"url\":\"https:\\\/\\\/secure.gravatar.com\\\/avatar\\\/04084e6d73c042b8646e7c17b494073bf0ede3ea13c7105cfc45cbbbc28385a4?s=96&d=mm&r=g\",\"width\":96,\"height\":96,\"caption\":\"admin1\"}},{\"@type\":\"WebPage\",\"@id\":\"https:\\\/\\\/ejornais.com.br\\\/index.php\\\/2025\\\/02\\\/26\\\/itaperuna-tera-desvio-da-br-356-com-obras-previstas-para-2026\\\/#webpage\",\"url\":\"https:\\\/\\\/ejornais.com.br\\\/index.php\\\/2025\\\/02\\\/26\\\/itaperuna-tera-desvio-da-br-356-com-obras-previstas-para-2026\\\/\",\"name\":\"Itaperuna ter\\u00e1 desvio da BR-356 com obras previstas para 2026 - eJornais\",\"description\":\"Por MRNews Por Noticias de Itaperuna Itaperuna ter\\u00e1 desvio da BR-356 com obras previstas para 2026 A popula\\u00e7\\u00e3o do Noroeste Fluminense finalmente ver\\u00e1 sair do papel um dos projetos mais esperados para a regi\\u00e3o: o desvio da BR-356, em Itaperuna. A obra, prevista para iniciar em 2026, promete melhorar a mobilidade urbana, reduzir congestionamentos e\",\"inLanguage\":\"pt-BR\",\"isPartOf\":{\"@id\":\"https:\\\/\\\/ejornais.com.br\\\/#website\"},\"breadcrumb\":{\"@id\":\"https:\\\/\\\/ejornais.com.br\\\/index.php\\\/2025\\\/02\\\/26\\\/itaperuna-tera-desvio-da-br-356-com-obras-previstas-para-2026\\\/#breadcrumblist\"},\"author\":{\"@id\":\"https:\\\/\\\/ejornais.com.br\\\/index.php\\\/author\\\/admin1\\\/#author\"},\"creator\":{\"@id\":\"https:\\\/\\\/ejornais.com.br\\\/index.php\\\/author\\\/admin1\\\/#author\"},\"datePublished\":\"2025-02-26T13:17:03-03:00\",\"dateModified\":\"2025-02-26T13:17:03-03:00\"},{\"@type\":\"WebSite\",\"@id\":\"https:\\\/\\\/ejornais.com.br\\\/#website\",\"url\":\"https:\\\/\\\/ejornais.com.br\\\/\",\"name\":\"eJornais\",\"description\":\"Cat\\u00e1logo de Jornais no mundo, Not\\u00edcias, Blog e Esportes ao vivo\",\"inLanguage\":\"pt-BR\",\"publisher\":{\"@id\":\"https:\\\/\\\/ejornais.com.br\\\/#organization\"}}]}\n\t\t<\/script>\n\t\t<!-- All in One SEO -->\n\n","aioseo_head_json":{"title":"Itaperuna ter\u00e1 desvio da BR-356 com obras previstas para 2026 - eJornais","description":"Por MRNews Por Noticias de Itaperuna Itaperuna ter\u00e1 desvio da BR-356 com obras previstas para 2026 A popula\u00e7\u00e3o do Noroeste Fluminense finalmente ver\u00e1 sair do papel um dos projetos mais esperados para a regi\u00e3o: o desvio da BR-356, em Itaperuna. A obra, prevista para iniciar em 2026, promete melhorar a mobilidade urbana, reduzir congestionamentos e","canonical_url":"https:\/\/ejornais.com.br\/index.php\/2025\/02\/26\/itaperuna-tera-desvio-da-br-356-com-obras-previstas-para-2026\/","robots":"max-image-preview:large","keywords":"","webmasterTools":{"miscellaneous":""},"schema":{"@context":"https:\/\/schema.org","@graph":[{"@type":"BlogPosting","@id":"https:\/\/ejornais.com.br\/index.php\/2025\/02\/26\/itaperuna-tera-desvio-da-br-356-com-obras-previstas-para-2026\/#blogposting","name":"Itaperuna ter\u00e1 desvio da BR-356 com obras previstas para 2026 - eJornais","headline":"Itaperuna ter\u00e1 desvio da BR-356 com obras previstas para 2026","author":{"@id":"https:\/\/ejornais.com.br\/index.php\/author\/admin1\/#author"},"publisher":{"@id":"https:\/\/ejornais.com.br\/#organization"},"datePublished":"2025-02-26T13:17:03-03:00","dateModified":"2025-02-26T13:17:03-03:00","inLanguage":"pt-BR","mainEntityOfPage":{"@id":"https:\/\/ejornais.com.br\/index.php\/2025\/02\/26\/itaperuna-tera-desvio-da-br-356-com-obras-previstas-para-2026\/#webpage"},"isPartOf":{"@id":"https:\/\/ejornais.com.br\/index.php\/2025\/02\/26\/itaperuna-tera-desvio-da-br-356-com-obras-previstas-para-2026\/#webpage"},"articleSection":"Cat\u00e1logo de Jornais"},{"@type":"BreadcrumbList","@id":"https:\/\/ejornais.com.br\/index.php\/2025\/02\/26\/itaperuna-tera-desvio-da-br-356-com-obras-previstas-para-2026\/#breadcrumblist","itemListElement":[{"@type":"ListItem","@id":"https:\/\/ejornais.com.br#listItem","position":1,"name":"In\u00edcio","item":"https:\/\/ejornais.com.br","nextItem":{"@type":"ListItem","@id":"https:\/\/ejornais.com.br\/index.php\/category\/ejornais\/#listItem","name":"Cat\u00e1logo de Jornais"}},{"@type":"ListItem","@id":"https:\/\/ejornais.com.br\/index.php\/category\/ejornais\/#listItem","position":2,"name":"Cat\u00e1logo de Jornais","item":"https:\/\/ejornais.com.br\/index.php\/category\/ejornais\/","nextItem":{"@type":"ListItem","@id":"https:\/\/ejornais.com.br\/index.php\/2025\/02\/26\/itaperuna-tera-desvio-da-br-356-com-obras-previstas-para-2026\/#listItem","name":"Itaperuna ter\u00e1 desvio da BR-356 com obras previstas para 2026"},"previousItem":{"@type":"ListItem","@id":"https:\/\/ejornais.com.br#listItem","name":"In\u00edcio"}},{"@type":"ListItem","@id":"https:\/\/ejornais.com.br\/index.php\/2025\/02\/26\/itaperuna-tera-desvio-da-br-356-com-obras-previstas-para-2026\/#listItem","position":3,"name":"Itaperuna ter\u00e1 desvio da BR-356 com obras previstas para 2026","previousItem":{"@type":"ListItem","@id":"https:\/\/ejornais.com.br\/index.php\/category\/ejornais\/#listItem","name":"Cat\u00e1logo de Jornais"}}]},{"@type":"Organization","@id":"https:\/\/ejornais.com.br\/#organization","name":"eJornais","description":"Cat\u00e1logo de Jornais no mundo, Not\u00edcias, Blog e Esportes ao vivo","url":"https:\/\/ejornais.com.br\/"},{"@type":"Person","@id":"https:\/\/ejornais.com.br\/index.php\/author\/admin1\/#author","url":"https:\/\/ejornais.com.br\/index.php\/author\/admin1\/","name":"admin1","image":{"@type":"ImageObject","@id":"https:\/\/ejornais.com.br\/index.php\/2025\/02\/26\/itaperuna-tera-desvio-da-br-356-com-obras-previstas-para-2026\/#authorImage","url":"https:\/\/secure.gravatar.com\/avatar\/04084e6d73c042b8646e7c17b494073bf0ede3ea13c7105cfc45cbbbc28385a4?s=96&d=mm&r=g","width":96,"height":96,"caption":"admin1"}},{"@type":"WebPage","@id":"https:\/\/ejornais.com.br\/index.php\/2025\/02\/26\/itaperuna-tera-desvio-da-br-356-com-obras-previstas-para-2026\/#webpage","url":"https:\/\/ejornais.com.br\/index.php\/2025\/02\/26\/itaperuna-tera-desvio-da-br-356-com-obras-previstas-para-2026\/","name":"Itaperuna ter\u00e1 desvio da BR-356 com obras previstas para 2026 - eJornais","description":"Por MRNews Por Noticias de Itaperuna Itaperuna ter\u00e1 desvio da BR-356 com obras previstas para 2026 A popula\u00e7\u00e3o do Noroeste Fluminense finalmente ver\u00e1 sair do papel um dos projetos mais esperados para a regi\u00e3o: o desvio da BR-356, em Itaperuna. A obra, prevista para iniciar em 2026, promete melhorar a mobilidade urbana, reduzir congestionamentos e","inLanguage":"pt-BR","isPartOf":{"@id":"https:\/\/ejornais.com.br\/#website"},"breadcrumb":{"@id":"https:\/\/ejornais.com.br\/index.php\/2025\/02\/26\/itaperuna-tera-desvio-da-br-356-com-obras-previstas-para-2026\/#breadcrumblist"},"author":{"@id":"https:\/\/ejornais.com.br\/index.php\/author\/admin1\/#author"},"creator":{"@id":"https:\/\/ejornais.com.br\/index.php\/author\/admin1\/#author"},"datePublished":"2025-02-26T13:17:03-03:00","dateModified":"2025-02-26T13:17:03-03:00"},{"@type":"WebSite","@id":"https:\/\/ejornais.com.br\/#website","url":"https:\/\/ejornais.com.br\/","name":"eJornais","description":"Cat\u00e1logo de Jornais no mundo, Not\u00edcias, Blog e Esportes ao vivo","inLanguage":"pt-BR","publisher":{"@id":"https:\/\/ejornais.com.br\/#organization"}}]},"og:locale":"pt_BR","og:site_name":"eJornais - Cat\u00e1logo de Jornais no mundo, Not\u00edcias, Blog e Esportes ao vivo","og:type":"article","og:title":"Itaperuna ter\u00e1 desvio da BR-356 com obras previstas para 2026 - eJornais","og:description":"Por MRNews Por Noticias de Itaperuna Itaperuna ter\u00e1 desvio da BR-356 com obras previstas para 2026 A popula\u00e7\u00e3o do Noroeste Fluminense finalmente ver\u00e1 sair do papel um dos projetos mais esperados para a regi\u00e3o: o desvio da BR-356, em Itaperuna. A obra, prevista para iniciar em 2026, promete melhorar a mobilidade urbana, reduzir congestionamentos e","og:url":"https:\/\/ejornais.com.br\/index.php\/2025\/02\/26\/itaperuna-tera-desvio-da-br-356-com-obras-previstas-para-2026\/","article:published_time":"2025-02-26T16:17:03+00:00","article:modified_time":"2025-02-26T16:17:03+00:00","twitter:card":"summary_large_image","twitter:title":"Itaperuna ter\u00e1 desvio da BR-356 com obras previstas para 2026 - eJornais","twitter:description":"Por MRNews Por Noticias de Itaperuna Itaperuna ter\u00e1 desvio da BR-356 com obras previstas para 2026 A popula\u00e7\u00e3o do Noroeste Fluminense finalmente ver\u00e1 sair do papel um dos projetos mais esperados para a regi\u00e3o: o desvio da BR-356, em Itaperuna. A obra, prevista para iniciar em 2026, promete melhorar a mobilidade urbana, reduzir congestionamentos e"},"aioseo_meta_data":{"post_id":"40153","title":null,"description":null,"keywords":null,"keyphrases":null,"primary_term":null,"canonical_url":null,"og_title":null,"og_description":null,"og_object_type":"default","og_image_type":"default","og_image_url":null,"og_image_width":null,"og_image_height":null,"og_image_custom_url":null,"og_image_custom_fields":null,"og_video":null,"og_custom_url":null,"og_article_section":null,"og_article_tags":null,"twitter_use_og":false,"twitter_card":"default","twitter_image_type":"default","twitter_image_url":null,"twitter_image_custom_url":null,"twitter_image_custom_fields":null,"twitter_title":null,"twitter_description":null,"schema":{"blockGraphs":[],"customGraphs":[],"default":{"data":{"Article":[],"Course":[],"Dataset":[],"FAQPage":[],"Movie":[],"Person":[],"Product":[],"ProductReview":[],"Car":[],"Recipe":[],"Service":[],"SoftwareApplication":[],"WebPage":[]},"graphName":"","isEnabled":true},"graphs":[]},"schema_type":"default","schema_type_options":null,"pillar_content":false,"robots_default":true,"robots_noindex":false,"robots_noarchive":false,"robots_nosnippet":false,"robots_nofollow":false,"robots_noimageindex":false,"robots_noodp":false,"robots_notranslate":false,"robots_max_snippet":null,"robots_max_videopreview":null,"robots_max_imagepreview":"large","priority":null,"frequency":null,"local_seo":null,"breadcrumb_settings":null,"limit_modified_date":false,"ai":null,"created":"2025-02-26 16:24:38","updated":"2025-06-06 12:05:13","seo_analyzer_scan_date":null,"focus_keyword":null,"additional_keywords":null,"truseo_locale":null},"aioseo_breadcrumb":"<div class=\"aioseo-breadcrumbs\"><span class=\"aioseo-breadcrumb\">\n\t\t\t<a href=\"https:\/\/ejornais.com.br\" title=\"In\u00edcio\">In\u00edcio<\/a>\n\t\t<\/span><span class=\"aioseo-breadcrumb-separator\">&raquo;<\/span><span class=\"aioseo-breadcrumb\">\n\t\t\t<a href=\"https:\/\/ejornais.com.br\/index.php\/category\/ejornais\/\" title=\"Cat\u00e1logo de Jornais\">Cat\u00e1logo de Jornais<\/a>\n\t\t<\/span><span class=\"aioseo-breadcrumb-separator\">&raquo;<\/span><span class=\"aioseo-breadcrumb\">\n\t\t\tItaperuna ter\u00e1 desvio da BR-356 com obras previstas para 2026\n\t\t<\/span><\/div>","aioseo_breadcrumb_json":[{"label":"In\u00edcio","link":"https:\/\/ejornais.com.br"},{"label":"Cat\u00e1logo de Jornais","link":"https:\/\/ejornais.com.br\/index.php\/category\/ejornais\/"},{"label":"Itaperuna ter\u00e1 desvio da BR-356 com obras previstas para 2026","link":"https:\/\/ejornais.com.br\/index.php\/2025\/02\/26\/itaperuna-tera-desvio-da-br-356-com-obras-previstas-para-2026\/"}],"amp_enabled":true,"_links":{"self":[{"href":"https:\/\/ejornais.com.br\/index.php\/wp-json\/wp\/v2\/posts\/40153","targetHints":{"allow":["GET"]}}],"collection":[{"href":"https:\/\/ejornais.com.br\/index.php\/wp-json\/wp\/v2\/posts"}],"about":[{"href":"https:\/\/ejornais.com.br\/index.php\/wp-json\/wp\/v2\/types\/post"}],"author":[{"embeddable":true,"href":"https:\/\/ejornais.com.br\/index.php\/wp-json\/wp\/v2\/users\/2"}],"replies":[{"embeddable":true,"href":"https:\/\/ejornais.com.br\/index.php\/wp-json\/wp\/v2\/comments?post=40153"}],"version-history":[{"count":0,"href":"https:\/\/ejornais.com.br\/index.php\/wp-json\/wp\/v2\/posts\/40153\/revisions"}],"wp:attachment":[{"href":"https:\/\/ejornais.com.br\/index.php\/wp-json\/wp\/v2\/media?parent=40153"}],"wp:term":[{"taxonomy":"category","embeddable":true,"href":"https:\/\/ejornais.com.br\/index.php\/wp-json\/wp\/v2\/categories?post=40153"},{"taxonomy":"post_tag","embeddable":true,"href":"https:\/\/ejornais.com.br\/index.php\/wp-json\/wp\/v2\/tags?post=40153"}],"curies":[{"name":"wp","href":"https:\/\/api.w.org\/{rel}","templated":true}]}}