{"id":40571,"date":"2025-03-06T21:49:49","date_gmt":"2025-03-07T00:49:49","guid":{"rendered":"https:\/\/ejornais.com.br\/index.php\/2025\/03\/06\/convocacao-para-reuniao-do-comtur-guaratingueta-prefeitura-estancia-turistica-guaratingueta\/"},"modified":"2025-03-06T21:49:49","modified_gmt":"2025-03-07T00:49:49","slug":"convocacao-para-reuniao-do-comtur-guaratingueta-prefeitura-estancia-turistica-guaratingueta","status":"publish","type":"post","link":"https:\/\/ejornais.com.br\/index.php\/2025\/03\/06\/convocacao-para-reuniao-do-comtur-guaratingueta-prefeitura-estancia-turistica-guaratingueta\/","title":{"rendered":"Convoca\u00e7\u00e3o para Reuni\u00e3o do COMTUR Guaratinguet\u00e1 \u2013 Prefeitura Est\u00e2ncia Tur\u00edstica Guaratinguet\u00e1"},"content":{"rendered":"<p><\/p>\n<div>\n<p>\u00a0<\/p>\n<p>O COMTUR (Conselho Municipal de Turismo) convoca os Conselheiros Titulares e Suplentes para a pr\u00f3xima reuni\u00e3o.<\/p>\n<p>\u00a0Data: 11 de mar\u00e7o de 2025<br \/>\u00a0Hor\u00e1rio: 18h (1\u00aa chamada) | 18h30 (2\u00aa chamada)<br \/>Local: SINCOM\u00c9RCIO \u2013 Rua Pires Barbosa, 190, Vila Alves<\/p>\n<p>\u00a0Pauta da reuni\u00e3o:<br \/>\u2022 Abertura e informa\u00e7\u00f5es da presid\u00eancia<br \/>\u2022Leitura e aprova\u00e7\u00e3o da Ata de Fevereiro<br \/>\u2022Correspond\u00eancias recebidas e enviadas<br \/>Obras e reuni\u00e3o com SETURSP \u2013 DADETUR<br \/>\u2022Palestra: A Lei do Guia de Turismo em Guaratinguet\u00e1, com M\u00e1rcio (Presidente AGCTUR)<br \/>\u2022Palavra aberta aos Conselheiros<br \/>\u2022Encerramento e congra\u00e7amento<\/p>\n<p>A participa\u00e7\u00e3o de todos \u00e9 fundamental para o fortalecimento do turismo em nossa cidade. Contamos com voc\u00eas.\u00a0<\/p>\n<\/p><\/div>\n","protected":false},"excerpt":{"rendered":"<p>\u00a0 O COMTUR (Conselho Municipal de Turismo) convoca os Conselheiros Titulares e Suplentes para a pr\u00f3xima reuni\u00e3o. \u00a0Data: 11 de<\/p>\n","protected":false},"author":2,"featured_media":0,"comment_status":"","ping_status":"","sticky":false,"template":"","format":"standard","meta":{"colormag_page_container_layout":"default_layout","colormag_page_sidebar_layout":"default_layout","footnotes":""},"categories":[1],"tags":[],"class_list":["post-40571","post","type-post","status-publish","format-standard","hentry","category-ejornais"],"aioseo_notices":[],"amp_enabled":true,"_links":{"self":[{"href":"https:\/\/ejornais.com.br\/index.php\/wp-json\/wp\/v2\/posts\/40571","targetHints":{"allow":["GET"]}}],"collection":[{"href":"https:\/\/ejornais.com.br\/index.php\/wp-json\/wp\/v2\/posts"}],"about":[{"href":"https:\/\/ejornais.com.br\/index.php\/wp-json\/wp\/v2\/types\/post"}],"author":[{"embeddable":true,"href":"https:\/\/ejornais.com.br\/index.php\/wp-json\/wp\/v2\/users\/2"}],"replies":[{"embeddable":true,"href":"https:\/\/ejornais.com.br\/index.php\/wp-json\/wp\/v2\/comments?post=40571"}],"version-history":[{"count":0,"href":"https:\/\/ejornais.com.br\/index.php\/wp-json\/wp\/v2\/posts\/40571\/revisions"}],"wp:attachment":[{"href":"https:\/\/ejornais.com.br\/index.php\/wp-json\/wp\/v2\/media?parent=40571"}],"wp:term":[{"taxonomy":"category","embeddable":true,"href":"https:\/\/ejornais.com.br\/index.php\/wp-json\/wp\/v2\/categories?post=40571"},{"taxonomy":"post_tag","embeddable":true,"href":"https:\/\/ejornais.com.br\/index.php\/wp-json\/wp\/v2\/tags?post=40571"}],"curies":[{"name":"wp","href":"https:\/\/api.w.org\/{rel}","templated":true}]}}