{"id":40614,"date":"2025-03-07T15:01:37","date_gmt":"2025-03-07T18:01:37","guid":{"rendered":"https:\/\/ejornais.com.br\/index.php\/2025\/03\/07\/celebrando-dia-das-mulheres-sesau-realiza-cafe-da-manha-para-servidoras-cgnoticias\/"},"modified":"2025-03-07T15:01:37","modified_gmt":"2025-03-07T18:01:37","slug":"celebrando-dia-das-mulheres-sesau-realiza-cafe-da-manha-para-servidoras-cgnoticias","status":"publish","type":"post","link":"https:\/\/ejornais.com.br\/index.php\/2025\/03\/07\/celebrando-dia-das-mulheres-sesau-realiza-cafe-da-manha-para-servidoras-cgnoticias\/","title":{"rendered":"Celebrando Dia das Mulheres,\u00a0Sesau\u00a0realiza caf\u00e9 da manh\u00e3\u00a0para servidoras\u00a0 \u2013 CGNot\u00edcias"},"content":{"rendered":"<p><\/p>\n<div>\n<p>Antecipando o Dia das Mulheres, celebrado no pr\u00f3ximo s\u00e1bado (08), a Secretaria Municipal de Sa\u00fade realizou nessa manh\u00e3 um caf\u00e9 da manh\u00e3 para as servidoras lotadas na sede da pasta.\u00a0Durante a a\u00e7\u00e3o, houve tamb\u00e9m uma palestra sobre sa\u00fade da mulher e presta\u00e7\u00e3o de servi\u00e7os.\u00a0<\/p>\n<p>Realizada pela Ger\u00eancia de Sa\u00fade do Servidor (Gersau), o evento focou na valoriza\u00e7\u00e3o da mulher com aten\u00e7\u00e3o \u00e0\u00a0sa\u00fade dela. Durante palestra realizada para as servidoras, a ginecologista Rita de C\u00e1ssia\u00a0Tavares, presidente da\u00a0Sogomat-Sul,\u00a0refor\u00e7ou a necessidade da realiza\u00e7\u00e3o de exames preventivos.\u00a0<\/p>\n<p>\u201cOs exames para preven\u00e7\u00e3o de c\u00e2ncer de colo de \u00fatero devem\u00a0ser\u00a0realizados\u00a0pelas mulheres a partir dos 25 anos, tendo em vista sempre realizar o diagn\u00f3stico de maneira mais precoce poss\u00edvel\u00a0e, assim, aumentar as chances de cura\u201d, comenta.\u00a0<\/p>\n<figure class=\"wp-block-image size-large\"><\/figure>\n<p>Durante todo o dia tamb\u00e9m\u00a0ser\u00e3o ofertados servi\u00e7os direcionados \u00e0 sa\u00fade da mulher, como a atualiza\u00e7\u00e3o da caderneta vacinal,\u00a0teste r\u00e1pido para IST, consulta m\u00e9dica em homeopatia, Avalia\u00e7\u00e3o Nutricional e Auriculoterapia.\u00a0<\/p>\n<p>\u201cEssa \u00e9 apenas uma\u00a0pequena forma de darmos o reconhecimento \u00e0 essas mulheres, que s\u00e3o maioria dentro da sa\u00fade\u00a0e respons\u00e1veis pelo funcionamento de toda a m\u00e1quina p\u00fablica na \u00e1rea\u201d, comenta a secret\u00e1ria municipal de Sa\u00fade, Rosana\u00a0Leite.\u00a0<\/p>\n<p>#ParaTodosVerem A imagem de capa e a interna mostra as servidoras em momento de celebra\u00e7\u00e3o.<\/p>\n<\/div>\n<p><script async defer async defer src=\"https:\/\/connect.facebook.net\/en_US\/sdk.js?ver=1#xfbml=1&amp;version=v3.2\" id=\"prefeitura-campogrande-script-facebook-sdk-js\"><\/script><\/p>\n","protected":false},"excerpt":{"rendered":"<p>Antecipando o Dia das Mulheres, celebrado no pr\u00f3ximo s\u00e1bado (08), a Secretaria Municipal de Sa\u00fade realizou nessa manh\u00e3 um caf\u00e9<\/p>\n","protected":false},"author":2,"featured_media":0,"comment_status":"","ping_status":"","sticky":false,"template":"","format":"standard","meta":{"colormag_page_container_layout":"default_layout","colormag_page_sidebar_layout":"default_layout","footnotes":""},"categories":[1],"tags":[],"class_list":["post-40614","post","type-post","status-publish","format-standard","hentry","category-ejornais"],"aioseo_notices":[],"aioseo_head":"\n\t\t<!-- All in One SEO 5.0.1.1 - aioseo.com -->\n\t<meta name=\"description\" content=\"Antecipando o Dia das Mulheres, celebrado no pr\u00f3ximo s\u00e1bado (08), a Secretaria Municipal de Sa\u00fade realizou nessa manh\u00e3 um caf\u00e9 da manh\u00e3 para as servidoras lotadas na sede da pasta. Durante a a\u00e7\u00e3o, houve tamb\u00e9m uma palestra sobre sa\u00fade da mulher e presta\u00e7\u00e3o de servi\u00e7os. Realizada pela Ger\u00eancia de Sa\u00fade do Servidor (Gersau), o evento focou\" \/>\n\t<meta name=\"robots\" content=\"max-image-preview:large\" \/>\n\t<meta name=\"author\" content=\"admin1\"\/>\n\t<link rel=\"canonical\" href=\"https:\/\/ejornais.com.br\/index.php\/2025\/03\/07\/celebrando-dia-das-mulheres-sesau-realiza-cafe-da-manha-para-servidoras-cgnoticias\/\" \/>\n\t<meta name=\"generator\" content=\"All in One SEO (AIOSEO) 5.0.1.1\" \/>\n\t\t<meta property=\"og:locale\" content=\"pt_BR\" \/>\n\t\t<meta property=\"og:site_name\" content=\"eJornais - Cat\u00e1logo de Jornais no mundo, Not\u00edcias, Blog e Esportes ao vivo\" \/>\n\t\t<meta property=\"og:type\" content=\"article\" \/>\n\t\t<meta property=\"og:title\" content=\"Celebrando Dia das Mulheres, Sesau realiza caf\u00e9 da manh\u00e3 para servidoras \u2013 CGNot\u00edcias - eJornais\" \/>\n\t\t<meta property=\"og:description\" content=\"Antecipando o Dia das Mulheres, celebrado no pr\u00f3ximo s\u00e1bado (08), a Secretaria Municipal de Sa\u00fade realizou nessa manh\u00e3 um caf\u00e9 da manh\u00e3 para as servidoras lotadas na sede da pasta. Durante a a\u00e7\u00e3o, houve tamb\u00e9m uma palestra sobre sa\u00fade da mulher e presta\u00e7\u00e3o de servi\u00e7os. Realizada pela Ger\u00eancia de Sa\u00fade do Servidor (Gersau), o evento focou\" \/>\n\t\t<meta property=\"og:url\" content=\"https:\/\/ejornais.com.br\/index.php\/2025\/03\/07\/celebrando-dia-das-mulheres-sesau-realiza-cafe-da-manha-para-servidoras-cgnoticias\/\" \/>\n\t\t<meta property=\"article:published_time\" content=\"2025-03-07T18:01:37+00:00\" \/>\n\t\t<meta property=\"article:modified_time\" content=\"2025-03-07T18:01:37+00:00\" \/>\n\t\t<meta name=\"twitter:card\" content=\"summary_large_image\" \/>\n\t\t<meta name=\"twitter:title\" content=\"Celebrando Dia das Mulheres, Sesau realiza caf\u00e9 da manh\u00e3 para servidoras \u2013 CGNot\u00edcias - eJornais\" \/>\n\t\t<meta name=\"twitter:description\" content=\"Antecipando o Dia das Mulheres, celebrado no pr\u00f3ximo s\u00e1bado (08), a Secretaria Municipal de Sa\u00fade realizou nessa manh\u00e3 um caf\u00e9 da manh\u00e3 para as servidoras lotadas na sede da pasta. Durante a a\u00e7\u00e3o, houve tamb\u00e9m uma palestra sobre sa\u00fade da mulher e presta\u00e7\u00e3o de servi\u00e7os. Realizada pela Ger\u00eancia de Sa\u00fade do Servidor (Gersau), o evento focou\" \/>\n\t\t<script type=\"application\/ld+json\" class=\"aioseo-schema\">\n\t\t\t{\"@context\":\"https:\\\/\\\/schema.org\",\"@graph\":[{\"@type\":\"BlogPosting\",\"@id\":\"https:\\\/\\\/ejornais.com.br\\\/index.php\\\/2025\\\/03\\\/07\\\/celebrando-dia-das-mulheres-sesau-realiza-cafe-da-manha-para-servidoras-cgnoticias\\\/#blogposting\",\"name\":\"Celebrando Dia das Mulheres, Sesau realiza caf\\u00e9 da manh\\u00e3 para servidoras \\u2013 CGNot\\u00edcias - eJornais\",\"headline\":\"Celebrando Dia das Mulheres,\\u00a0Sesau\\u00a0realiza caf\\u00e9 da manh\\u00e3\\u00a0para servidoras\\u00a0 \\u2013 CGNot\\u00edcias\",\"author\":{\"@id\":\"https:\\\/\\\/ejornais.com.br\\\/index.php\\\/author\\\/admin1\\\/#author\"},\"publisher\":{\"@id\":\"https:\\\/\\\/ejornais.com.br\\\/#organization\"},\"datePublished\":\"2025-03-07T15:01:37-03:00\",\"dateModified\":\"2025-03-07T15:01:37-03:00\",\"inLanguage\":\"pt-BR\",\"mainEntityOfPage\":{\"@id\":\"https:\\\/\\\/ejornais.com.br\\\/index.php\\\/2025\\\/03\\\/07\\\/celebrando-dia-das-mulheres-sesau-realiza-cafe-da-manha-para-servidoras-cgnoticias\\\/#webpage\"},\"isPartOf\":{\"@id\":\"https:\\\/\\\/ejornais.com.br\\\/index.php\\\/2025\\\/03\\\/07\\\/celebrando-dia-das-mulheres-sesau-realiza-cafe-da-manha-para-servidoras-cgnoticias\\\/#webpage\"},\"articleSection\":\"Cat\\u00e1logo de Jornais\"},{\"@type\":\"BreadcrumbList\",\"@id\":\"https:\\\/\\\/ejornais.com.br\\\/index.php\\\/2025\\\/03\\\/07\\\/celebrando-dia-das-mulheres-sesau-realiza-cafe-da-manha-para-servidoras-cgnoticias\\\/#breadcrumblist\",\"itemListElement\":[{\"@type\":\"ListItem\",\"@id\":\"https:\\\/\\\/ejornais.com.br#listItem\",\"position\":1,\"name\":\"In\\u00edcio\",\"item\":\"https:\\\/\\\/ejornais.com.br\",\"nextItem\":{\"@type\":\"ListItem\",\"@id\":\"https:\\\/\\\/ejornais.com.br\\\/index.php\\\/category\\\/ejornais\\\/#listItem\",\"name\":\"Cat\\u00e1logo de Jornais\"}},{\"@type\":\"ListItem\",\"@id\":\"https:\\\/\\\/ejornais.com.br\\\/index.php\\\/category\\\/ejornais\\\/#listItem\",\"position\":2,\"name\":\"Cat\\u00e1logo de Jornais\",\"item\":\"https:\\\/\\\/ejornais.com.br\\\/index.php\\\/category\\\/ejornais\\\/\",\"nextItem\":{\"@type\":\"ListItem\",\"@id\":\"https:\\\/\\\/ejornais.com.br\\\/index.php\\\/2025\\\/03\\\/07\\\/celebrando-dia-das-mulheres-sesau-realiza-cafe-da-manha-para-servidoras-cgnoticias\\\/#listItem\",\"name\":\"Celebrando Dia das Mulheres,\\u00a0Sesau\\u00a0realiza caf\\u00e9 da manh\\u00e3\\u00a0para servidoras\\u00a0 \\u2013 CGNot\\u00edcias\"},\"previousItem\":{\"@type\":\"ListItem\",\"@id\":\"https:\\\/\\\/ejornais.com.br#listItem\",\"name\":\"In\\u00edcio\"}},{\"@type\":\"ListItem\",\"@id\":\"https:\\\/\\\/ejornais.com.br\\\/index.php\\\/2025\\\/03\\\/07\\\/celebrando-dia-das-mulheres-sesau-realiza-cafe-da-manha-para-servidoras-cgnoticias\\\/#listItem\",\"position\":3,\"name\":\"Celebrando Dia das Mulheres,\\u00a0Sesau\\u00a0realiza caf\\u00e9 da manh\\u00e3\\u00a0para servidoras\\u00a0 \\u2013 CGNot\\u00edcias\",\"previousItem\":{\"@type\":\"ListItem\",\"@id\":\"https:\\\/\\\/ejornais.com.br\\\/index.php\\\/category\\\/ejornais\\\/#listItem\",\"name\":\"Cat\\u00e1logo de Jornais\"}}]},{\"@type\":\"Organization\",\"@id\":\"https:\\\/\\\/ejornais.com.br\\\/#organization\",\"name\":\"eJornais\",\"description\":\"Cat\\u00e1logo de Jornais no mundo, Not\\u00edcias, Blog e Esportes ao vivo\",\"url\":\"https:\\\/\\\/ejornais.com.br\\\/\"},{\"@type\":\"Person\",\"@id\":\"https:\\\/\\\/ejornais.com.br\\\/index.php\\\/author\\\/admin1\\\/#author\",\"url\":\"https:\\\/\\\/ejornais.com.br\\\/index.php\\\/author\\\/admin1\\\/\",\"name\":\"admin1\",\"image\":{\"@type\":\"ImageObject\",\"@id\":\"https:\\\/\\\/ejornais.com.br\\\/index.php\\\/2025\\\/03\\\/07\\\/celebrando-dia-das-mulheres-sesau-realiza-cafe-da-manha-para-servidoras-cgnoticias\\\/#authorImage\",\"url\":\"https:\\\/\\\/secure.gravatar.com\\\/avatar\\\/04084e6d73c042b8646e7c17b494073bf0ede3ea13c7105cfc45cbbbc28385a4?s=96&d=mm&r=g\",\"width\":96,\"height\":96,\"caption\":\"admin1\"}},{\"@type\":\"WebPage\",\"@id\":\"https:\\\/\\\/ejornais.com.br\\\/index.php\\\/2025\\\/03\\\/07\\\/celebrando-dia-das-mulheres-sesau-realiza-cafe-da-manha-para-servidoras-cgnoticias\\\/#webpage\",\"url\":\"https:\\\/\\\/ejornais.com.br\\\/index.php\\\/2025\\\/03\\\/07\\\/celebrando-dia-das-mulheres-sesau-realiza-cafe-da-manha-para-servidoras-cgnoticias\\\/\",\"name\":\"Celebrando Dia das Mulheres, Sesau realiza caf\\u00e9 da manh\\u00e3 para servidoras \\u2013 CGNot\\u00edcias - eJornais\",\"description\":\"Antecipando o Dia das Mulheres, celebrado no pr\\u00f3ximo s\\u00e1bado (08), a Secretaria Municipal de Sa\\u00fade realizou nessa manh\\u00e3 um caf\\u00e9 da manh\\u00e3 para as servidoras lotadas na sede da pasta. Durante a a\\u00e7\\u00e3o, houve tamb\\u00e9m uma palestra sobre sa\\u00fade da mulher e presta\\u00e7\\u00e3o de servi\\u00e7os. Realizada pela Ger\\u00eancia de Sa\\u00fade do Servidor (Gersau), o evento focou\",\"inLanguage\":\"pt-BR\",\"isPartOf\":{\"@id\":\"https:\\\/\\\/ejornais.com.br\\\/#website\"},\"breadcrumb\":{\"@id\":\"https:\\\/\\\/ejornais.com.br\\\/index.php\\\/2025\\\/03\\\/07\\\/celebrando-dia-das-mulheres-sesau-realiza-cafe-da-manha-para-servidoras-cgnoticias\\\/#breadcrumblist\"},\"author\":{\"@id\":\"https:\\\/\\\/ejornais.com.br\\\/index.php\\\/author\\\/admin1\\\/#author\"},\"creator\":{\"@id\":\"https:\\\/\\\/ejornais.com.br\\\/index.php\\\/author\\\/admin1\\\/#author\"},\"datePublished\":\"2025-03-07T15:01:37-03:00\",\"dateModified\":\"2025-03-07T15:01:37-03:00\"},{\"@type\":\"WebSite\",\"@id\":\"https:\\\/\\\/ejornais.com.br\\\/#website\",\"url\":\"https:\\\/\\\/ejornais.com.br\\\/\",\"name\":\"eJornais\",\"description\":\"Cat\\u00e1logo de Jornais no mundo, Not\\u00edcias, Blog e Esportes ao vivo\",\"inLanguage\":\"pt-BR\",\"publisher\":{\"@id\":\"https:\\\/\\\/ejornais.com.br\\\/#organization\"}}]}\n\t\t<\/script>\n\t\t<!-- All in One SEO -->\n\n","aioseo_head_json":{"title":"Celebrando Dia das Mulheres, Sesau realiza caf\u00e9 da manh\u00e3 para servidoras \u2013 CGNot\u00edcias - eJornais","description":"Antecipando o Dia das Mulheres, celebrado no pr\u00f3ximo s\u00e1bado (08), a Secretaria Municipal de Sa\u00fade realizou nessa manh\u00e3 um caf\u00e9 da manh\u00e3 para as servidoras lotadas na sede da pasta. Durante a a\u00e7\u00e3o, houve tamb\u00e9m uma palestra sobre sa\u00fade da mulher e presta\u00e7\u00e3o de servi\u00e7os. Realizada pela Ger\u00eancia de Sa\u00fade do Servidor (Gersau), o evento focou","canonical_url":"https:\/\/ejornais.com.br\/index.php\/2025\/03\/07\/celebrando-dia-das-mulheres-sesau-realiza-cafe-da-manha-para-servidoras-cgnoticias\/","robots":"max-image-preview:large","keywords":"","webmasterTools":{"miscellaneous":""},"schema":{"@context":"https:\/\/schema.org","@graph":[{"@type":"BlogPosting","@id":"https:\/\/ejornais.com.br\/index.php\/2025\/03\/07\/celebrando-dia-das-mulheres-sesau-realiza-cafe-da-manha-para-servidoras-cgnoticias\/#blogposting","name":"Celebrando Dia das Mulheres, Sesau realiza caf\u00e9 da manh\u00e3 para servidoras \u2013 CGNot\u00edcias - eJornais","headline":"Celebrando Dia das Mulheres,\u00a0Sesau\u00a0realiza caf\u00e9 da manh\u00e3\u00a0para servidoras\u00a0 \u2013 CGNot\u00edcias","author":{"@id":"https:\/\/ejornais.com.br\/index.php\/author\/admin1\/#author"},"publisher":{"@id":"https:\/\/ejornais.com.br\/#organization"},"datePublished":"2025-03-07T15:01:37-03:00","dateModified":"2025-03-07T15:01:37-03:00","inLanguage":"pt-BR","mainEntityOfPage":{"@id":"https:\/\/ejornais.com.br\/index.php\/2025\/03\/07\/celebrando-dia-das-mulheres-sesau-realiza-cafe-da-manha-para-servidoras-cgnoticias\/#webpage"},"isPartOf":{"@id":"https:\/\/ejornais.com.br\/index.php\/2025\/03\/07\/celebrando-dia-das-mulheres-sesau-realiza-cafe-da-manha-para-servidoras-cgnoticias\/#webpage"},"articleSection":"Cat\u00e1logo de Jornais"},{"@type":"BreadcrumbList","@id":"https:\/\/ejornais.com.br\/index.php\/2025\/03\/07\/celebrando-dia-das-mulheres-sesau-realiza-cafe-da-manha-para-servidoras-cgnoticias\/#breadcrumblist","itemListElement":[{"@type":"ListItem","@id":"https:\/\/ejornais.com.br#listItem","position":1,"name":"In\u00edcio","item":"https:\/\/ejornais.com.br","nextItem":{"@type":"ListItem","@id":"https:\/\/ejornais.com.br\/index.php\/category\/ejornais\/#listItem","name":"Cat\u00e1logo de Jornais"}},{"@type":"ListItem","@id":"https:\/\/ejornais.com.br\/index.php\/category\/ejornais\/#listItem","position":2,"name":"Cat\u00e1logo de Jornais","item":"https:\/\/ejornais.com.br\/index.php\/category\/ejornais\/","nextItem":{"@type":"ListItem","@id":"https:\/\/ejornais.com.br\/index.php\/2025\/03\/07\/celebrando-dia-das-mulheres-sesau-realiza-cafe-da-manha-para-servidoras-cgnoticias\/#listItem","name":"Celebrando Dia das Mulheres,\u00a0Sesau\u00a0realiza caf\u00e9 da manh\u00e3\u00a0para servidoras\u00a0 \u2013 CGNot\u00edcias"},"previousItem":{"@type":"ListItem","@id":"https:\/\/ejornais.com.br#listItem","name":"In\u00edcio"}},{"@type":"ListItem","@id":"https:\/\/ejornais.com.br\/index.php\/2025\/03\/07\/celebrando-dia-das-mulheres-sesau-realiza-cafe-da-manha-para-servidoras-cgnoticias\/#listItem","position":3,"name":"Celebrando Dia das Mulheres,\u00a0Sesau\u00a0realiza caf\u00e9 da manh\u00e3\u00a0para servidoras\u00a0 \u2013 CGNot\u00edcias","previousItem":{"@type":"ListItem","@id":"https:\/\/ejornais.com.br\/index.php\/category\/ejornais\/#listItem","name":"Cat\u00e1logo de Jornais"}}]},{"@type":"Organization","@id":"https:\/\/ejornais.com.br\/#organization","name":"eJornais","description":"Cat\u00e1logo de Jornais no mundo, Not\u00edcias, Blog e Esportes ao vivo","url":"https:\/\/ejornais.com.br\/"},{"@type":"Person","@id":"https:\/\/ejornais.com.br\/index.php\/author\/admin1\/#author","url":"https:\/\/ejornais.com.br\/index.php\/author\/admin1\/","name":"admin1","image":{"@type":"ImageObject","@id":"https:\/\/ejornais.com.br\/index.php\/2025\/03\/07\/celebrando-dia-das-mulheres-sesau-realiza-cafe-da-manha-para-servidoras-cgnoticias\/#authorImage","url":"https:\/\/secure.gravatar.com\/avatar\/04084e6d73c042b8646e7c17b494073bf0ede3ea13c7105cfc45cbbbc28385a4?s=96&d=mm&r=g","width":96,"height":96,"caption":"admin1"}},{"@type":"WebPage","@id":"https:\/\/ejornais.com.br\/index.php\/2025\/03\/07\/celebrando-dia-das-mulheres-sesau-realiza-cafe-da-manha-para-servidoras-cgnoticias\/#webpage","url":"https:\/\/ejornais.com.br\/index.php\/2025\/03\/07\/celebrando-dia-das-mulheres-sesau-realiza-cafe-da-manha-para-servidoras-cgnoticias\/","name":"Celebrando Dia das Mulheres, Sesau realiza caf\u00e9 da manh\u00e3 para servidoras \u2013 CGNot\u00edcias - eJornais","description":"Antecipando o Dia das Mulheres, celebrado no pr\u00f3ximo s\u00e1bado (08), a Secretaria Municipal de Sa\u00fade realizou nessa manh\u00e3 um caf\u00e9 da manh\u00e3 para as servidoras lotadas na sede da pasta. Durante a a\u00e7\u00e3o, houve tamb\u00e9m uma palestra sobre sa\u00fade da mulher e presta\u00e7\u00e3o de servi\u00e7os. Realizada pela Ger\u00eancia de Sa\u00fade do Servidor (Gersau), o evento focou","inLanguage":"pt-BR","isPartOf":{"@id":"https:\/\/ejornais.com.br\/#website"},"breadcrumb":{"@id":"https:\/\/ejornais.com.br\/index.php\/2025\/03\/07\/celebrando-dia-das-mulheres-sesau-realiza-cafe-da-manha-para-servidoras-cgnoticias\/#breadcrumblist"},"author":{"@id":"https:\/\/ejornais.com.br\/index.php\/author\/admin1\/#author"},"creator":{"@id":"https:\/\/ejornais.com.br\/index.php\/author\/admin1\/#author"},"datePublished":"2025-03-07T15:01:37-03:00","dateModified":"2025-03-07T15:01:37-03:00"},{"@type":"WebSite","@id":"https:\/\/ejornais.com.br\/#website","url":"https:\/\/ejornais.com.br\/","name":"eJornais","description":"Cat\u00e1logo de Jornais no mundo, Not\u00edcias, Blog e Esportes ao vivo","inLanguage":"pt-BR","publisher":{"@id":"https:\/\/ejornais.com.br\/#organization"}}]},"og:locale":"pt_BR","og:site_name":"eJornais - Cat\u00e1logo de Jornais no mundo, Not\u00edcias, Blog e Esportes ao vivo","og:type":"article","og:title":"Celebrando Dia das Mulheres, Sesau realiza caf\u00e9 da manh\u00e3 para servidoras \u2013 CGNot\u00edcias - eJornais","og:description":"Antecipando o Dia das Mulheres, celebrado no pr\u00f3ximo s\u00e1bado (08), a Secretaria Municipal de Sa\u00fade realizou nessa manh\u00e3 um caf\u00e9 da manh\u00e3 para as servidoras lotadas na sede da pasta. Durante a a\u00e7\u00e3o, houve tamb\u00e9m uma palestra sobre sa\u00fade da mulher e presta\u00e7\u00e3o de servi\u00e7os. Realizada pela Ger\u00eancia de Sa\u00fade do Servidor (Gersau), o evento focou","og:url":"https:\/\/ejornais.com.br\/index.php\/2025\/03\/07\/celebrando-dia-das-mulheres-sesau-realiza-cafe-da-manha-para-servidoras-cgnoticias\/","article:published_time":"2025-03-07T18:01:37+00:00","article:modified_time":"2025-03-07T18:01:37+00:00","twitter:card":"summary_large_image","twitter:title":"Celebrando Dia das Mulheres, Sesau realiza caf\u00e9 da manh\u00e3 para servidoras \u2013 CGNot\u00edcias - eJornais","twitter:description":"Antecipando o Dia das Mulheres, celebrado no pr\u00f3ximo s\u00e1bado (08), a Secretaria Municipal de Sa\u00fade realizou nessa manh\u00e3 um caf\u00e9 da manh\u00e3 para as servidoras lotadas na sede da pasta. Durante a a\u00e7\u00e3o, houve tamb\u00e9m uma palestra sobre sa\u00fade da mulher e presta\u00e7\u00e3o de servi\u00e7os. Realizada pela Ger\u00eancia de Sa\u00fade do Servidor (Gersau), o evento focou"},"aioseo_meta_data":{"post_id":"40614","title":null,"description":null,"keywords":null,"keyphrases":null,"primary_term":null,"canonical_url":null,"og_title":null,"og_description":null,"og_object_type":"default","og_image_type":"default","og_image_url":null,"og_image_width":null,"og_image_height":null,"og_image_custom_url":null,"og_image_custom_fields":null,"og_video":null,"og_custom_url":null,"og_article_section":null,"og_article_tags":null,"twitter_use_og":false,"twitter_card":"default","twitter_image_type":"default","twitter_image_url":null,"twitter_image_custom_url":null,"twitter_image_custom_fields":null,"twitter_title":null,"twitter_description":null,"schema":{"blockGraphs":[],"customGraphs":[],"default":{"data":{"Article":[],"Course":[],"Dataset":[],"FAQPage":[],"Movie":[],"Person":[],"Product":[],"ProductReview":[],"Car":[],"Recipe":[],"Service":[],"SoftwareApplication":[],"WebPage":[]},"graphName":"","isEnabled":true},"graphs":[]},"schema_type":"default","schema_type_options":null,"pillar_content":false,"robots_default":true,"robots_noindex":false,"robots_noarchive":false,"robots_nosnippet":false,"robots_nofollow":false,"robots_noimageindex":false,"robots_noodp":false,"robots_notranslate":false,"robots_max_snippet":null,"robots_max_videopreview":null,"robots_max_imagepreview":"large","priority":null,"frequency":null,"local_seo":null,"breadcrumb_settings":null,"limit_modified_date":false,"ai":null,"created":"2025-03-07 18:02:42","updated":"2025-06-06 12:49:03","seo_analyzer_scan_date":null,"focus_keyword":null,"additional_keywords":null,"truseo_locale":null},"aioseo_breadcrumb":"<div class=\"aioseo-breadcrumbs\"><span class=\"aioseo-breadcrumb\">\n\t\t\t<a href=\"https:\/\/ejornais.com.br\" title=\"In\u00edcio\">In\u00edcio<\/a>\n\t\t<\/span><span class=\"aioseo-breadcrumb-separator\">&raquo;<\/span><span class=\"aioseo-breadcrumb\">\n\t\t\t<a href=\"https:\/\/ejornais.com.br\/index.php\/category\/ejornais\/\" title=\"Cat\u00e1logo de Jornais\">Cat\u00e1logo de Jornais<\/a>\n\t\t<\/span><span class=\"aioseo-breadcrumb-separator\">&raquo;<\/span><span class=\"aioseo-breadcrumb\">\n\t\t\tCelebrando Dia das Mulheres, Sesau realiza caf\u00e9 da manh\u00e3 para servidoras  \u2013 CGNot\u00edcias\n\t\t<\/span><\/div>","aioseo_breadcrumb_json":[{"label":"In\u00edcio","link":"https:\/\/ejornais.com.br"},{"label":"Cat\u00e1logo de Jornais","link":"https:\/\/ejornais.com.br\/index.php\/category\/ejornais\/"},{"label":"Celebrando Dia das Mulheres,\u00a0Sesau\u00a0realiza caf\u00e9 da manh\u00e3\u00a0para servidoras\u00a0 \u2013 CGNot\u00edcias","link":"https:\/\/ejornais.com.br\/index.php\/2025\/03\/07\/celebrando-dia-das-mulheres-sesau-realiza-cafe-da-manha-para-servidoras-cgnoticias\/"}],"amp_enabled":true,"_links":{"self":[{"href":"https:\/\/ejornais.com.br\/index.php\/wp-json\/wp\/v2\/posts\/40614","targetHints":{"allow":["GET"]}}],"collection":[{"href":"https:\/\/ejornais.com.br\/index.php\/wp-json\/wp\/v2\/posts"}],"about":[{"href":"https:\/\/ejornais.com.br\/index.php\/wp-json\/wp\/v2\/types\/post"}],"author":[{"embeddable":true,"href":"https:\/\/ejornais.com.br\/index.php\/wp-json\/wp\/v2\/users\/2"}],"replies":[{"embeddable":true,"href":"https:\/\/ejornais.com.br\/index.php\/wp-json\/wp\/v2\/comments?post=40614"}],"version-history":[{"count":0,"href":"https:\/\/ejornais.com.br\/index.php\/wp-json\/wp\/v2\/posts\/40614\/revisions"}],"wp:attachment":[{"href":"https:\/\/ejornais.com.br\/index.php\/wp-json\/wp\/v2\/media?parent=40614"}],"wp:term":[{"taxonomy":"category","embeddable":true,"href":"https:\/\/ejornais.com.br\/index.php\/wp-json\/wp\/v2\/categories?post=40614"},{"taxonomy":"post_tag","embeddable":true,"href":"https:\/\/ejornais.com.br\/index.php\/wp-json\/wp\/v2\/tags?post=40614"}],"curies":[{"name":"wp","href":"https:\/\/api.w.org\/{rel}","templated":true}]}}