{"id":40794,"date":"2025-03-10T18:55:52","date_gmt":"2025-03-10T21:55:52","guid":{"rendered":"https:\/\/ejornais.com.br\/index.php\/2025\/03\/10\/prefeitura-prorroga-inscricao-para-alfabetizador-popular-voluntario-e-tradutor-interprete-de-libras\/"},"modified":"2025-03-10T18:55:52","modified_gmt":"2025-03-10T21:55:52","slug":"prefeitura-prorroga-inscricao-para-alfabetizador-popular-voluntario-e-tradutor-interprete-de-libras","status":"publish","type":"post","link":"https:\/\/ejornais.com.br\/index.php\/2025\/03\/10\/prefeitura-prorroga-inscricao-para-alfabetizador-popular-voluntario-e-tradutor-interprete-de-libras\/","title":{"rendered":"Prefeitura prorroga inscri\u00e7\u00e3o para alfabetizador popular volunt\u00e1rio e tradutor-int\u00e9rprete de Libras"},"content":{"rendered":"<p><\/p>\n<div>\n<p>A Prefeitura de Jo\u00e3o Pessoa, por meio da Secretaria de Educa\u00e7\u00e3o e Cultura (Sedec), decidiu prorrogar, at\u00e9 o pr\u00f3ximo domingo (16), as inscri\u00e7\u00f5es para o Processo Seletivo Simplificado para alfabetizadores populares volunt\u00e1rios e tradutores-int\u00e9rpretes da L\u00edngua Brasileira de Sinais (Libras), no \u00e2mbito do Programa Brasil Alfabetizado (PBA) do Minist\u00e9rio da Educa\u00e7\u00e3o (MEC), com bolsa de R$ 1,2 mil.<\/p>\n<figure class=\"wp-block-image size-large\"><\/figure>\n<p>\u201cPelo prazo normal, as inscri\u00e7\u00f5es, que s\u00e3o realizadas exclusivamente por este link, seriam encerradas nesta segunda-feira, mas estamos preparando um edital de retifica\u00e7\u00e3o do calend\u00e1rio com as altera\u00e7\u00f5es necess\u00e1rias\u201d, justificou a chefe da Divis\u00e3o de Educa\u00e7\u00e3o de Jovens e Adultos, Socorro Diniz.<\/p>\n<p>Ao todo, est\u00e3o sendo ofertadas 50 vagas iniciais para alfabetizadores populares volunt\u00e1rios e 10 vagas para tradutores-int\u00e9rpretes de Libras, quadro de reserva. Desse total, 5% das vagas s\u00e3o destinadas \u00e0s pessoas com defici\u00eancia. \u201cPara se inscrever, \u00e9 preciso atender os seguintes crit\u00e9rios: ser brasileiro; ter no m\u00ednimo 18 anos de idade; possuir a forma\u00e7\u00e3o em ensino m\u00e9dio na modalidade Normal (Magist\u00e9rio), ser estudante a partir do 5\u00ba per\u00edodo em Pedagogia ou licenciatura completa em alguma \u00e1rea do conhecimento e ter disponibilidade de 20 horas semanais para desenvolver a fun\u00e7\u00e3o de alfabetizador popular volunt\u00e1rio\u201d, detalhou Diniz.<\/p>\n<p>Segundo Socorro Diniz, uma das atribui\u00e7\u00f5es do alfabetizador \u00e9 localizar, mobilizar, identificar e cadastrar, no m\u00ednimo, 15 jovens, a partir dos 15 anos, adultos e idosos, n\u00e3o alfabetizados, que n\u00e3o tenham o dom\u00ednio da leitura, da escrita e do letramento matem\u00e1tico, para ingresso e forma\u00e7\u00e3o das turmas de alfabetiza\u00e7\u00e3o.<\/p>\n<p>O edital com todas as informa\u00e7\u00f5es pode ser acessado pelo Di\u00e1rio Oficial, atrav\u00e9s deste link. Os selecionados receber\u00e3o uma bolsa no valor de R$ 1,2 mil, que ser\u00e1 paga pelo Governo Federal.<\/p>\n<\/p><\/div>\n","protected":false},"excerpt":{"rendered":"<p>A Prefeitura de Jo\u00e3o Pessoa, por meio da Secretaria de Educa\u00e7\u00e3o e Cultura (Sedec), decidiu prorrogar, at\u00e9 o pr\u00f3ximo domingo<\/p>\n","protected":false},"author":2,"featured_media":0,"comment_status":"","ping_status":"","sticky":false,"template":"","format":"standard","meta":{"colormag_page_container_layout":"default_layout","colormag_page_sidebar_layout":"default_layout","footnotes":""},"categories":[1],"tags":[],"class_list":["post-40794","post","type-post","status-publish","format-standard","hentry","category-ejornais"],"aioseo_notices":[],"amp_enabled":true,"_links":{"self":[{"href":"https:\/\/ejornais.com.br\/index.php\/wp-json\/wp\/v2\/posts\/40794","targetHints":{"allow":["GET"]}}],"collection":[{"href":"https:\/\/ejornais.com.br\/index.php\/wp-json\/wp\/v2\/posts"}],"about":[{"href":"https:\/\/ejornais.com.br\/index.php\/wp-json\/wp\/v2\/types\/post"}],"author":[{"embeddable":true,"href":"https:\/\/ejornais.com.br\/index.php\/wp-json\/wp\/v2\/users\/2"}],"replies":[{"embeddable":true,"href":"https:\/\/ejornais.com.br\/index.php\/wp-json\/wp\/v2\/comments?post=40794"}],"version-history":[{"count":0,"href":"https:\/\/ejornais.com.br\/index.php\/wp-json\/wp\/v2\/posts\/40794\/revisions"}],"wp:attachment":[{"href":"https:\/\/ejornais.com.br\/index.php\/wp-json\/wp\/v2\/media?parent=40794"}],"wp:term":[{"taxonomy":"category","embeddable":true,"href":"https:\/\/ejornais.com.br\/index.php\/wp-json\/wp\/v2\/categories?post=40794"},{"taxonomy":"post_tag","embeddable":true,"href":"https:\/\/ejornais.com.br\/index.php\/wp-json\/wp\/v2\/tags?post=40794"}],"curies":[{"name":"wp","href":"https:\/\/api.w.org\/{rel}","templated":true}]}}