{"id":40819,"date":"2025-03-11T05:25:47","date_gmt":"2025-03-11T08:25:47","guid":{"rendered":"https:\/\/ejornais.com.br\/index.php\/2025\/03\/11\/rede-municipal-promove-formacao-de-cuidadores-infantis\/"},"modified":"2025-03-11T05:25:47","modified_gmt":"2025-03-11T08:25:47","slug":"rede-municipal-promove-formacao-de-cuidadores-infantis","status":"publish","type":"post","link":"https:\/\/ejornais.com.br\/index.php\/2025\/03\/11\/rede-municipal-promove-formacao-de-cuidadores-infantis\/","title":{"rendered":"Rede municipal promove forma\u00e7\u00e3o de cuidadores infantis"},"content":{"rendered":"<p><\/p>\n<div>\n<p><b>Paula Pessoa<\/b><br \/>&#13;<br \/>\n&#13;<br \/>\n                <span style=\"font-weight: bold;\">Secretaria de Educa\u00e7\u00e3o e Cidadania<\/span><\/p>\n<p><em><span style=\"font-weight: 400;\">*Colabora\u00e7\u00e3o do estagi\u00e1rio Rodrigo de Almeida<\/span><\/em><\/p>\n<p><span style=\"font-weight: 400;\">A primeira forma\u00e7\u00e3o dos cuidadores infantis foi realizada na manh\u00e3 desta segunda-feira (10), no audit\u00f3rio do Centro de Forma\u00e7\u00e3o do Educador (Cefe), que fica em Santana (regi\u00e3o norte).\u00a0<\/span><\/p>\n<p><span style=\"font-weight: 400;\">O evento marcou o in\u00edcio da capacita\u00e7\u00e3o dos cuidadores rec\u00e9m-contratados atrav\u00e9s do termo de colabora\u00e7\u00e3o com as organiza\u00e7\u00f5es de sociedade civil (OSC) vencedoras do <\/span><span style=\"font-weight: 400;\">edital<\/span><span style=\"font-weight: 400;\">, que ocorreu ao longo de fevereiro.<\/span><\/p>\n<p><span style=\"font-weight: 400;\">A forma\u00e7\u00e3o atende ao Plano Nacional de Educa\u00e7\u00e3o e ao Curr\u00edculo de Educa\u00e7\u00e3o Infantil do munic\u00edpio e contemplou 400 profissionais, que ir\u00e3o ampliar as equipes das escolas municipais de Educa\u00e7\u00e3o Infantil (Emei) das regi\u00f5es centro, oeste, norte, sudeste, sul e leste.\u00a0<\/span><\/p>\n<p><span style=\"font-weight: 400;\">Os novos colaboradores atuar\u00e3o no cuidado com a primeira inf\u00e2ncia, desempenhando atividades como a higiene e o apoio no desenvolvimento das a\u00e7\u00f5es pedag\u00f3gicas, refor\u00e7ando o suporte pedag\u00f3gico e aprimorando o atendimento de crian\u00e7as at\u00e9 5 anos de idade.<\/span><\/p>\n<p><span style=\"font-weight: 400;\">A Prefeitura tamb\u00e9m realizou a\u00e7\u00f5es de acolhimento nas pr\u00f3prias unidades escolares para, al\u00e9m de capacitar, receber e integrar os novos cuidadores que chegam \u00e0s escolas infantis.\u00a0<\/span><\/p>\n<p><span style=\"font-weight: 400;\">Esse modelo n\u00e3o implica demiss\u00e3o de agentes educadores, mas sim na amplia\u00e7\u00e3o do quadro de profissionais, com a inclus\u00e3o dos cuidadores infantis, promovendo uma equipe ainda mais preparada para atender as crian\u00e7as da rede.<\/span><\/p>\n<p><span style=\"font-weight: 400;\"><br \/><em><sub>Profissionais foram recebidos para forma\u00e7\u00e3o no Cefe nesta segunda (10)| Foto: Cl\u00e1udio Vieira\/PMSJC<\/sub><\/em><\/span><\/p>\n<p><span class=\"intertitulo\">Qualifica\u00e7\u00e3o<\/span><\/p>\n<p><span style=\"font-weight: 400;\">Para garantir um servi\u00e7o de excel\u00eancia, todos os profissionais das OSCs contar\u00e3o com forma\u00e7\u00e3o inicial espec\u00edfica, conduzida pela equipe da rede de ensino municipal. Al\u00e9m disso, ser\u00e3o oferecidas forma\u00e7\u00f5es continuadas assegurando o alinhamento entre todos os profissionais envolvidos na Educa\u00e7\u00e3o Infantil.<\/span><\/p>\n<p><span style=\"font-weight: 400;\">Os cuidadores infantis dever\u00e3o ter, obrigatoriamente, o curso de cuidador infantil, al\u00e9m do ensino m\u00e9dio completo. Para os supervisores t\u00e9cnicos das OSCs, ser\u00e1 exigido ensino superior completo com experi\u00eancia comprovada na \u00e1rea educacional.<\/span><\/p>\n<p><span style=\"font-weight: 400;\">A expectativa \u00e9 que os cuidadores iniciem o trabalho em 27 unidades de educa\u00e7\u00e3o infantil a partir do dia 10 de mar\u00e7o, ap\u00f3s a conclus\u00e3o do processo de forma\u00e7\u00e3o e adapta\u00e7\u00e3o nas escolas.<\/span><\/p>\n<p><span class=\"intertitulo\">Compromisso<\/span><\/p>\n<p><span style=\"font-weight: 400;\">O termo de colabora\u00e7\u00e3o entre o munic\u00edpio e as OSCs reafirma o compromisso da Prefeitura em oferecer um atendimento de qualidade, unindo educa\u00e7\u00e3o e cuidado na rotina escolar. A iniciativa fortalece o suporte \u00e0s crian\u00e7as e contribui para o desenvolvimento de um ambiente escolar ainda mais acolhedor e seguro.<\/span><\/p>\n<p><span style=\"font-weight: 400;\">Em caso de d\u00favidas, pais e respons\u00e1veis podem entrar em contato com a equipe gestora das escolas ou a Secretaria de Educa\u00e7\u00e3o e Cidadania.<\/span><\/p>\n<p><sub><em>Equipe t\u00e9cnica da Secretaria de Educa\u00e7\u00e3o acompanha a forma\u00e7\u00e3o | Foto: Cl\u00e1udio Vieira\/PMSJC<\/em><\/sub><\/p>\n<p>&#13;<br \/>\n                        <strong>MAIS NOT\u00cdCIAS<\/strong><br \/>&#13;<br \/>\n                        Secretaria de Educa\u00e7\u00e3o e Cidadania&#13;\n                    <\/p>\n<\/p><\/div>\n","protected":false},"excerpt":{"rendered":"<p>Paula Pessoa&#13; &#13; Secretaria de Educa\u00e7\u00e3o e Cidadania *Colabora\u00e7\u00e3o do estagi\u00e1rio Rodrigo de Almeida A primeira forma\u00e7\u00e3o dos cuidadores infantis<\/p>\n","protected":false},"author":2,"featured_media":0,"comment_status":"","ping_status":"","sticky":false,"template":"","format":"standard","meta":{"colormag_page_container_layout":"default_layout","colormag_page_sidebar_layout":"default_layout","footnotes":""},"categories":[1],"tags":[],"class_list":["post-40819","post","type-post","status-publish","format-standard","hentry","category-ejornais"],"aioseo_notices":[],"amp_enabled":true,"_links":{"self":[{"href":"https:\/\/ejornais.com.br\/index.php\/wp-json\/wp\/v2\/posts\/40819","targetHints":{"allow":["GET"]}}],"collection":[{"href":"https:\/\/ejornais.com.br\/index.php\/wp-json\/wp\/v2\/posts"}],"about":[{"href":"https:\/\/ejornais.com.br\/index.php\/wp-json\/wp\/v2\/types\/post"}],"author":[{"embeddable":true,"href":"https:\/\/ejornais.com.br\/index.php\/wp-json\/wp\/v2\/users\/2"}],"replies":[{"embeddable":true,"href":"https:\/\/ejornais.com.br\/index.php\/wp-json\/wp\/v2\/comments?post=40819"}],"version-history":[{"count":0,"href":"https:\/\/ejornais.com.br\/index.php\/wp-json\/wp\/v2\/posts\/40819\/revisions"}],"wp:attachment":[{"href":"https:\/\/ejornais.com.br\/index.php\/wp-json\/wp\/v2\/media?parent=40819"}],"wp:term":[{"taxonomy":"category","embeddable":true,"href":"https:\/\/ejornais.com.br\/index.php\/wp-json\/wp\/v2\/categories?post=40819"},{"taxonomy":"post_tag","embeddable":true,"href":"https:\/\/ejornais.com.br\/index.php\/wp-json\/wp\/v2\/tags?post=40819"}],"curies":[{"name":"wp","href":"https:\/\/api.w.org\/{rel}","templated":true}]}}