{"id":40936,"date":"2025-03-12T20:21:48","date_gmt":"2025-03-12T23:21:48","guid":{"rendered":"https:\/\/ejornais.com.br\/index.php\/2025\/03\/12\/prefeitura-entrega-r-115-mil-em-premios-da-4a-nota-premiada-de-campo-grande-exercicio-2024-cgnoticias\/"},"modified":"2025-03-12T20:21:48","modified_gmt":"2025-03-12T23:21:48","slug":"prefeitura-entrega-r-115-mil-em-premios-da-4a-nota-premiada-de-campo-grande-exercicio-2024-cgnoticias","status":"publish","type":"post","link":"https:\/\/ejornais.com.br\/index.php\/2025\/03\/12\/prefeitura-entrega-r-115-mil-em-premios-da-4a-nota-premiada-de-campo-grande-exercicio-2024-cgnoticias\/","title":{"rendered":"Prefeitura entrega R$ 115 mil em pr\u00eamios da 4\u00aa Nota Premiada de Campo Grande \u2013 exerc\u00edcio 2024 \u2013 CGNot\u00edcias"},"content":{"rendered":"<p><\/p>\n<div>\n<p>A Prefeitura de Campo Grande realizou nesta quarta-feira (12) a entrega dos pr\u00eamios sorteados no 4\u00ba e \u00faltimo concurso da Nota Premiada \u2013 exerc\u00edcio 2024. O pr\u00eamio se refere \u00e0 emiss\u00e3o de notas fiscais de outubro, novembro e dezembro. A solenidade foi realizada na CAC \u2013 Central de Atendimento ao Cidad\u00e3o William Maksoud Filho.<\/p>\n<p>O programa visa incentivar a emiss\u00e3o da Nota Fiscal de Servi\u00e7os Eletr\u00f4nica (NFS-e) sempre na contrata\u00e7\u00e3o de servi\u00e7os, como sal\u00f5es de beleza, oficinas mec\u00e2nicas, pet shops e escolas particulares. Para participar, basta cadastrar o CPF uma \u00fanica vez no site da Prefeitura. A cada R$ 20 em notas fiscais, o contribuinte recebe um cupom eletr\u00f4nico para concorrer aos pr\u00eamios.<\/p>\n<p>A secret\u00e1ria de Fazenda, Marcia Helena Hokama, ressaltou a import\u00e2ncia da emiss\u00e3o da nota fiscal na entrega de servi\u00e7os fundamentais em toda Campo Grande. \u201c\u00c9 de extrema import\u00e2ncia que os contribuintes pe\u00e7am a nota fiscal, assim, esse dinheiro volta para a popula\u00e7\u00e3o atrav\u00e9s de bens e servi\u00e7os. Ao mesmo tempo, para o contribuinte, \u00e9 a seguran\u00e7a que ele tem da presta\u00e7\u00e3o de servi\u00e7os\u201d.<\/p>\n<\/p>\n<p>Ao contratar um servi\u00e7o de buffet infantil para a comemora\u00e7\u00e3o do anivers\u00e1rio dos filhos, a funcion\u00e1ria p\u00fablica Andessa Miranda Auto Vale (33) n\u00e3o imaginava que ali, tamb\u00e9m assinava o passaporte para ser uma das ganhadoras da Nota Premiada. Durante o recebimento do pr\u00eamio de R$ 5 mil, ela contou que\u00e9 a primeira vez que \u00e9 contemplada em sorteios e que uma amiga foi a primeira a ver que era um dos ganhadores. \u201cEla me falou e eu de imediato j\u00e1 procurei a Secretaria de Fazenda para confirmar. Muito feliz\u201d, comemorou.<\/p>\n<\/p>\n<p>Tamb\u00e9m ganhador de um dos pr\u00eamios de R$ 5 mil, o produtor rural Jaime Ant\u00f4nio Rohr (66) lembra que foi contemplado por meio de uma nota, fruto de instala\u00e7\u00f5es el\u00e9tricas contratadas no m\u00eas de dezembro. \u201c\u00c9 muito importante que todos os contribuintes solicitem a emiss\u00e3o da nota fiscal na contrata\u00e7\u00e3o de qualquer servi\u00e7o para que isso gere recursos que ser\u00e3o traduzidos em benef\u00edcios.<\/p>\n<\/p>\n<p>O aposentado Ademir Corr\u00eaa (66) conta que o pr\u00eamio de R$ 20 mil chegou em excelente hora. \u201cCompletei 66 anos no \u00faltimo dia 7 de mar\u00e7o. A nota contemplada \u00e9 referente a um servi\u00e7o prestado por um advogado, quando estava mexendo com minha aposentadoria. A aposentadoria saiu e eu ainda fui sorteado. Todo mundo que vai contratar um servi\u00e7o precisa pedir a nota, al\u00e9m de contribuir para que o munic\u00edpio receba melhorias, poder ser sorteado e ganhar, como n\u00f3s ganhamos\u201d, refor\u00e7ou.<\/p>\n<\/p>\n<p><strong>Confira a lista completa dos ganhadores:<\/strong><\/p>\n<p><strong>Pr\u00eamio de R$<\/strong><strong> 20 mil<\/strong><\/p>\n<p><strong>1\u00ba \u2013 Miguel Brasil Ferreira Filho\u00a0<br \/><\/strong><em>Ref. Nota de Servi\u00e7o: Presta\u00e7\u00e3o de servi\u00e7os<\/em><\/p>\n<p><strong>2\u00ba \u2013 Fabiano Luciano Sim\u00f5es<br \/><\/strong><em>Ref. Nota de Servi\u00e7o: Consulta + Plano digital.<\/em><\/p>\n<p><strong>3\u00ba \u2013 Ademir Corr\u00eaa De Almeida Lima<br \/><\/strong><em>Ref. Nota de Servi\u00e7o: Servi\u00e7os advocat\u00edcios<br \/><\/em><strong\/><\/p>\n<p><strong>Pr\u00eamio de R$<\/strong><strong> 10 mil<\/strong><\/p>\n<p><strong>1\u00ba \u2013\u00a0 Swellen Rodrigues Pereira Nantes<br \/><\/strong><em>Ref. Nota de Servi\u00e7o:\u00a0 Mensalidade escolar.<\/em><\/p>\n<p><strong>2\u00ba \u2013 \u00c2ngela Saara Martins<br \/><\/strong><em>Ref. Nota de Servi\u00e7o: Plano de sa\u00fade.<\/em><\/p>\n<p><strong>3\u00ba \u2013 Ligiane Stabullo<br \/><\/strong><em>Ref. Nota de Servi\u00e7o:\u00a0 Mensalidade escolar.<\/em><\/p>\n<p><strong>Pr\u00eamio de R$<\/strong><strong> 5 mil<\/strong><\/p>\n<p><strong>1\u00ba \u2013 Andessa Miranda Auto Vale<br \/><\/strong><em>Ref. Nota de Servi\u00e7o:\u00a0 presta\u00e7\u00e3o de servi\u00e7os de evento.<\/em><\/p>\n<p><strong>2\u00ba \u2013 Jaime Ant\u00f4nio Rohr<br \/><\/strong><em>Ref. Nota de Servi\u00e7o:\u00a0 Instala\u00e7\u00f5es el\u00e9tricas de baixa tens\u00e3o<\/em><\/p>\n<p><strong>3\u00ba \u2013 C\u00edcera Ferreira da Silva Braga<br \/><\/strong><em>Ref. Nota de Servi\u00e7o:\u00a0 Tratamento de pele.<\/em><\/p>\n<p><strong>4\u00ba \u2013 Nanci Aparecida Catapatti<br \/><\/strong><em>Ref. Nota de Servi\u00e7o:\u00a0 Cursos escolares<\/em><\/p>\n<p><strong>5\u00ba \u2013 Klaison Kaoma Souza Rocha<br \/><\/strong><em>Ref. Nota de Servi\u00e7o:\u00a0 Mensalidade escolar<\/em><\/p>\n<p><em><strong>#PraTodosVerem <\/strong>:  Na mat\u00e9ria h\u00e1 5 imagens: a primeira, utilizada como capa, mostra os ganhadores do pr\u00eamio de 10 mil reais, segurando um cheque simb\u00f3lico, ao lado da secret\u00e1ria de Fazenda, Marcia Helena Hokama; a segunda fotografia \u00e9 da secret\u00e1ria Marcia Helena Hokama, falando \u00e0 imprenda; a terceira foto \u00e9 da funcion\u00e1ria-p\u00fablica, Andressa, contemplada no sorteio; a quarta imagem mostra o produtor rural Jaime Ant\u00f4nio Rohr; a quinta fotografia \u00e9 do aposentado, Ademir Corr\u00eaa.<\/em><\/p>\n<\/div>\n<p><script async defer async defer src=\"https:\/\/connect.facebook.net\/en_US\/sdk.js?ver=1#xfbml=1&amp;version=v3.2\" id=\"prefeitura-campogrande-script-facebook-sdk-js\"><\/script><\/p>\n","protected":false},"excerpt":{"rendered":"<p>A Prefeitura de Campo Grande realizou nesta quarta-feira (12) a entrega dos pr\u00eamios sorteados no 4\u00ba e \u00faltimo concurso da<\/p>\n","protected":false},"author":2,"featured_media":0,"comment_status":"","ping_status":"","sticky":false,"template":"","format":"standard","meta":{"colormag_page_container_layout":"default_layout","colormag_page_sidebar_layout":"default_layout","footnotes":""},"categories":[1],"tags":[],"class_list":["post-40936","post","type-post","status-publish","format-standard","hentry","category-ejornais"],"aioseo_notices":[],"amp_enabled":true,"_links":{"self":[{"href":"https:\/\/ejornais.com.br\/index.php\/wp-json\/wp\/v2\/posts\/40936","targetHints":{"allow":["GET"]}}],"collection":[{"href":"https:\/\/ejornais.com.br\/index.php\/wp-json\/wp\/v2\/posts"}],"about":[{"href":"https:\/\/ejornais.com.br\/index.php\/wp-json\/wp\/v2\/types\/post"}],"author":[{"embeddable":true,"href":"https:\/\/ejornais.com.br\/index.php\/wp-json\/wp\/v2\/users\/2"}],"replies":[{"embeddable":true,"href":"https:\/\/ejornais.com.br\/index.php\/wp-json\/wp\/v2\/comments?post=40936"}],"version-history":[{"count":0,"href":"https:\/\/ejornais.com.br\/index.php\/wp-json\/wp\/v2\/posts\/40936\/revisions"}],"wp:attachment":[{"href":"https:\/\/ejornais.com.br\/index.php\/wp-json\/wp\/v2\/media?parent=40936"}],"wp:term":[{"taxonomy":"category","embeddable":true,"href":"https:\/\/ejornais.com.br\/index.php\/wp-json\/wp\/v2\/categories?post=40936"},{"taxonomy":"post_tag","embeddable":true,"href":"https:\/\/ejornais.com.br\/index.php\/wp-json\/wp\/v2\/tags?post=40936"}],"curies":[{"name":"wp","href":"https:\/\/api.w.org\/{rel}","templated":true}]}}