{"id":40971,"date":"2025-03-13T09:59:35","date_gmt":"2025-03-13T12:59:35","guid":{"rendered":"https:\/\/ejornais.com.br\/index.php\/2025\/03\/13\/governo-e-mpms-debatem-acoes-no-aprimoramento-da-rede-de-protecao-a-mulher-agencia-de-noticias-do-governo-de-mato-grosso-do-sul\/"},"modified":"2025-03-13T09:59:35","modified_gmt":"2025-03-13T12:59:35","slug":"governo-e-mpms-debatem-acoes-no-aprimoramento-da-rede-de-protecao-a-mulher-agencia-de-noticias-do-governo-de-mato-grosso-do-sul","status":"publish","type":"post","link":"https:\/\/ejornais.com.br\/index.php\/2025\/03\/13\/governo-e-mpms-debatem-acoes-no-aprimoramento-da-rede-de-protecao-a-mulher-agencia-de-noticias-do-governo-de-mato-grosso-do-sul\/","title":{"rendered":"Governo e MPMS debatem a\u00e7\u00f5es no aprimoramento da rede de prote\u00e7\u00e3o \u00e0 mulher \u2013 Ag\u00eancia de Noticias do Governo de Mato Grosso do Sul"},"content":{"rendered":"<p><\/p>\n<div>\n<p>Com o objetivo de reformular e ampliar a rede de prote\u00e7\u00e3o \u00e0 mulher, o governador Eduardo Riedel, e o vice-governador Jos\u00e9 Carlos Barbosa, o Barbosinha, receberam no in\u00edcio da noite de ontem, quarta-feira (12), o procurador-geral de Justi\u00e7a do MPMS (Minist\u00e9rio P\u00fablico de Mato Grosso do Sul), Rom\u00e3o Avila Milhan Junior, com demais representantes do \u00f3rg\u00e3o, para uma reuni\u00e3o de trabalho para discutir sugest\u00f5es e iniciativas que j\u00e1 est\u00e3o sendo adotadas para melhorias no fluxo e atendimento na Casa da Mulher Brasileira.<\/p>\n<p>\u201cS\u00e3o in\u00fameras iniciativas. N\u00f3s estamos aqui com colegas especialistas em cada uma das \u00e1reas, desde a Casa da Mulher, o GACEP (Grupo de Atua\u00e7\u00e3o Especial de Controle Externo da Atividade Policial do MPMS) e conseguimos levantar j\u00e1 o passivo e aquilo que n\u00f3s faremos integrados com a Secretaria de Seguran\u00e7a P\u00fablica e a Pol\u00edcia Civil relacionados aos boletins de ocorr\u00eancia. Vamos integrar todos os sistemas: Tribunal de Justi\u00e7a, Minist\u00e9rio P\u00fablico, o SEEU [Sistema Eletr\u00f4nico de Execu\u00e7\u00e3o Unificado], o Banco Nacional de Mandados de Pris\u00e3o, para que todos os integrantes do sistema de justi\u00e7a tenham isso de imediato. Depois iremos tamb\u00e9m para o formul\u00e1rio de an\u00e1lise de avalia\u00e7\u00e3o de risco atualizando de forma eletr\u00f4nica. N\u00f3s temos este ambiente no Estado para a constru\u00e7\u00e3o conjunta entre os poderes e institui\u00e7\u00f5es de melhoria para a sociedade sul-mato-grossense. Por isso, esta reuni\u00e3o com o governador, que est\u00e1 \u00e0 disposi\u00e7\u00e3o para acolher todas as sugest\u00f5es\u201d, destacou o procurador-geral.<\/p>\n<p>Coordenador do Grupo de Trabalho (GT) criado pela gest\u00e3o estadual, Barbosinha ressaltou que a integra\u00e7\u00e3o e a experi\u00eancia do Minist\u00e9rio P\u00fablico e seus promotores especializados em seguran\u00e7a p\u00fablica, bem como nas demais \u00e1reas, como tecnologia, v\u00e3o contribuir para o aprimoramento e avan\u00e7o na rede de prote\u00e7\u00e3o na Casa da Mulher<\/p>\n<p>\u201cA pedido do governador Riedel, tudo o que for necess\u00e1rio para aprimorar, melhorar e criar um ambiente de seguran\u00e7a ser\u00e1 feito e servir\u00e1 de refer\u00eancia para todo o Estado. Neste aspecto, a participa\u00e7\u00e3o do Minist\u00e9rio P\u00fablico \u00e9 fundamental\u201d, garantiu Barbosinha.<\/p>\n<p>Rom\u00e3o Avila acrescentou ainda que tamb\u00e9m ser\u00e1 criada uma for\u00e7a-tarefa para apreciar os procedimentos do passado e tamb\u00e9m sugest\u00f5es de novos fluxos.<\/p>\n<p>\u201cO objetivo maior \u00e9 que n\u00f3s tenhamos a\u00ed uma melhora no atendimento de porta l\u00e1 da Casa da Mulher at\u00e9 a decis\u00e3o final do Judici\u00e1rio. Estamos com um projeto pronto, que \u00e9 o projeto Lil\u00e1s relacionado aos alertas que teremos com as ocorr\u00eancias registradas e os processos distribu\u00eddos aos integrantes do sistema de justi\u00e7a tomando conhecimento imediato de novos fatos\u201d, afirmou.<\/p>\n<p>O governo estadual tem trabalhado para aperfei\u00e7oar a rede de prote\u00e7\u00e3o \u00e0 mulher, integrando os Poderes com a finalidade de dar agilidade nos processos e melhorar o atendimento prestado \u00e0s mulheres v\u00edtimas de viol\u00eancia.<\/p>\n<p>Alexandre Gonzaga, Comunica\u00e7\u00e3o do Governo de MS<br \/>Fotos: \u00c1lvaro Rezende<\/p>\n<p><strong>Confira o pack imprensa com imagens da reuni\u00e3o<\/strong>: 12 &#8211; Reuni\u00e3o MPMS &#8211; Google Drive<\/p>\n<\/div>\n","protected":false},"excerpt":{"rendered":"<p>Com o objetivo de reformular e ampliar a rede de prote\u00e7\u00e3o \u00e0 mulher, o governador Eduardo Riedel, e o vice-governador<\/p>\n","protected":false},"author":2,"featured_media":0,"comment_status":"","ping_status":"","sticky":false,"template":"","format":"standard","meta":{"colormag_page_container_layout":"default_layout","colormag_page_sidebar_layout":"default_layout","footnotes":""},"categories":[1],"tags":[],"class_list":["post-40971","post","type-post","status-publish","format-standard","hentry","category-ejornais"],"aioseo_notices":[],"amp_enabled":true,"_links":{"self":[{"href":"https:\/\/ejornais.com.br\/index.php\/wp-json\/wp\/v2\/posts\/40971","targetHints":{"allow":["GET"]}}],"collection":[{"href":"https:\/\/ejornais.com.br\/index.php\/wp-json\/wp\/v2\/posts"}],"about":[{"href":"https:\/\/ejornais.com.br\/index.php\/wp-json\/wp\/v2\/types\/post"}],"author":[{"embeddable":true,"href":"https:\/\/ejornais.com.br\/index.php\/wp-json\/wp\/v2\/users\/2"}],"replies":[{"embeddable":true,"href":"https:\/\/ejornais.com.br\/index.php\/wp-json\/wp\/v2\/comments?post=40971"}],"version-history":[{"count":0,"href":"https:\/\/ejornais.com.br\/index.php\/wp-json\/wp\/v2\/posts\/40971\/revisions"}],"wp:attachment":[{"href":"https:\/\/ejornais.com.br\/index.php\/wp-json\/wp\/v2\/media?parent=40971"}],"wp:term":[{"taxonomy":"category","embeddable":true,"href":"https:\/\/ejornais.com.br\/index.php\/wp-json\/wp\/v2\/categories?post=40971"},{"taxonomy":"post_tag","embeddable":true,"href":"https:\/\/ejornais.com.br\/index.php\/wp-json\/wp\/v2\/tags?post=40971"}],"curies":[{"name":"wp","href":"https:\/\/api.w.org\/{rel}","templated":true}]}}