{"id":41118,"date":"2025-03-15T17:44:52","date_gmt":"2025-03-15T20:44:52","guid":{"rendered":"https:\/\/ejornais.com.br\/index.php\/2025\/03\/15\/moradores-da-comunidade-sucuri-aguao-e-pa-conquista-recebem-primeira-edicao-da-acao-social-rural-cgnoticias\/"},"modified":"2025-03-15T17:44:52","modified_gmt":"2025-03-15T20:44:52","slug":"moradores-da-comunidade-sucuri-aguao-e-pa-conquista-recebem-primeira-edicao-da-acao-social-rural-cgnoticias","status":"publish","type":"post","link":"https:\/\/ejornais.com.br\/index.php\/2025\/03\/15\/moradores-da-comunidade-sucuri-aguao-e-pa-conquista-recebem-primeira-edicao-da-acao-social-rural-cgnoticias\/","title":{"rendered":"Moradores da Comunidade Sucuri, Agu\u00e3o e PA Conquista recebem primeira edi\u00e7\u00e3o da A\u00e7\u00e3o Social Rural \u2013 CGNot\u00edcias"},"content":{"rendered":"<p><\/p>\n<div>\n<p>O pequeno empreendedor Evanilson Alves Silva, que trabalha com p\u00e3es caseiros, ficou at\u00e9 final da A\u00e7\u00e3o Social Rural para aproveitar ao m\u00e1ximo o curso de panifica\u00e7\u00e3o. \u201cEu vim aprender t\u00e9cnicas novas para aprimorar a produ\u00e7\u00e3o, poder fazer de forma mais acertada. Hoje eu produzo com a minha esposa p\u00e3o caseiro, rosca, fatia h\u00fangara e tortas de lim\u00f5es\u201d, disse. A oficina que ele participou aconteceu neste s\u00e1bado, 15 de mar\u00e7o, durante a iniciativa in\u00e9dita.<\/p>\n<figure class=\"wp-block-image size-large\"><\/figure>\n<p>A Comunidade Sucuri, Agu\u00e3o e PA Conquista foram as primeiras a receber a programa\u00e7\u00e3o que une uma s\u00e9rie de servi\u00e7os essenciais m\u00e9dico, social, t\u00e9cnico-rural, cr\u00e9dito rural e jur\u00eddico em \u00fanico lugar para facilitar os atendimentos aos pequenos produtores da agricultura familiar. Assim como ele, cerca de 500 pessoas passaram pela Escola Municipal Orlandina Oliveira Lima para aproveitar os servi\u00e7os ofertados. Mara Rita Faria Franco foi atualizar o NIS. \u201cEu moro na fazenda, tudo que preciso fazer na cidade tem que marcar, a\u00ed muitas vezes dificulta, ent\u00e3o, com os servi\u00e7os aqui pertinho ajuda muita. Ainda mais que \u00e9 fim de semana, a gente trabalha todo dia, ent\u00e3o ajuda demais\u201d, disse.<\/p>\n<figure class=\"wp-block-image size-large\"><\/figure>\n<p>Realizada pela Prefeitura de Campo Grande, por meio da Secretaria Municipal de Meio Ambiente, Gest\u00e3o Urbana e Desenvolvimento Econ\u00f4mico, Sustent\u00e1vel e Tur\u00edstico (SEMADES), a a\u00e7\u00e3o vai mobilizar neste m\u00eas de mar\u00e7o e abril equipes de sa\u00fade, assist\u00eancia social e seguran\u00e7a p\u00fablica para atender as comunidades rurais.<\/p>\n<figure class=\"wp-block-image size-large\"><\/figure>\n<p>\u201cA ideia aqui hoje \u00e9 a gente come\u00e7ar uma grande a\u00e7\u00e3o dentro da Prefeitura de Campo Grande. A gest\u00e3o municipal j\u00e1 faz uma a\u00e7\u00e3o social nos bairros de Campo Grande, o que estamos fazendo de diferente? Estamos trazendo isso para a zona rural, para os assentamentos, para as comunidades rurais, para aproximar ainda mais a Prefeitura, os servi\u00e7os, os parceiros, de cada produtor rural, de cada fam\u00edlia que mora aqui\u201d, disse o secret\u00e1rio municipal da SEMADES, Ademar Silva Junior.<\/p>\n<figure class=\"wp-block-image size-large\"><\/figure>\n<p>A prefeita Adriane Lopes ressaltou que o objetivo \u00e9 estar cada vez mais pr\u00f3xima dos produtores, especialmente dos pequenos agricultores.<\/p>\n<p>\u201cA Prefeitura quer construir, junto com voc\u00eas, um caminho para que possam produzir o ano inteiro e tenham um local certo para distribuir, comercializar e garantir o crescimento e o desenvolvimento no campo. Nosso compromisso \u00e9 melhorar a distribui\u00e7\u00e3o dos produtos cultivados no Cintur\u00e3o Verde de Campo Grande, oferecendo um espa\u00e7o adequado para a comercializa\u00e7\u00e3o e a expans\u00e3o que os pequenos produtores precisam. Produzir voc\u00eas j\u00e1 sabem, o desafio \u00e9 fazer com que esses alimentos cheguem \u00e0 mesa dos campo-grandenses e at\u00e9 de outras cidades e estados\u201d, afirmou.<\/p>\n<figure class=\"wp-block-image size-large\"><\/figure>\n<p>Para isso, parcerias v\u00eam sendo fortalecidas. O secret\u00e1rio-executivo de Desenvolvimento Econ\u00f4mico Sustent\u00e1vel, Rog\u00e9rio Beretta, que representou o governador Eduardo Riedel, destacou a import\u00e2ncia da atua\u00e7\u00e3o conjunta entre as entidades.<\/p>\n<p>\u201cN\u00e3o podemos sobrepor a\u00e7\u00f5es. Por que criar novas iniciativas de capacita\u00e7\u00e3o no meio rural se j\u00e1 contamos com o Senar? Por que pensar em educa\u00e7\u00e3o se temos a UFMS? Precisamos potencializar essa intera\u00e7\u00e3o. Este evento representa um grande alinhamento institucional. Estamos aqui a pedido do governador, e o governo est\u00e1 presente, disposto a participar ativamente dentro das atribui\u00e7\u00f5es do Estado\u201d, afirmou.<\/p>\n<figure class=\"wp-block-image size-large\"><\/figure>\n<p>A programa\u00e7\u00e3o continuar\u00e1, e no dia 29 de mar\u00e7o, o Acampamento Zumbi dos Palmares e regi\u00f5es adjacentes receber\u00e3o a a\u00e7\u00e3o. J\u00e1 no dia 5 de abril, ser\u00e1 a vez do PA Tr\u00eas Cora\u00e7\u00f5es e das comunidades vizinhas.<\/p>\n<p>Outros grupos ser\u00e3o atendidos ao longo do ano, com o objetivo de alcan\u00e7ar todas as comunidades rurais do munic\u00edpio.<\/p>\n<p>A iniciativa refor\u00e7a a import\u00e2ncia de aproximar a Prefeitura das comunidades, proporcionando acesso a servi\u00e7os que podem transformar realidades e estimular o desenvolvimento sustent\u00e1vel e econ\u00f4mico no meio rural.<\/p>\n<figure class=\"wp-block-image size-large\"><\/figure>\n<p><strong>Parceiros<\/strong><\/p>\n<p>S\u00e3o parceiros da iniciativa a Secretaria Municipal de Assist\u00eancia Social (SAS), Secret\u00e1rio Especial de Articula\u00e7\u00e3o Regional (SEAR), Secretaria Municipal de Sa\u00fade (SESAU), Secretaria Especial de Seguran\u00e7a e Defesa Social (SESDES), Funda\u00e7\u00e3o Social do Trabalho de Campo Grande (FUNSAT), Ag\u00eancia de Desenvolvimento Agr\u00e1rio e Extens\u00e3o Rural (AGRAER), Ag\u00eancia Estadual de Defesa Sanit\u00e1ria Animal e Vegetal (Iagro), Secretaria de Meio Ambiente, Desenvolvimento, Ci\u00eancia, Tecnologia e Inova\u00e7\u00e3o (SEMADESC), Secretaria Estadual de Sa\u00fade (SES), Secretaria de Estado de Justi\u00e7a e Seguran\u00e7a P\u00fablica (SEJUSP), Observat\u00f3rio do Cooperativismo\/UFMS, Servi\u00e7o Brasileiro de Apoio \u00e0s Micro e Pequenas Empresas (SEBRAE), Servi\u00e7o Nacional de Aprendizagem Industrial (SENAI), Federa\u00e7\u00e3o das Ind\u00fastrias do Estado de Mato Grosso do Sul (FIEMS), Servi\u00e7o Nacional de Aprendizagem Rural (SENAR), Corpo de Bombeiros de MS, Ramos Matos Advocacia, Cooperativa Agr\u00edcola Mista (CoopLaf), Energisa e Sicredi.<\/p>\n<p><strong>SERVI\u00c7O<\/strong><\/p>\n<p>Dia: 29\/03\/2025<\/p>\n<p>Local: PA Estrela Campo Grande e Adjac\u00eancias<br \/>Hor\u00e1rio: 8h \u00e0s 13h<br \/>Endere\u00e7o: Assentamento Estrela, lote 37<\/p>\n<p>Dia: 05\/04\/2025<\/p>\n<p>Local: PA Tr\u00eas Cora\u00e7\u00f5es e Adjac\u00eancias<br \/>Hor\u00e1rio: 8h \u00e0s 13h<br \/>Endere\u00e7o: \u00c1rea coletiva do assentamento\u00a0<\/p>\n<figure class=\"wp-block-gallery has-nested-images columns-default is-cropped wp-block-gallery-2 is-layout-flex wp-block-gallery-is-layout-flex\">\n<figure class=\"wp-block-image size-large\"><\/figure>\n<figure class=\"wp-block-image size-large\"><\/figure>\n<figure class=\"wp-block-image size-large\"><\/figure>\n<figure class=\"wp-block-image size-large\"><\/figure>\n<figure class=\"wp-block-image size-large\"><\/figure>\n<figure class=\"wp-block-image size-large\"><\/figure>\n<figure class=\"wp-block-image size-large\"><\/figure>\n<figure class=\"wp-block-image size-large\"><\/figure>\n<figure class=\"wp-block-image size-large\"><\/figure>\n<figure class=\"wp-block-image size-large\"><\/figure>\n<figure class=\"wp-block-image size-large\"><\/figure>\n<figure class=\"wp-block-image size-large\"><\/figure>\n<figure class=\"wp-block-image size-large\"><\/figure>\n<figure class=\"wp-block-image size-large\"><\/figure>\n<figure class=\"wp-block-image size-large\"><\/figure>\n<figure class=\"wp-block-image size-large\"><\/figure>\n<figure class=\"wp-block-image size-large\"><\/figure>\n<figure class=\"wp-block-image size-large\"><\/figure>\n<figure class=\"wp-block-image size-large\"><\/figure>\n<figure class=\"wp-block-image size-large\"><\/figure>\n<figure class=\"wp-block-image size-large\"><\/figure>\n<figure class=\"wp-block-image size-large\"><\/figure>\n<figure class=\"wp-block-image size-large\"><\/figure>\n<figure class=\"wp-block-image size-large\"><\/figure>\n<figure class=\"wp-block-image size-large\"><\/figure>\n<figure class=\"wp-block-image size-large\"><\/figure>\n<figure class=\"wp-block-image size-large\"><\/figure>\n<figure class=\"wp-block-image size-large\"><\/figure>\n<figure class=\"wp-block-image size-large\"><\/figure>\n<figure class=\"wp-block-image size-large\"><\/figure>\n<figure class=\"wp-block-image size-large\"><\/figure>\n<figure class=\"wp-block-image size-large\"><\/figure>\n<figure class=\"wp-block-image size-large\"><\/figure>\n<figure class=\"wp-block-image size-large\"><\/figure>\n<figure class=\"wp-block-image size-large\"><\/figure>\n<figure class=\"wp-block-image size-large\"><\/figure>\n<figure class=\"wp-block-image size-large\"><\/figure>\n<figure class=\"wp-block-image size-large\"><\/figure>\n<figure class=\"wp-block-image size-large\"><\/figure>\n<figure class=\"wp-block-image size-large\"><\/figure>\n<figure class=\"wp-block-image size-large\"><\/figure>\n<figure class=\"wp-block-image size-large\"><\/figure>\n<figure class=\"wp-block-image size-large\"><\/figure>\n<figure class=\"wp-block-image size-large\"><\/figure>\n<figure class=\"wp-block-image size-large\"><\/figure>\n<figure class=\"wp-block-image size-large\"><\/figure>\n<figure class=\"wp-block-image size-large\"><\/figure>\n<figure class=\"wp-block-image size-large\"><\/figure>\n<figure class=\"wp-block-image size-large\"><\/figure>\n<figure class=\"wp-block-image size-large\"><\/figure>\n<figure class=\"wp-block-image size-large\"><\/figure>\n<figure class=\"wp-block-image size-large\"><\/figure>\n<\/figure>\n<p>#PAraTodosVerem A imagem de capa mostra a a\u00e7\u00e3o. A foto interna mostra o curso de panifica\u00e7\u00e3o, depois vem a foto da entrevistada Mara Rita. Depois vem mais fotos da a\u00e7\u00e3o  da prefeita Adriane Lopes. Ao final uma galeria de imagens com todas as fotos. <\/p>\n<\/div>\n<p><script async defer async defer src=\"https:\/\/connect.facebook.net\/en_US\/sdk.js?ver=1#xfbml=1&amp;version=v3.2\" id=\"prefeitura-campogrande-script-facebook-sdk-js\"><\/script><\/p>\n","protected":false},"excerpt":{"rendered":"<p>O pequeno empreendedor Evanilson Alves Silva, que trabalha com p\u00e3es caseiros, ficou at\u00e9 final da A\u00e7\u00e3o Social Rural para aproveitar<\/p>\n","protected":false},"author":2,"featured_media":0,"comment_status":"","ping_status":"","sticky":false,"template":"","format":"standard","meta":{"colormag_page_container_layout":"default_layout","colormag_page_sidebar_layout":"default_layout","footnotes":""},"categories":[1],"tags":[],"class_list":["post-41118","post","type-post","status-publish","format-standard","hentry","category-ejornais"],"aioseo_notices":[],"amp_enabled":true,"_links":{"self":[{"href":"https:\/\/ejornais.com.br\/index.php\/wp-json\/wp\/v2\/posts\/41118","targetHints":{"allow":["GET"]}}],"collection":[{"href":"https:\/\/ejornais.com.br\/index.php\/wp-json\/wp\/v2\/posts"}],"about":[{"href":"https:\/\/ejornais.com.br\/index.php\/wp-json\/wp\/v2\/types\/post"}],"author":[{"embeddable":true,"href":"https:\/\/ejornais.com.br\/index.php\/wp-json\/wp\/v2\/users\/2"}],"replies":[{"embeddable":true,"href":"https:\/\/ejornais.com.br\/index.php\/wp-json\/wp\/v2\/comments?post=41118"}],"version-history":[{"count":0,"href":"https:\/\/ejornais.com.br\/index.php\/wp-json\/wp\/v2\/posts\/41118\/revisions"}],"wp:attachment":[{"href":"https:\/\/ejornais.com.br\/index.php\/wp-json\/wp\/v2\/media?parent=41118"}],"wp:term":[{"taxonomy":"category","embeddable":true,"href":"https:\/\/ejornais.com.br\/index.php\/wp-json\/wp\/v2\/categories?post=41118"},{"taxonomy":"post_tag","embeddable":true,"href":"https:\/\/ejornais.com.br\/index.php\/wp-json\/wp\/v2\/tags?post=41118"}],"curies":[{"name":"wp","href":"https:\/\/api.w.org\/{rel}","templated":true}]}}