{"id":41227,"date":"2025-03-17T19:27:38","date_gmt":"2025-03-17T22:27:38","guid":{"rendered":"https:\/\/ejornais.com.br\/index.php\/2025\/03\/17\/sesau-comeca-na-quarta-feira-agendamentos-para-exames-de-ultrassonografia-com-doppler-cgnoticias\/"},"modified":"2025-03-17T19:27:38","modified_gmt":"2025-03-17T22:27:38","slug":"sesau-comeca-na-quarta-feira-agendamentos-para-exames-de-ultrassonografia-com-doppler-cgnoticias","status":"publish","type":"post","link":"https:\/\/ejornais.com.br\/index.php\/2025\/03\/17\/sesau-comeca-na-quarta-feira-agendamentos-para-exames-de-ultrassonografia-com-doppler-cgnoticias\/","title":{"rendered":"SESAU come\u00e7a na quarta-feira agendamentos para exames de Ultrassonografia com Doppler\u00a0\u00a0 \u2013 CGNot\u00edcias"},"content":{"rendered":"<p><\/p>\n<div>\n<p>A Prefeitura de Campo Grande, por meio da Secretaria Municipal de Sa\u00fade (SESAU), inicia nesta quarta-feira (19), a atualiza\u00e7\u00e3o da fila para a realiza\u00e7\u00e3o de um novo mutir\u00e3o em abril, desta vez, a a\u00e7\u00e3o ser\u00e1 para agilizar a demanda de exames de Ultrassonografia com Doppler (USG Doppler). A iniciativa visa atender pacientes que aguardam no Sistema de Regula\u00e7\u00e3o (SISREG) e facilitar o acesso a diagn\u00f3sticos vasculares essenciais.\u00a0\u00a0<\/p>\n<p>O mutir\u00e3o contempla 1.834 procedimentos de pacientes com exames de Ultrassonagrafia com Doppler venoso e arterial dos membros inferiores (MMII) e superiores (MMSS), al\u00e9m do Doppler de car\u00f3tidas e vertebrais, fundamentais para avaliar a circula\u00e7\u00e3o sangu\u00ednea e prevenir complica\u00e7\u00f5es vasculares.\u00a0\u00a0<\/p>\n<p>Assim, o SISREG enviar\u00e1 mensagens pelo aplicativo WhatsApp (67 99806-6397 \/ 67 99671-7948) para informar sobre o agendamento dos exames. Ap\u00f3s essa etapa, a equipe tamb\u00e9m realizar\u00e1 liga\u00e7\u00f5es pelo telefone (67) 3314-4516 para refor\u00e7ar a comunica\u00e7\u00e3o. Importante destacar que esse n\u00famero n\u00e3o recebe chamadas. A previs\u00e3o \u00e9 que os exames sejam realizados a partir de abril no Cadim (Centro de Apoio e Diagn\u00f3stico Municipal).<\/p>\n<p>A SESAU ressalta que o agendamento ocorre para quem j\u00e1 est\u00e1 inserido no sistema. Para quem aguarda por estes exames e tenha eventualmente, mudado de n\u00famero de telefone, h\u00e1 necessidade de fazer a atualiza\u00e7\u00e3o cadastral em uma Unidade de Sa\u00fade da Fam\u00edlia (USFs).<\/p>\n<p><strong>A import\u00e2ncia do mutir\u00e3o\u00a0\u00a0<\/strong><\/p>\n<p>De acordo com a m\u00e9dica da Regula\u00e7\u00e3o da SESAU, Larissa Missirian, a iniciativa tem como objetivo reduzir a fila de espera e garantir diagn\u00f3sticos mais r\u00e1pidos. \u201cSabemos que muitas doen\u00e7as vasculares podem ser silenciosas e trazer complica\u00e7\u00f5es graves se n\u00e3o forem diagnosticadas a tempo. Com esse mutir\u00e3o, estamos otimizando o atendimento e garantindo que os pacientes tenham acesso ao exame, promovendo mais qualidade de vida\u201d.\u00a0\u00a0<\/p>\n<p>A secret\u00e1ria municipal de Sa\u00fade, Rosana Leite, refor\u00e7a o compromisso da gest\u00e3o em ampliar o acesso \u00e0 sa\u00fade. \u201cA realiza\u00e7\u00e3o desse mutir\u00e3o demonstra o empenho da munic\u00edpio em oferecer um atendimento mais \u00e1gil e humanizado. A identifica\u00e7\u00e3o precoce de problemas vasculares permite um tratamento mais eficaz, evitando complica\u00e7\u00f5es futuras para os pacientes\u201d.\u00a0\u00a0<\/p>\n<p><strong>Mobiliza\u00e7\u00e3o e prazos\u00a0\u00a0<\/strong><\/p>\n<p>Os pacientes que receberem a mensagem devem responder prontamente para confirmar o agendamento do exame. A otimiza\u00e7\u00e3o da fila pelo SISREG acontecer\u00e1 entre os dias 19 e 26 de mar\u00e7o de 2025, garantindo que todos os registros sejam atualizados e que mais pessoas sejam atendidas.\u00a0\u00a0<\/p>\n<\/div>\n<p><script async defer async defer src=\"https:\/\/connect.facebook.net\/en_US\/sdk.js?ver=1#xfbml=1&amp;version=v3.2\" id=\"prefeitura-campogrande-script-facebook-sdk-js\"><\/script><\/p>\n","protected":false},"excerpt":{"rendered":"<p>A Prefeitura de Campo Grande, por meio da Secretaria Municipal de Sa\u00fade (SESAU), inicia nesta quarta-feira (19), a atualiza\u00e7\u00e3o da<\/p>\n","protected":false},"author":2,"featured_media":0,"comment_status":"","ping_status":"","sticky":false,"template":"","format":"standard","meta":{"colormag_page_container_layout":"default_layout","colormag_page_sidebar_layout":"default_layout","footnotes":""},"categories":[1],"tags":[],"class_list":["post-41227","post","type-post","status-publish","format-standard","hentry","category-ejornais"],"aioseo_notices":[],"amp_enabled":true,"_links":{"self":[{"href":"https:\/\/ejornais.com.br\/index.php\/wp-json\/wp\/v2\/posts\/41227","targetHints":{"allow":["GET"]}}],"collection":[{"href":"https:\/\/ejornais.com.br\/index.php\/wp-json\/wp\/v2\/posts"}],"about":[{"href":"https:\/\/ejornais.com.br\/index.php\/wp-json\/wp\/v2\/types\/post"}],"author":[{"embeddable":true,"href":"https:\/\/ejornais.com.br\/index.php\/wp-json\/wp\/v2\/users\/2"}],"replies":[{"embeddable":true,"href":"https:\/\/ejornais.com.br\/index.php\/wp-json\/wp\/v2\/comments?post=41227"}],"version-history":[{"count":0,"href":"https:\/\/ejornais.com.br\/index.php\/wp-json\/wp\/v2\/posts\/41227\/revisions"}],"wp:attachment":[{"href":"https:\/\/ejornais.com.br\/index.php\/wp-json\/wp\/v2\/media?parent=41227"}],"wp:term":[{"taxonomy":"category","embeddable":true,"href":"https:\/\/ejornais.com.br\/index.php\/wp-json\/wp\/v2\/categories?post=41227"},{"taxonomy":"post_tag","embeddable":true,"href":"https:\/\/ejornais.com.br\/index.php\/wp-json\/wp\/v2\/tags?post=41227"}],"curies":[{"name":"wp","href":"https:\/\/api.w.org\/{rel}","templated":true}]}}