{"id":41328,"date":"2025-03-19T08:49:36","date_gmt":"2025-03-19T11:49:36","guid":{"rendered":"https:\/\/ejornais.com.br\/index.php\/2025\/03\/19\/cor-rio-comeca-a-receber-energia-verde-com-economia-de-r-3-milhoes-em-cinco-anos-prefeitura-da-cidade-do-rio-de-janeiro\/"},"modified":"2025-03-19T08:49:36","modified_gmt":"2025-03-19T11:49:36","slug":"cor-rio-comeca-a-receber-energia-verde-com-economia-de-r-3-milhoes-em-cinco-anos-prefeitura-da-cidade-do-rio-de-janeiro","status":"publish","type":"post","link":"https:\/\/ejornais.com.br\/index.php\/2025\/03\/19\/cor-rio-comeca-a-receber-energia-verde-com-economia-de-r-3-milhoes-em-cinco-anos-prefeitura-da-cidade-do-rio-de-janeiro\/","title":{"rendered":"COR-Rio come\u00e7a a receber energia verde com economia de R$ 3 milh\u00f5es em cinco anos &#8211; Prefeitura da Cidade do Rio de Janeiro"},"content":{"rendered":"<p><\/p>\n<div wp_automatic_readability=\"83.489945570003\">\n<div class=\"image-post\" wp_automatic_readability=\"33\">\n                     O projeto de aquisi\u00e7\u00e3o de energia limpa para os pr\u00e9dios p\u00fablicos da cidade teve in\u00edcio em 2022. Foto: Rafael Catarcione                  <\/div>\n<p>O pr\u00e9dio do Centro de Opera\u00e7\u00f5es e Resili\u00eancia da Prefeitura do Rio (COR-Rio) come\u00e7ou a ser abastecido com \u201cEnergia Verde\u201d, que privilegia a ado\u00e7\u00e3o de fontes limpas e renov\u00e1veis no Mercado Livre de Energia. A cerim\u00f4nia de inaugura\u00e7\u00e3o desta nova etapa aconteceu nesta ter\u00e7a-feira (18\/03), na sede do Centro de Opera\u00e7\u00f5es, e contou com a presen\u00e7a do chefe-executivo do COR-Rio, Marcus Belchior, da secret\u00e1ria de Fazenda, Andrea Senko, e outras autoridades. A economia para a cidade ser\u00e1 de aproximadamente R$ 3 milh\u00f5es em cinco anos e ser\u00e3o evitadas a emiss\u00e3o de 8 mil toneladas de gases de efeito estufa (GEE). A iniciativa refor\u00e7a o pioneirismo do COR-Rio na busca por solu\u00e7\u00f5es eficientes para o consumo energ\u00e9tico, alinhada \u00e0s metas globais de redu\u00e7\u00e3o de emiss\u00f5es e ao compromisso de constru\u00e7\u00e3o de uma cidade mais resiliente. O evento tamb\u00e9m marcou a certifica\u00e7\u00e3o do equipamento p\u00fablico pela International Renewable Energy Certificate (I-REC).<\/p>\n<p>O projeto de aquisi\u00e7\u00e3o de energia limpa para os pr\u00e9dios p\u00fablicos da cidade teve in\u00edcio em 2022. O passo inicial foi a licita\u00e7\u00e3o para o abastecimento do Centro Administrativo S\u00e3o Sebasti\u00e3o (Cass), sede da Prefeitura. Ap\u00f3s a experi\u00eancia bem-sucedida e completamente implantada, em 2023, com ganhos financeiros e ambientais, o projeto foi expandido para outros \u00f3rg\u00e3os p\u00fablicos como o Centro de Opera\u00e7\u00f5es e vinte unidades de sa\u00fade. O Rio de Janeiro \u00e9 a primeira cidade da Am\u00e9rica Latina a utilizar energia renov\u00e1vel para abastecer \u00f3rg\u00e3os p\u00fablicos.<\/p>\n<p>Al\u00e9m da vantagem econ\u00f4mica e ambiental, a contrata\u00e7\u00e3o de energia limpa e renov\u00e1vel no Ambiente de Contrata\u00e7\u00e3o Livre (ACL) est\u00e1 respaldada pela certifica\u00e7\u00e3o International Renewable Energy Certificate (I-REC). Essa certifica\u00e7\u00e3o reconhece e rastreia a origem 100% renov\u00e1vel da energia consumida, conferindo maior credibilidade \u00e0s a\u00e7\u00f5es de sustentabilidade do COR-Rio. Ao adquirir energia com I-REC, a cidade do Rio de Janeiro refor\u00e7a sua lideran\u00e7a na ado\u00e7\u00e3o de tecnologias limpas e na redu\u00e7\u00e3o efetiva de emiss\u00f5es de gases de efeito estufa.<\/p>\n<p>A aquisi\u00e7\u00e3o de energia renov\u00e1vel, certificada por I-REC, traz outro benef\u00edcio estrat\u00e9gico: a possibilidade de emiss\u00e3o de certificados que garantem a proced\u00eancia limpa da energia consumida, gerando cr\u00e9ditos de carbono. Esses cr\u00e9ditos podem ser negociados tanto em mercados nacionais quanto internacionais, permitindo que o Rio de Janeiro se insira de forma competitiva em um cen\u00e1rio global que valoriza projetos sustent\u00e1veis.<\/p>\n<blockquote wp_automatic_readability=\"10\">\n<p>\u2013 O Centro de Opera\u00e7\u00f5es \u00e9 o principal equipamento p\u00fablico municipal quando o tema \u00e9 o processo de mudan\u00e7as clim\u00e1ticas vivenciado por todo o planeta. N\u00f3s temos incont\u00e1veis estudos e parcerias sobre o assunto com renomadas institui\u00e7\u00f5es e universidades. Adotar a compra da energia limpa \u00e9 mais um passo no processo de adapta\u00e7\u00e3o do nosso pr\u00e9dio para que possamos trilhar cada vez mais o caminho da sustentabilidade -, destacou o chefe-executivo do Centro de Opera\u00e7\u00f5es e Resili\u00eancia, Marcus Belchior.<\/p>\n<\/blockquote>\n<p>Chamado \u201cRio de Energia Verde \u2013 Aquisi\u00e7\u00e3o de Energia Limpa e Renov\u00e1vel no Mercado Livre de Energia\u201d, o projeto foi desenvolvido pela Subsecretaria de Gente e Gest\u00e3o Compartilhada, da Secretaria Municipal de Fazenda e Planejamento. A aquisi\u00e7\u00e3o de energia no Ambiente de Contrata\u00e7\u00e3o Livre (ACL) faz parte do Programa de Efici\u00eancia Energ\u00e9tica (PEE), da Prefeitura do Rio.<\/p>\n<blockquote wp_automatic_readability=\"10\">\n<p>\u2013 A aquisi\u00e7\u00e3o de energia verde para abastecimento dos \u00f3rg\u00e3os p\u00fablicos \u00e9 uma a\u00e7\u00e3o pioneira e emblem\u00e1tica em uma gest\u00e3o que prioriza a sustentabilidade e a economia. Estamos trabalhando para que toda a nossa rede de pr\u00e9dios municipais utilize energia limpa e renov\u00e1vel -, afirma a secret\u00e1ria de Fazenda, Andrea Senko.<\/p>\n<\/blockquote>\n<p>Al\u00e9m do Cass, COR e das vinte unidades de sa\u00fade, o projeto est\u00e1 em expans\u00e3o e em breve ser\u00e1 inaugurado em outros espa\u00e7os p\u00fablicos. Nas pr\u00f3ximas semanas, ser\u00e1 feita a licita\u00e7\u00e3o para aquisi\u00e7\u00e3o de energia verde em 74 escolas municipais.<\/p>\n<p>Para o pr\u00e9dio do COR, a empresa Urca Trading foi vencedora da licita\u00e7\u00e3o e viabilizar\u00e1 o fornecimento de energia. A Distribuidora Light permanecer\u00e1 respons\u00e1vel pela distribui\u00e7\u00e3o da energia.<\/p>\n<blockquote wp_automatic_readability=\"15\">\n<p>\u2013 Como comercializadores de energia limpa, estamos orgulhosos desta parceria com a Prefeitura do Rio para que a cidade possa avan\u00e7ar ainda mais em sustentabilidade. Estamos muito felizes de iniciar este contrato com o setor p\u00fablico, que gera economia relevante nos custos de energia e posiciona o munic\u00edpio na vanguarda da jornada de descarboniza\u00e7\u00e3o -, afirma Roni Wajnberg, Diretor Comercial e de Marketing da Urca Trading. O contrato de 60 meses, com volume aproximado de 0,2MWm, tem in\u00edcio de suprimento de energia em janeiro de 2025.<\/p>\n<\/blockquote>\n<p>Considerando todas as fases j\u00e1 migradas, contratadas e em processo recente de licita\u00e7\u00e3o p\u00fablica, a Prefeitura do Rio j\u00e1 contratou mais de 500.000 MWh de energia 100% limpa e renov\u00e1vel no Ambiente de Contrata\u00e7\u00e3o Livre. A economia totaliza mais de R$ 100 milh\u00f5es em contratos de 60 meses, e s\u00e3o evitadas mais de 170 mil toneladas de CO2 (GEE). Especificamente para o COR-Rio, ser\u00e1 feita a aquisi\u00e7\u00e3o de 8.160 MW.h com uma economia estimada de R$ 3 milh\u00f5es.<\/p>\n<blockquote wp_automatic_readability=\"13\">\n<p>\u2013 A conclus\u00e3o da Fase 3 do Projeto Rio de Energia Verde, com a migra\u00e7\u00e3o do Centro de Opera\u00e7\u00f5es e Resili\u00eancia ao Ambiente de Contrata\u00e7\u00e3o Livre, marca um avan\u00e7o significativo para a Prefeitura do Rio de Janeiro. Este marco refor\u00e7a o protagonismo da cidade na transi\u00e7\u00e3o para fontes energ\u00e9ticas limpas e eficientes, otimizando custos e fortalecendo o planejamento de estrat\u00e9gias sustent\u00e1veis -, complementa o gerente do Programa de Efici\u00eancia Energ\u00e9tica, Willians Gaspar.<\/p>\n<\/blockquote>\n<p>             <!-- Compartilhe ---><\/p>\n<p>\t\t\t <!-- TAGS --><\/p>\n<section class=\"category-tags\">\n<div class=\"marcacao-category\">\n<article class=\"category-post\">\n<p>Categoria: <\/p>\n<\/article>\n<li>18 de mar\u00e7o de 2025<\/li><\/div>\n<article class=\"tags\">\n\t\t\t\t\tMarca\u00e7\u00f5es: Cass Centro Administrativo S\u00e3o Sebasti\u00e3o economia energia limpa energia verde Gest\u00e3o Compartilhada Mercado Livre de Energia sustentabilidade<br \/><\/article>\n<\/section>\n<p>            <!-- Mais Not&iacute;cias --><\/p>\n<p>\t\t<!-- Conte&uacute;do SIDEBAR --><\/p><\/div>\n","protected":false},"excerpt":{"rendered":"<p>O projeto de aquisi\u00e7\u00e3o de energia limpa para os pr\u00e9dios p\u00fablicos da cidade teve in\u00edcio em 2022. Foto: Rafael Catarcione<\/p>\n","protected":false},"author":2,"featured_media":0,"comment_status":"","ping_status":"","sticky":false,"template":"","format":"standard","meta":{"colormag_page_container_layout":"default_layout","colormag_page_sidebar_layout":"default_layout","footnotes":""},"categories":[1],"tags":[],"class_list":["post-41328","post","type-post","status-publish","format-standard","hentry","category-ejornais"],"aioseo_notices":[],"amp_enabled":true,"_links":{"self":[{"href":"https:\/\/ejornais.com.br\/index.php\/wp-json\/wp\/v2\/posts\/41328","targetHints":{"allow":["GET"]}}],"collection":[{"href":"https:\/\/ejornais.com.br\/index.php\/wp-json\/wp\/v2\/posts"}],"about":[{"href":"https:\/\/ejornais.com.br\/index.php\/wp-json\/wp\/v2\/types\/post"}],"author":[{"embeddable":true,"href":"https:\/\/ejornais.com.br\/index.php\/wp-json\/wp\/v2\/users\/2"}],"replies":[{"embeddable":true,"href":"https:\/\/ejornais.com.br\/index.php\/wp-json\/wp\/v2\/comments?post=41328"}],"version-history":[{"count":0,"href":"https:\/\/ejornais.com.br\/index.php\/wp-json\/wp\/v2\/posts\/41328\/revisions"}],"wp:attachment":[{"href":"https:\/\/ejornais.com.br\/index.php\/wp-json\/wp\/v2\/media?parent=41328"}],"wp:term":[{"taxonomy":"category","embeddable":true,"href":"https:\/\/ejornais.com.br\/index.php\/wp-json\/wp\/v2\/categories?post=41328"},{"taxonomy":"post_tag","embeddable":true,"href":"https:\/\/ejornais.com.br\/index.php\/wp-json\/wp\/v2\/tags?post=41328"}],"curies":[{"name":"wp","href":"https:\/\/api.w.org\/{rel}","templated":true}]}}