{"id":41370,"date":"2025-03-19T23:31:56","date_gmt":"2025-03-20T02:31:56","guid":{"rendered":"https:\/\/ejornais.com.br\/index.php\/2025\/03\/19\/secretaria-de-habitacao-distribui-alimentos-para-160-familias-do-residencial-vista-alegre\/"},"modified":"2025-03-19T23:31:56","modified_gmt":"2025-03-20T02:31:56","slug":"secretaria-de-habitacao-distribui-alimentos-para-160-familias-do-residencial-vista-alegre","status":"publish","type":"post","link":"https:\/\/ejornais.com.br\/index.php\/2025\/03\/19\/secretaria-de-habitacao-distribui-alimentos-para-160-familias-do-residencial-vista-alegre\/","title":{"rendered":"Secretaria de Habita\u00e7\u00e3o distribui alimentos para 160 fam\u00edlias do Residencial Vista Alegre"},"content":{"rendered":"<p><\/p>\n<div>\n<h5 class=\"text-primary\">Parceria com PAA<\/h5>\n<p>                        <!-- Mostra o t&iacute;tulo como um link para o link permanente do post --><\/p>\n<h2 class=\"mb-3\">Secretaria de Habita\u00e7\u00e3o distribui alimentos para 160 fam\u00edlias do Residencial Vista Alegre<\/h2>\n<p class=\"text-secondary font-italic mb-3 p-0\">&#13;<br \/>\n                            <i class=\"fa fa-calendar\"\/> 19\/03\/2025 | &#13;<br \/>\n                            <i class=\"fa fa-clock-o\"\/> 21:00 |&#13;<br \/>\n                            <i class=\"fa fa-eye\"\/> 108                        <\/p>\n<p>                        <!-- Mostra o conte&uacute;do do post em uma DIV --><\/p>\n<div class=\"\">\n<p>A Secretaria Municipal de Habita\u00e7\u00e3o Social (Semhab) distribuiu macaxeira para 160 fam\u00edlias moradoras do Residencial Vista Alegre, no Colinas do Sul, nesta quarta-feira (19). Cada fam\u00edlia recebeu cinco quilos do alimento. A a\u00e7\u00e3o \u00e9 resultado de uma parceria Secretaria de Desenvolvimento Social (Sedes) \u2013 por meio do Banco de Alimentos -, o Centro de Refer\u00eancia em Assist\u00eancia Social (Cras) e com o Programa de Aquisi\u00e7\u00e3o de Alimentos (PAA), do Governo Federal. A previs\u00e3o \u00e9 que o trabalho seja realizado a cada dois meses.<\/p>\n<figure class=\"wp-block-gallery has-nested-images columns-default is-cropped wp-block-gallery-1 is-layout-flex wp-block-gallery-is-layout-flex\">\n<figure class=\"wp-block-image size-large\"><\/figure>\n<figure class=\"wp-block-image size-large\"><\/figure>\n<figure class=\"wp-block-image size-large\"><\/figure>\n<figure class=\"wp-block-image size-large\"><\/figure>\n<\/figure>\n<p>A Secretaria de Habita\u00e7\u00e3o Social, Socorro Gadelha, explicou que os setores t\u00e9cnico e social da Semhab fizeram um cadastro das fam\u00edlias no residencial Vista Alegre, que agora receber\u00e3o alimentos como frutas e ra\u00edzes, produtos adquiridos de produtores familiares.<\/p>\n<p>\u201cO Prefeito C\u00edcero Lucena sempre tem dito que precisamos mudar a vida dessas pessoas oferecendo a elas uma nova oportunidade, por isso nossas equipes sociais trabalham com esse objetivo, e a participa\u00e7\u00e3o do PAA significa uma alimenta\u00e7\u00e3o de melhor qualidade. N\u00f3s distribu\u00edmos a macaxeira que \u00e9 um alimento muito nutritivo, mas a previs\u00e3o \u00e9 que nas pr\u00f3ximas a\u00e7\u00f5es seja feita distribui\u00e7\u00e3o de frutas e outros produtos aliment\u00edcios produzidos pela agricultura fam\u00edlias\u201d, comentou Socorro Gadelha.<\/p>\n<figure class=\"wp-block-gallery has-nested-images columns-default is-cropped wp-block-gallery-2 is-layout-flex wp-block-gallery-is-layout-flex\">\n<figure class=\"wp-block-image\"><\/figure>\n<figure class=\"wp-block-image\"><\/figure>\n<figure class=\"wp-block-image\"><\/figure>\n<\/figure>\n<p>A secret\u00e1ria tamb\u00e9m agradeceu a Emlur que cedeu uma equipe para separar a macaxeira e depois ajudou na distribui\u00e7\u00e3o. A Semhab tamb\u00e9m teve o apoio da Guarda Civil Municipal e uma equipe do setor social da Caixa Econ\u00f4mica Federal.<\/p>\n<\/p><\/div>\n<\/p><\/div>\n","protected":false},"excerpt":{"rendered":"<p>Parceria com PAA Secretaria de Habita\u00e7\u00e3o distribui alimentos para 160 fam\u00edlias do Residencial Vista Alegre &#13; 19\/03\/2025 | &#13; 21:00<\/p>\n","protected":false},"author":2,"featured_media":0,"comment_status":"","ping_status":"","sticky":false,"template":"","format":"standard","meta":{"colormag_page_container_layout":"default_layout","colormag_page_sidebar_layout":"default_layout","footnotes":""},"categories":[1],"tags":[],"class_list":["post-41370","post","type-post","status-publish","format-standard","hentry","category-ejornais"],"aioseo_notices":[],"amp_enabled":true,"_links":{"self":[{"href":"https:\/\/ejornais.com.br\/index.php\/wp-json\/wp\/v2\/posts\/41370","targetHints":{"allow":["GET"]}}],"collection":[{"href":"https:\/\/ejornais.com.br\/index.php\/wp-json\/wp\/v2\/posts"}],"about":[{"href":"https:\/\/ejornais.com.br\/index.php\/wp-json\/wp\/v2\/types\/post"}],"author":[{"embeddable":true,"href":"https:\/\/ejornais.com.br\/index.php\/wp-json\/wp\/v2\/users\/2"}],"replies":[{"embeddable":true,"href":"https:\/\/ejornais.com.br\/index.php\/wp-json\/wp\/v2\/comments?post=41370"}],"version-history":[{"count":0,"href":"https:\/\/ejornais.com.br\/index.php\/wp-json\/wp\/v2\/posts\/41370\/revisions"}],"wp:attachment":[{"href":"https:\/\/ejornais.com.br\/index.php\/wp-json\/wp\/v2\/media?parent=41370"}],"wp:term":[{"taxonomy":"category","embeddable":true,"href":"https:\/\/ejornais.com.br\/index.php\/wp-json\/wp\/v2\/categories?post=41370"},{"taxonomy":"post_tag","embeddable":true,"href":"https:\/\/ejornais.com.br\/index.php\/wp-json\/wp\/v2\/tags?post=41370"}],"curies":[{"name":"wp","href":"https:\/\/api.w.org\/{rel}","templated":true}]}}