{"id":41417,"date":"2025-03-20T16:03:46","date_gmt":"2025-03-20T19:03:46","guid":{"rendered":"https:\/\/ejornais.com.br\/index.php\/2025\/03\/20\/conselho-municipal-de-meio-ambiente-celebra-30-anos-com-posse-de-conselheiros-cgnoticias\/"},"modified":"2025-03-20T16:03:46","modified_gmt":"2025-03-20T19:03:46","slug":"conselho-municipal-de-meio-ambiente-celebra-30-anos-com-posse-de-conselheiros-cgnoticias","status":"publish","type":"post","link":"https:\/\/ejornais.com.br\/index.php\/2025\/03\/20\/conselho-municipal-de-meio-ambiente-celebra-30-anos-com-posse-de-conselheiros-cgnoticias\/","title":{"rendered":"Conselho Municipal De Meio Ambiente Celebra 30 Anos com posse de conselheiros \u2013 CGNot\u00edcias"},"content":{"rendered":"<p><\/p>\n<div>\n<p>Na manh\u00e3 desta quinta-feira (20), representantes de \u00f3rg\u00e3os governamentais e entidades n\u00e3o governamentais tomaram posse para mais um mandato do Conselho Municipal de Meio Ambiente (CMMA) bi\u00eanio 2025\/ 2026. O evento ocorreu no Plen\u00e1rio Engenheiro Euclydes de Oliveira, no Conselho Regional de Engenharia e Agronomia de Mato Grosso do Sul (Crea\/MS).<\/p>\n<p>Em 2025, o CMMA celebra 30 anos de atividades, marcando um per\u00edodo significativo de contribui\u00e7\u00f5es para a prote\u00e7\u00e3o e melhoria da qualidade ambiental no munic\u00edpio. Ao longo de sua trajet\u00f3ria, o conselho tem sido um importante \u00f3rg\u00e3o consultivo e de assessoramento ao Poder Executivo em quest\u00f5es relacionadas \u00e0 utiliza\u00e7\u00e3o racional dos recursos naturais e ao combate \u00e0s agress\u00f5es ambientais.<\/p>\n<p>Al\u00e9m de orientar pol\u00edticas p\u00fablicas ambientais, o CMMA atua como refer\u00eancia no licenciamento ambiental do munic\u00edpio, com car\u00e1ter deliberativo, oferecendo pareceres t\u00e9cnicos e influenciando diretamente as decis\u00f5es ambientais de Campo Grande.<\/p>\n<figure class=\"wp-block-image size-large\"><\/figure>\n<p>Durante o evento, os conselheiros elegeram a nova mesa diretora do colegiado, composta por Ros\u00e2ngela Maria Rocha Gimenes como presidente, Mariana Massud da Planurb como vice-presidente e Dayane Zanela da Semades como secretaria.<\/p>\n<p>A presidente Ros\u00e2ngela destacou o compromisso e a atua\u00e7\u00e3o do colegiado. \u201cUm conselho atuante \u00e9 essencial para o cumprimento da Pol\u00edtica Municipal de Meio Ambiente. Toda a\u00e7\u00e3o do Executivo Municipal depende de um conselho institu\u00eddo e participativo. Hoje, tomamos posse para o bi\u00eanio 2025-2027, com uma renova\u00e7\u00e3o de aproximadamente 50%. Tenho a certeza de que trabalharemos as quest\u00f5es ambientais em conjunto com o Munic\u00edpio de Campo Grande.\u201d<\/p>\n<figure class=\"wp-block-image size-large\"><\/figure>\n<p>Ao longo desses 30 anos, o CMMA realizou 396 sess\u00f5es, debatendo desafios ambientais e propondo solu\u00e7\u00f5es sustent\u00e1veis para a cidade. O compromisso com decis\u00f5es democr\u00e1ticas, t\u00e9cnicas e transparentes tem sido um diferencial na condu\u00e7\u00e3o das pol\u00edticas ambientais do munic\u00edpio.<\/p>\n<p>A Diretora-Executiva da Planurb, Mariana Massud, refor\u00e7ou a import\u00e2ncia do conselho. \u201cAl\u00e9m da posse para o novo mandato, hoje comemoramos os 30 anos do CMMA. Mais do que uma data simb\u00f3lica, este marco reafirma o compromisso de Campo Grande com a constru\u00e7\u00e3o de um ambiente sustent\u00e1vel e equilibrado, garantindo a preserva\u00e7\u00e3o para as futuras gera\u00e7\u00f5es.\u201d<\/p>\n<p>Comp\u00f5e o CMMA: Ag\u00eancia Municipal de Meio Ambiente e Planejamento Urbano (Planurb); Secretaria Municipal de Governo e Rela\u00e7\u00f5es Institucionais (Segov); Secretaria Municipal de Meio Ambiente, Gest\u00e3o Urbana e Desenvolvimento Econ\u00f4mico, Tur\u00edstico e Sustent\u00e1vel (Semades); Secretaria Municipal de Sa\u00fade (Sesau); Secretaria Municipal de Infraestrutura e Servi\u00e7os P\u00fablicos (Sisep); Ag\u00eancia Municipal de Regula\u00e7\u00e3o dos Servi\u00e7os P\u00fablicos (Agereg); Instituto de Meio Ambiente de Mato Grosso do Sul (Imasul); Associa\u00e7\u00e3o Sul-Mato-Grossense de Engenheiros Florestais (Asef); Conselho Regional de Engenharia e Agronomia de Mato Grosso do Sul (Crea\/MS); Escola Superior de Advocacia (ESA\/MS); Empresa Brasileira de Pesquisa Agropecu\u00e1ria (Embrapa); Ordem dos Advogados do Brasil Se\u00e7\u00e3o de Mato Grosso do Sul (OAB\/MS); Sindicato das Empresas de Compra, Venda, Loca\u00e7\u00e3o e Administra\u00e7\u00e3o de Im\u00f3veis em Condom\u00ednios Residenciais e Comerciais de Mato Grosso do Sul (Secovi\/MS); Sindicato Rural de Campo Grande; Sindicato Intermunicipal da Ind\u00fastria da Constru\u00e7\u00e3o do Estado de Mato Grosso do Sul (Sinduscon\/MS); e, Universidade Anhanguera UNIDERP.<\/p>\n<p>Tomaram posse:<br \/>I \u2013 Representantes Governamentais<br \/>1 \u2013 Ag\u00eancia Municipal de Meio Ambiente e Planejamento Urbano \u2013 PLANURB<br \/>Titular: Berenice Maria Jacob Domingues<br \/>Suplente: Mariana Massud Corr\u00eaa de Souza Arruda<br \/>2 \u2013 Secretaria Municipal de Governo e Rela\u00e7\u00f5es Institucionais \u2013 SEGOV<br \/>Titular: Jos\u00e9 Mauro de Oliveira<br \/>Suplente: Ulisses da Silva Rocha<br \/>3 \u2013 Secretaria Municipal de Meio Ambiente, Gest\u00e3o Urbana e Desenvolvimento Econ\u00f4mico, Turismo e Sustent\u00e1vel \u2013 SEMADES<br \/>Titular: Dayane Zanela<br \/>Suplente: Silvia Rahe<br \/>4 \u2013 Secretaria Municipal de Sa\u00fade \u2013 SESAU<br \/>Titular: Monica Tischer<br \/>Suplente: Thalita Farias Duarte<br \/>5 \u2013 Secretaria Municipal de Infraestrutura e Servi\u00e7os P\u00fablicos \u2013 SISEP<br \/>Titular: Jo\u00e3o Gomes de Oliveira Neto<br \/>Suplente: Roberta Stefanny Stangl Galharde<br \/>6 \u2013 Ag\u00eancia Municipal de Regula\u00e7\u00e3o dos Servi\u00e7os P\u00fablicos \u2013 AGEREG<br \/>Titular: Jos\u00e9 M\u00e1rio Antunes da Silva<br \/>Suplente: Jo\u00e3o Batista de Souza<br \/>7 \u2013 Instituto de Meio Ambiente de Mato Grosso do Sul \u2013 IMASUL<br \/>Titular: Leonardo Sampaio Costa<br \/>Suplente: Ot\u00e1vio Gomes Rigueiro<\/p>\n<p>II \u2013 Representantes N\u00e3o-Governamentais<br \/>1 \u2013 Associa\u00e7\u00e3o Sul-Mato-Grossense de Engenheiros Florestais \u2013 ASEF<br \/>Titular: Gabriel Martins Strachang<br \/>Suplente: Benjamim Duarte<br \/>2 \u2013 Conselho Regional de Engenharia e Agronomia de Mato Grosso do Sul \u2013 CREA\/MS<br \/>Titular: Carlos Andr\u00e9 de Freitas Sim\u00f5es<br \/>Suplente: Francisco de Freitas Gimbs<br \/>3 \u2013 Escola de Advocacia \u2013 ESA\/MS<br \/>Titular: Laury Lino Candia Marques<br \/>Suplente: Andreia Mara da Rosa Pereira<br \/>4 \u2013 Empresa Brasileira de Pesquisa Agropecu\u00e1ria \u2013 EMBRAPA<br \/>Titular: Rodrigo de Arruda Mauro<br \/>Suplente: Alexandre Pires da Silva<br \/>5 \u2013 Ordem dos Advogados do Brasil Se\u00e7\u00e3o de Mato Grosso do Sul \u2013 OAB\/MS<br \/>Titular: Ros\u00e2ngela Maria Rocha Gimenes<br \/>Suplente: Andr\u00e9 Borges de Souza<br \/>6 \u2013 Sindicato da Ind\u00fastria de Compra, Venda, Loca\u00e7\u00e3o e Administra\u00e7\u00e3o de Im\u00f3veis em Condom\u00ednios Residenciais e Comerciais de Mato Grosso do Sul \u2013 SECOVI\/MS<br \/>Titular: Valdinei Garcia Gabas<br \/>7 \u2013 Sindicato Rural de Campo Grande, Mato Grosso do Sul<br \/>Titular: Caio Barune Couto<br \/>Suplente: Ricardo Scalon Fernandes<br \/>8 \u2013 Sindicato Intermunicipal da Ind\u00fastria da Constru\u00e7\u00e3o do Estado de Mato Grosso do Sul \u2013 SINDUSCON\/MS<br \/>Titular: Cl\u00f3vis do Nascimento Yamamaki<br \/>Suplente: Fernando da Silva Leite<br \/>9 \u2013 Universidade Anhanguera UNIDERP \u2013 Agr\u00e1rias<br \/>Titular: Gilele Marques<br \/>Suplente: Gisele Aparecida Nogueira Yallouz<\/p>\n<figure class=\"wp-block-gallery has-nested-images columns-default is-cropped wp-block-gallery-2 is-layout-flex wp-block-gallery-is-layout-flex\">\n<figure class=\"wp-block-image size-large\"><\/figure>\n<figure class=\"wp-block-image size-large\"><\/figure>\n<figure class=\"wp-block-image size-large\"><\/figure>\n<figure class=\"wp-block-image size-large\"><\/figure>\n<figure class=\"wp-block-image size-large\"><\/figure>\n<figure class=\"wp-block-image size-large\"><\/figure>\n<figure class=\"wp-block-image size-large\"><\/figure>\n<figure class=\"wp-block-image size-large\"><\/figure>\n<figure class=\"wp-block-image size-large\"><\/figure>\n<figure class=\"wp-block-image size-large\"><\/figure>\n<figure class=\"wp-block-image size-large\"><\/figure>\n<figure class=\"wp-block-image size-large\"><\/figure>\n<figure class=\"wp-block-image size-large\"><\/figure>\n<figure class=\"wp-block-image size-large\"><\/figure>\n<figure class=\"wp-block-image size-large\"><\/figure>\n<figure class=\"wp-block-image size-large\"><\/figure>\n<figure class=\"wp-block-image size-large\"><\/figure>\n<figure class=\"wp-block-image size-large\"><\/figure>\n<figure class=\"wp-block-image size-large\"><\/figure>\n<\/figure>\n<p>#ParaTodosVerem A imagem de capa mostra os conselheiros em foto pousada. A imagem interna mostra os conselheiros batendo palma e a pr\u00f3xima imagem interna \u00e9 da presidente Ros\u00e2ngela. A galeria cont\u00e9m todas as fotos do evento. <\/p>\n<\/div>\n<p><script async defer async defer src=\"https:\/\/connect.facebook.net\/en_US\/sdk.js?ver=1#xfbml=1&amp;version=v3.2\" id=\"prefeitura-campogrande-script-facebook-sdk-js\"><\/script><\/p>\n","protected":false},"excerpt":{"rendered":"<p>Na manh\u00e3 desta quinta-feira (20), representantes de \u00f3rg\u00e3os governamentais e entidades n\u00e3o governamentais tomaram posse para mais um mandato do<\/p>\n","protected":false},"author":2,"featured_media":0,"comment_status":"","ping_status":"","sticky":false,"template":"","format":"standard","meta":{"colormag_page_container_layout":"default_layout","colormag_page_sidebar_layout":"default_layout","footnotes":""},"categories":[1],"tags":[],"class_list":["post-41417","post","type-post","status-publish","format-standard","hentry","category-ejornais"],"aioseo_notices":[],"aioseo_head":"\n\t\t<!-- All in One SEO 5.0.1.1 - aioseo.com -->\n\t<meta name=\"description\" content=\"Na manh\u00e3 desta quinta-feira (20), representantes de \u00f3rg\u00e3os governamentais e entidades n\u00e3o governamentais tomaram posse para mais um mandato do Conselho Municipal de Meio Ambiente (CMMA) bi\u00eanio 2025\/ 2026. O evento ocorreu no Plen\u00e1rio Engenheiro Euclydes de Oliveira, no Conselho Regional de Engenharia e Agronomia de Mato Grosso do Sul (Crea\/MS). Em 2025, o CMMA\" \/>\n\t<meta name=\"robots\" content=\"max-image-preview:large\" \/>\n\t<meta name=\"author\" content=\"admin1\"\/>\n\t<link rel=\"canonical\" href=\"https:\/\/ejornais.com.br\/index.php\/2025\/03\/20\/conselho-municipal-de-meio-ambiente-celebra-30-anos-com-posse-de-conselheiros-cgnoticias\/\" \/>\n\t<meta name=\"generator\" content=\"All in One SEO (AIOSEO) 5.0.1.1\" \/>\n\t\t<meta property=\"og:locale\" content=\"pt_BR\" \/>\n\t\t<meta property=\"og:site_name\" content=\"eJornais - Cat\u00e1logo de Jornais no mundo, Not\u00edcias, Blog e Esportes ao vivo\" \/>\n\t\t<meta property=\"og:type\" content=\"article\" \/>\n\t\t<meta property=\"og:title\" content=\"Conselho Municipal De Meio Ambiente Celebra 30 Anos com posse de conselheiros \u2013 CGNot\u00edcias - eJornais\" \/>\n\t\t<meta property=\"og:description\" content=\"Na manh\u00e3 desta quinta-feira (20), representantes de \u00f3rg\u00e3os governamentais e entidades n\u00e3o governamentais tomaram posse para mais um mandato do Conselho Municipal de Meio Ambiente (CMMA) bi\u00eanio 2025\/ 2026. O evento ocorreu no Plen\u00e1rio Engenheiro Euclydes de Oliveira, no Conselho Regional de Engenharia e Agronomia de Mato Grosso do Sul (Crea\/MS). Em 2025, o CMMA\" \/>\n\t\t<meta property=\"og:url\" content=\"https:\/\/ejornais.com.br\/index.php\/2025\/03\/20\/conselho-municipal-de-meio-ambiente-celebra-30-anos-com-posse-de-conselheiros-cgnoticias\/\" \/>\n\t\t<meta property=\"article:published_time\" content=\"2025-03-20T19:03:46+00:00\" \/>\n\t\t<meta property=\"article:modified_time\" content=\"2025-03-20T19:03:46+00:00\" \/>\n\t\t<meta name=\"twitter:card\" content=\"summary_large_image\" \/>\n\t\t<meta name=\"twitter:title\" content=\"Conselho Municipal De Meio Ambiente Celebra 30 Anos com posse de conselheiros \u2013 CGNot\u00edcias - eJornais\" \/>\n\t\t<meta name=\"twitter:description\" content=\"Na manh\u00e3 desta quinta-feira (20), representantes de \u00f3rg\u00e3os governamentais e entidades n\u00e3o governamentais tomaram posse para mais um mandato do Conselho Municipal de Meio Ambiente (CMMA) bi\u00eanio 2025\/ 2026. O evento ocorreu no Plen\u00e1rio Engenheiro Euclydes de Oliveira, no Conselho Regional de Engenharia e Agronomia de Mato Grosso do Sul (Crea\/MS). Em 2025, o CMMA\" \/>\n\t\t<script type=\"application\/ld+json\" class=\"aioseo-schema\">\n\t\t\t{\"@context\":\"https:\\\/\\\/schema.org\",\"@graph\":[{\"@type\":\"BlogPosting\",\"@id\":\"https:\\\/\\\/ejornais.com.br\\\/index.php\\\/2025\\\/03\\\/20\\\/conselho-municipal-de-meio-ambiente-celebra-30-anos-com-posse-de-conselheiros-cgnoticias\\\/#blogposting\",\"name\":\"Conselho Municipal De Meio Ambiente Celebra 30 Anos com posse de conselheiros \\u2013 CGNot\\u00edcias - eJornais\",\"headline\":\"Conselho Municipal De Meio Ambiente Celebra 30 Anos com posse de conselheiros \\u2013 CGNot\\u00edcias\",\"author\":{\"@id\":\"https:\\\/\\\/ejornais.com.br\\\/index.php\\\/author\\\/admin1\\\/#author\"},\"publisher\":{\"@id\":\"https:\\\/\\\/ejornais.com.br\\\/#organization\"},\"datePublished\":\"2025-03-20T16:03:46-03:00\",\"dateModified\":\"2025-03-20T16:03:46-03:00\",\"inLanguage\":\"pt-BR\",\"mainEntityOfPage\":{\"@id\":\"https:\\\/\\\/ejornais.com.br\\\/index.php\\\/2025\\\/03\\\/20\\\/conselho-municipal-de-meio-ambiente-celebra-30-anos-com-posse-de-conselheiros-cgnoticias\\\/#webpage\"},\"isPartOf\":{\"@id\":\"https:\\\/\\\/ejornais.com.br\\\/index.php\\\/2025\\\/03\\\/20\\\/conselho-municipal-de-meio-ambiente-celebra-30-anos-com-posse-de-conselheiros-cgnoticias\\\/#webpage\"},\"articleSection\":\"Cat\\u00e1logo de Jornais\"},{\"@type\":\"BreadcrumbList\",\"@id\":\"https:\\\/\\\/ejornais.com.br\\\/index.php\\\/2025\\\/03\\\/20\\\/conselho-municipal-de-meio-ambiente-celebra-30-anos-com-posse-de-conselheiros-cgnoticias\\\/#breadcrumblist\",\"itemListElement\":[{\"@type\":\"ListItem\",\"@id\":\"https:\\\/\\\/ejornais.com.br#listItem\",\"position\":1,\"name\":\"In\\u00edcio\",\"item\":\"https:\\\/\\\/ejornais.com.br\",\"nextItem\":{\"@type\":\"ListItem\",\"@id\":\"https:\\\/\\\/ejornais.com.br\\\/index.php\\\/category\\\/ejornais\\\/#listItem\",\"name\":\"Cat\\u00e1logo de Jornais\"}},{\"@type\":\"ListItem\",\"@id\":\"https:\\\/\\\/ejornais.com.br\\\/index.php\\\/category\\\/ejornais\\\/#listItem\",\"position\":2,\"name\":\"Cat\\u00e1logo de Jornais\",\"item\":\"https:\\\/\\\/ejornais.com.br\\\/index.php\\\/category\\\/ejornais\\\/\",\"nextItem\":{\"@type\":\"ListItem\",\"@id\":\"https:\\\/\\\/ejornais.com.br\\\/index.php\\\/2025\\\/03\\\/20\\\/conselho-municipal-de-meio-ambiente-celebra-30-anos-com-posse-de-conselheiros-cgnoticias\\\/#listItem\",\"name\":\"Conselho Municipal De Meio Ambiente Celebra 30 Anos com posse de conselheiros \\u2013 CGNot\\u00edcias\"},\"previousItem\":{\"@type\":\"ListItem\",\"@id\":\"https:\\\/\\\/ejornais.com.br#listItem\",\"name\":\"In\\u00edcio\"}},{\"@type\":\"ListItem\",\"@id\":\"https:\\\/\\\/ejornais.com.br\\\/index.php\\\/2025\\\/03\\\/20\\\/conselho-municipal-de-meio-ambiente-celebra-30-anos-com-posse-de-conselheiros-cgnoticias\\\/#listItem\",\"position\":3,\"name\":\"Conselho Municipal De Meio Ambiente Celebra 30 Anos com posse de conselheiros \\u2013 CGNot\\u00edcias\",\"previousItem\":{\"@type\":\"ListItem\",\"@id\":\"https:\\\/\\\/ejornais.com.br\\\/index.php\\\/category\\\/ejornais\\\/#listItem\",\"name\":\"Cat\\u00e1logo de Jornais\"}}]},{\"@type\":\"Organization\",\"@id\":\"https:\\\/\\\/ejornais.com.br\\\/#organization\",\"name\":\"eJornais\",\"description\":\"Cat\\u00e1logo de Jornais no mundo, Not\\u00edcias, Blog e Esportes ao vivo\",\"url\":\"https:\\\/\\\/ejornais.com.br\\\/\"},{\"@type\":\"Person\",\"@id\":\"https:\\\/\\\/ejornais.com.br\\\/index.php\\\/author\\\/admin1\\\/#author\",\"url\":\"https:\\\/\\\/ejornais.com.br\\\/index.php\\\/author\\\/admin1\\\/\",\"name\":\"admin1\",\"image\":{\"@type\":\"ImageObject\",\"@id\":\"https:\\\/\\\/ejornais.com.br\\\/index.php\\\/2025\\\/03\\\/20\\\/conselho-municipal-de-meio-ambiente-celebra-30-anos-com-posse-de-conselheiros-cgnoticias\\\/#authorImage\",\"url\":\"https:\\\/\\\/secure.gravatar.com\\\/avatar\\\/04084e6d73c042b8646e7c17b494073bf0ede3ea13c7105cfc45cbbbc28385a4?s=96&d=mm&r=g\",\"width\":96,\"height\":96,\"caption\":\"admin1\"}},{\"@type\":\"WebPage\",\"@id\":\"https:\\\/\\\/ejornais.com.br\\\/index.php\\\/2025\\\/03\\\/20\\\/conselho-municipal-de-meio-ambiente-celebra-30-anos-com-posse-de-conselheiros-cgnoticias\\\/#webpage\",\"url\":\"https:\\\/\\\/ejornais.com.br\\\/index.php\\\/2025\\\/03\\\/20\\\/conselho-municipal-de-meio-ambiente-celebra-30-anos-com-posse-de-conselheiros-cgnoticias\\\/\",\"name\":\"Conselho Municipal De Meio Ambiente Celebra 30 Anos com posse de conselheiros \\u2013 CGNot\\u00edcias - eJornais\",\"description\":\"Na manh\\u00e3 desta quinta-feira (20), representantes de \\u00f3rg\\u00e3os governamentais e entidades n\\u00e3o governamentais tomaram posse para mais um mandato do Conselho Municipal de Meio Ambiente (CMMA) bi\\u00eanio 2025\\\/ 2026. O evento ocorreu no Plen\\u00e1rio Engenheiro Euclydes de Oliveira, no Conselho Regional de Engenharia e Agronomia de Mato Grosso do Sul (Crea\\\/MS). Em 2025, o CMMA\",\"inLanguage\":\"pt-BR\",\"isPartOf\":{\"@id\":\"https:\\\/\\\/ejornais.com.br\\\/#website\"},\"breadcrumb\":{\"@id\":\"https:\\\/\\\/ejornais.com.br\\\/index.php\\\/2025\\\/03\\\/20\\\/conselho-municipal-de-meio-ambiente-celebra-30-anos-com-posse-de-conselheiros-cgnoticias\\\/#breadcrumblist\"},\"author\":{\"@id\":\"https:\\\/\\\/ejornais.com.br\\\/index.php\\\/author\\\/admin1\\\/#author\"},\"creator\":{\"@id\":\"https:\\\/\\\/ejornais.com.br\\\/index.php\\\/author\\\/admin1\\\/#author\"},\"datePublished\":\"2025-03-20T16:03:46-03:00\",\"dateModified\":\"2025-03-20T16:03:46-03:00\"},{\"@type\":\"WebSite\",\"@id\":\"https:\\\/\\\/ejornais.com.br\\\/#website\",\"url\":\"https:\\\/\\\/ejornais.com.br\\\/\",\"name\":\"eJornais\",\"description\":\"Cat\\u00e1logo de Jornais no mundo, Not\\u00edcias, Blog e Esportes ao vivo\",\"inLanguage\":\"pt-BR\",\"publisher\":{\"@id\":\"https:\\\/\\\/ejornais.com.br\\\/#organization\"}}]}\n\t\t<\/script>\n\t\t<!-- All in One SEO -->\n\n","aioseo_head_json":{"title":"Conselho Municipal De Meio Ambiente Celebra 30 Anos com posse de conselheiros \u2013 CGNot\u00edcias - eJornais","description":"Na manh\u00e3 desta quinta-feira (20), representantes de \u00f3rg\u00e3os governamentais e entidades n\u00e3o governamentais tomaram posse para mais um mandato do Conselho Municipal de Meio Ambiente (CMMA) bi\u00eanio 2025\/ 2026. O evento ocorreu no Plen\u00e1rio Engenheiro Euclydes de Oliveira, no Conselho Regional de Engenharia e Agronomia de Mato Grosso do Sul (Crea\/MS). Em 2025, o CMMA","canonical_url":"https:\/\/ejornais.com.br\/index.php\/2025\/03\/20\/conselho-municipal-de-meio-ambiente-celebra-30-anos-com-posse-de-conselheiros-cgnoticias\/","robots":"max-image-preview:large","keywords":"","webmasterTools":{"miscellaneous":""},"schema":{"@context":"https:\/\/schema.org","@graph":[{"@type":"BlogPosting","@id":"https:\/\/ejornais.com.br\/index.php\/2025\/03\/20\/conselho-municipal-de-meio-ambiente-celebra-30-anos-com-posse-de-conselheiros-cgnoticias\/#blogposting","name":"Conselho Municipal De Meio Ambiente Celebra 30 Anos com posse de conselheiros \u2013 CGNot\u00edcias - eJornais","headline":"Conselho Municipal De Meio Ambiente Celebra 30 Anos com posse de conselheiros \u2013 CGNot\u00edcias","author":{"@id":"https:\/\/ejornais.com.br\/index.php\/author\/admin1\/#author"},"publisher":{"@id":"https:\/\/ejornais.com.br\/#organization"},"datePublished":"2025-03-20T16:03:46-03:00","dateModified":"2025-03-20T16:03:46-03:00","inLanguage":"pt-BR","mainEntityOfPage":{"@id":"https:\/\/ejornais.com.br\/index.php\/2025\/03\/20\/conselho-municipal-de-meio-ambiente-celebra-30-anos-com-posse-de-conselheiros-cgnoticias\/#webpage"},"isPartOf":{"@id":"https:\/\/ejornais.com.br\/index.php\/2025\/03\/20\/conselho-municipal-de-meio-ambiente-celebra-30-anos-com-posse-de-conselheiros-cgnoticias\/#webpage"},"articleSection":"Cat\u00e1logo de Jornais"},{"@type":"BreadcrumbList","@id":"https:\/\/ejornais.com.br\/index.php\/2025\/03\/20\/conselho-municipal-de-meio-ambiente-celebra-30-anos-com-posse-de-conselheiros-cgnoticias\/#breadcrumblist","itemListElement":[{"@type":"ListItem","@id":"https:\/\/ejornais.com.br#listItem","position":1,"name":"In\u00edcio","item":"https:\/\/ejornais.com.br","nextItem":{"@type":"ListItem","@id":"https:\/\/ejornais.com.br\/index.php\/category\/ejornais\/#listItem","name":"Cat\u00e1logo de Jornais"}},{"@type":"ListItem","@id":"https:\/\/ejornais.com.br\/index.php\/category\/ejornais\/#listItem","position":2,"name":"Cat\u00e1logo de Jornais","item":"https:\/\/ejornais.com.br\/index.php\/category\/ejornais\/","nextItem":{"@type":"ListItem","@id":"https:\/\/ejornais.com.br\/index.php\/2025\/03\/20\/conselho-municipal-de-meio-ambiente-celebra-30-anos-com-posse-de-conselheiros-cgnoticias\/#listItem","name":"Conselho Municipal De Meio Ambiente Celebra 30 Anos com posse de conselheiros \u2013 CGNot\u00edcias"},"previousItem":{"@type":"ListItem","@id":"https:\/\/ejornais.com.br#listItem","name":"In\u00edcio"}},{"@type":"ListItem","@id":"https:\/\/ejornais.com.br\/index.php\/2025\/03\/20\/conselho-municipal-de-meio-ambiente-celebra-30-anos-com-posse-de-conselheiros-cgnoticias\/#listItem","position":3,"name":"Conselho Municipal De Meio Ambiente Celebra 30 Anos com posse de conselheiros \u2013 CGNot\u00edcias","previousItem":{"@type":"ListItem","@id":"https:\/\/ejornais.com.br\/index.php\/category\/ejornais\/#listItem","name":"Cat\u00e1logo de Jornais"}}]},{"@type":"Organization","@id":"https:\/\/ejornais.com.br\/#organization","name":"eJornais","description":"Cat\u00e1logo de Jornais no mundo, Not\u00edcias, Blog e Esportes ao vivo","url":"https:\/\/ejornais.com.br\/"},{"@type":"Person","@id":"https:\/\/ejornais.com.br\/index.php\/author\/admin1\/#author","url":"https:\/\/ejornais.com.br\/index.php\/author\/admin1\/","name":"admin1","image":{"@type":"ImageObject","@id":"https:\/\/ejornais.com.br\/index.php\/2025\/03\/20\/conselho-municipal-de-meio-ambiente-celebra-30-anos-com-posse-de-conselheiros-cgnoticias\/#authorImage","url":"https:\/\/secure.gravatar.com\/avatar\/04084e6d73c042b8646e7c17b494073bf0ede3ea13c7105cfc45cbbbc28385a4?s=96&d=mm&r=g","width":96,"height":96,"caption":"admin1"}},{"@type":"WebPage","@id":"https:\/\/ejornais.com.br\/index.php\/2025\/03\/20\/conselho-municipal-de-meio-ambiente-celebra-30-anos-com-posse-de-conselheiros-cgnoticias\/#webpage","url":"https:\/\/ejornais.com.br\/index.php\/2025\/03\/20\/conselho-municipal-de-meio-ambiente-celebra-30-anos-com-posse-de-conselheiros-cgnoticias\/","name":"Conselho Municipal De Meio Ambiente Celebra 30 Anos com posse de conselheiros \u2013 CGNot\u00edcias - eJornais","description":"Na manh\u00e3 desta quinta-feira (20), representantes de \u00f3rg\u00e3os governamentais e entidades n\u00e3o governamentais tomaram posse para mais um mandato do Conselho Municipal de Meio Ambiente (CMMA) bi\u00eanio 2025\/ 2026. O evento ocorreu no Plen\u00e1rio Engenheiro Euclydes de Oliveira, no Conselho Regional de Engenharia e Agronomia de Mato Grosso do Sul (Crea\/MS). Em 2025, o CMMA","inLanguage":"pt-BR","isPartOf":{"@id":"https:\/\/ejornais.com.br\/#website"},"breadcrumb":{"@id":"https:\/\/ejornais.com.br\/index.php\/2025\/03\/20\/conselho-municipal-de-meio-ambiente-celebra-30-anos-com-posse-de-conselheiros-cgnoticias\/#breadcrumblist"},"author":{"@id":"https:\/\/ejornais.com.br\/index.php\/author\/admin1\/#author"},"creator":{"@id":"https:\/\/ejornais.com.br\/index.php\/author\/admin1\/#author"},"datePublished":"2025-03-20T16:03:46-03:00","dateModified":"2025-03-20T16:03:46-03:00"},{"@type":"WebSite","@id":"https:\/\/ejornais.com.br\/#website","url":"https:\/\/ejornais.com.br\/","name":"eJornais","description":"Cat\u00e1logo de Jornais no mundo, Not\u00edcias, Blog e Esportes ao vivo","inLanguage":"pt-BR","publisher":{"@id":"https:\/\/ejornais.com.br\/#organization"}}]},"og:locale":"pt_BR","og:site_name":"eJornais - Cat\u00e1logo de Jornais no mundo, Not\u00edcias, Blog e Esportes ao vivo","og:type":"article","og:title":"Conselho Municipal De Meio Ambiente Celebra 30 Anos com posse de conselheiros \u2013 CGNot\u00edcias - eJornais","og:description":"Na manh\u00e3 desta quinta-feira (20), representantes de \u00f3rg\u00e3os governamentais e entidades n\u00e3o governamentais tomaram posse para mais um mandato do Conselho Municipal de Meio Ambiente (CMMA) bi\u00eanio 2025\/ 2026. O evento ocorreu no Plen\u00e1rio Engenheiro Euclydes de Oliveira, no Conselho Regional de Engenharia e Agronomia de Mato Grosso do Sul (Crea\/MS). Em 2025, o CMMA","og:url":"https:\/\/ejornais.com.br\/index.php\/2025\/03\/20\/conselho-municipal-de-meio-ambiente-celebra-30-anos-com-posse-de-conselheiros-cgnoticias\/","article:published_time":"2025-03-20T19:03:46+00:00","article:modified_time":"2025-03-20T19:03:46+00:00","twitter:card":"summary_large_image","twitter:title":"Conselho Municipal De Meio Ambiente Celebra 30 Anos com posse de conselheiros \u2013 CGNot\u00edcias - eJornais","twitter:description":"Na manh\u00e3 desta quinta-feira (20), representantes de \u00f3rg\u00e3os governamentais e entidades n\u00e3o governamentais tomaram posse para mais um mandato do Conselho Municipal de Meio Ambiente (CMMA) bi\u00eanio 2025\/ 2026. O evento ocorreu no Plen\u00e1rio Engenheiro Euclydes de Oliveira, no Conselho Regional de Engenharia e Agronomia de Mato Grosso do Sul (Crea\/MS). Em 2025, o CMMA"},"aioseo_meta_data":{"post_id":"41417","title":null,"description":null,"keywords":null,"keyphrases":null,"primary_term":null,"canonical_url":null,"og_title":null,"og_description":null,"og_object_type":"default","og_image_type":"default","og_image_url":null,"og_image_width":null,"og_image_height":null,"og_image_custom_url":null,"og_image_custom_fields":null,"og_video":null,"og_custom_url":null,"og_article_section":null,"og_article_tags":null,"twitter_use_og":false,"twitter_card":"default","twitter_image_type":"default","twitter_image_url":null,"twitter_image_custom_url":null,"twitter_image_custom_fields":null,"twitter_title":null,"twitter_description":null,"schema":{"blockGraphs":[],"customGraphs":[],"default":{"data":{"Article":[],"Course":[],"Dataset":[],"FAQPage":[],"Movie":[],"Person":[],"Product":[],"ProductReview":[],"Car":[],"Recipe":[],"Service":[],"SoftwareApplication":[],"WebPage":[]},"graphName":"","isEnabled":true},"graphs":[]},"schema_type":"default","schema_type_options":null,"pillar_content":false,"robots_default":true,"robots_noindex":false,"robots_noarchive":false,"robots_nosnippet":false,"robots_nofollow":false,"robots_noimageindex":false,"robots_noodp":false,"robots_notranslate":false,"robots_max_snippet":null,"robots_max_videopreview":null,"robots_max_imagepreview":"large","priority":null,"frequency":null,"local_seo":null,"breadcrumb_settings":null,"limit_modified_date":false,"ai":null,"created":"2025-03-20 19:13:09","updated":"2025-06-06 14:03:35","seo_analyzer_scan_date":null,"focus_keyword":null,"additional_keywords":null,"truseo_locale":null},"aioseo_breadcrumb":"<div class=\"aioseo-breadcrumbs\"><span class=\"aioseo-breadcrumb\">\n\t\t\t<a href=\"https:\/\/ejornais.com.br\" title=\"In\u00edcio\">In\u00edcio<\/a>\n\t\t<\/span><span class=\"aioseo-breadcrumb-separator\">&raquo;<\/span><span class=\"aioseo-breadcrumb\">\n\t\t\t<a href=\"https:\/\/ejornais.com.br\/index.php\/category\/ejornais\/\" title=\"Cat\u00e1logo de Jornais\">Cat\u00e1logo de Jornais<\/a>\n\t\t<\/span><span class=\"aioseo-breadcrumb-separator\">&raquo;<\/span><span class=\"aioseo-breadcrumb\">\n\t\t\tConselho Municipal De Meio Ambiente Celebra 30 Anos com posse de conselheiros \u2013 CGNot\u00edcias\n\t\t<\/span><\/div>","aioseo_breadcrumb_json":[{"label":"In\u00edcio","link":"https:\/\/ejornais.com.br"},{"label":"Cat\u00e1logo de Jornais","link":"https:\/\/ejornais.com.br\/index.php\/category\/ejornais\/"},{"label":"Conselho Municipal De Meio Ambiente Celebra 30 Anos com posse de conselheiros \u2013 CGNot\u00edcias","link":"https:\/\/ejornais.com.br\/index.php\/2025\/03\/20\/conselho-municipal-de-meio-ambiente-celebra-30-anos-com-posse-de-conselheiros-cgnoticias\/"}],"amp_enabled":true,"_links":{"self":[{"href":"https:\/\/ejornais.com.br\/index.php\/wp-json\/wp\/v2\/posts\/41417","targetHints":{"allow":["GET"]}}],"collection":[{"href":"https:\/\/ejornais.com.br\/index.php\/wp-json\/wp\/v2\/posts"}],"about":[{"href":"https:\/\/ejornais.com.br\/index.php\/wp-json\/wp\/v2\/types\/post"}],"author":[{"embeddable":true,"href":"https:\/\/ejornais.com.br\/index.php\/wp-json\/wp\/v2\/users\/2"}],"replies":[{"embeddable":true,"href":"https:\/\/ejornais.com.br\/index.php\/wp-json\/wp\/v2\/comments?post=41417"}],"version-history":[{"count":0,"href":"https:\/\/ejornais.com.br\/index.php\/wp-json\/wp\/v2\/posts\/41417\/revisions"}],"wp:attachment":[{"href":"https:\/\/ejornais.com.br\/index.php\/wp-json\/wp\/v2\/media?parent=41417"}],"wp:term":[{"taxonomy":"category","embeddable":true,"href":"https:\/\/ejornais.com.br\/index.php\/wp-json\/wp\/v2\/categories?post=41417"},{"taxonomy":"post_tag","embeddable":true,"href":"https:\/\/ejornais.com.br\/index.php\/wp-json\/wp\/v2\/tags?post=41417"}],"curies":[{"name":"wp","href":"https:\/\/api.w.org\/{rel}","templated":true}]}}