{"id":41475,"date":"2025-03-21T11:15:06","date_gmt":"2025-03-21T14:15:06","guid":{"rendered":"https:\/\/ejornais.com.br\/index.php\/2025\/03\/21\/operacao-abre-ralo-secretaria-de-conservacao-e-comlurb-mapeiam-e-limpam-mais-de-350-pontos-em-acao-de-prevencao-de-alagamentos-prefeitura-da-cidade-do-rio-de-janeiro\/"},"modified":"2025-03-21T11:15:06","modified_gmt":"2025-03-21T14:15:06","slug":"operacao-abre-ralo-secretaria-de-conservacao-e-comlurb-mapeiam-e-limpam-mais-de-350-pontos-em-acao-de-prevencao-de-alagamentos-prefeitura-da-cidade-do-rio-de-janeiro","status":"publish","type":"post","link":"https:\/\/ejornais.com.br\/index.php\/2025\/03\/21\/operacao-abre-ralo-secretaria-de-conservacao-e-comlurb-mapeiam-e-limpam-mais-de-350-pontos-em-acao-de-prevencao-de-alagamentos-prefeitura-da-cidade-do-rio-de-janeiro\/","title":{"rendered":"Opera\u00e7\u00e3o Abre Ralo: Secretaria de Conserva\u00e7\u00e3o e Comlurb mapeiam e limpam mais de 350 pontos em a\u00e7\u00e3o de preven\u00e7\u00e3o de alagamentos &#8211; Prefeitura da Cidade do Rio de Janeiro"},"content":{"rendered":"<p><\/p>\n<div id=\"main\">\n<div class=\"wrapper-breadcrumbs\" wp_automatic_readability=\"30.796248142645\">\n<div class=\"image-post\" wp_automatic_readability=\"33\">\n                     Trabalho vai mitigar transtornos com base no hist\u00f3rico recente das chuvas &#8211; Divulga\u00e7\u00e3o\/Conserva\u00e7\u00e3o                  <\/div>\n<p>A Secretaria Municipal de Conserva\u00e7\u00e3o e Servi\u00e7os P\u00fablicos do Rio, em parceria com o Centro de Opera\u00e7\u00f5es da Prefeitura (COR) e a Comlurb. realizam nesta semana a Opera\u00e7\u00e3o Abre Ralo, for\u00e7a-tarefa especial para limpeza de pontos cr\u00edticos de alagamentos no Rio. Mais de 350 pontos j\u00e1 foram visitados e resolvidos nos \u00faltimos dias, preparando a cidade para as chuvas.<\/p>\n<p>A Opera\u00e7\u00e3o Abre Ralo tem como foco desobstruir ralos e bueiros que ofereceram dificuldades extras para as equipes que executam a Opera\u00e7\u00e3o Ralo Limpo, de limpeza refor\u00e7ada das galerias de \u00e1guas pluviais da cidade, e tamb\u00e9m para os funcion\u00e1rios da varri\u00e7\u00e3o de rotina da cidade. O mapeamento dos pontos foi feito com a ajuda do Centro de Opera\u00e7\u00f5es Rio, que identificou os bols\u00f5es de \u00e1gua, e a Comlurb, que mapeou os ralos com tampas emperradas, quebradas ou que apresentavam outras dificuldades \u00e0 a\u00e7\u00e3o de limpeza.<\/p>\n<blockquote wp_automatic_readability=\"13\">\n<p>\u2013 Nessa a\u00e7\u00e3o, a Comlurb realiza a limpeza manual dos ralos, abrindo e tirando os res\u00edduos s\u00f3lidos. J\u00e1 a Conserva\u00e7\u00e3o, posteriormente, faz a limpeza mecanizada, com a suc\u00e7\u00e3o para desobstruir galerias pluviais e o respectivo ramal \u2013 explica o secret\u00e1rio de Conserva\u00e7\u00e3o, Diego Vaz.<\/p>\n<\/blockquote>\n<p>O trabalho de preven\u00e7\u00e3o visa a mitigar epis\u00f3dios de alagamentos com base no hist\u00f3rico recente das chuvas no Rio. \u2013 Temos uma previs\u00e3o de chuva forte para esta quarta-feira. Sempre buscamos atuar nos pontos recorrentes da chuva anterior. Todos aqueles pontos afetados no Centro e Zona Sul passaram pelo trabalho preventivo. Os subprefeitos tamb\u00e9m passaram informa\u00e7\u00f5es da Zona Norte, Zona Oeste, Barra da Tijuca e Jacarepagu\u00e1 \u2013 acrescenta.<\/p>\n<p>As equipes estar\u00e3o de plant\u00e3o por toda a madrugada para atuar em casos que extrapolem os riscos mapeados.<\/p>\n<p>             <!-- Compartilhe ---><\/p>\n<p>\t\t\t <!-- TAGS --><\/p>\n<section class=\"category-tags\">\n<div class=\"marcacao-category\">\n<article class=\"category-post\">\n<p>Categoria: <\/p>\n<\/article>\n<li>19 de mar\u00e7o de 2025<\/li><\/div>\n<article class=\"tags\">\n\t\t\t\t\tMarca\u00e7\u00f5es: a\u00e7\u00e3o de preven\u00e7\u00e3o de alagamentos chuva Comlurb conserva\u00e7\u00e3o Opera\u00e7\u00e3o Abre Ralo Prefeitura do Rio<br \/><\/article>\n<\/section>\n<p>            <!-- Mais Not&iacute;cias --><\/p>\n<p>\t\t<!-- Conte&uacute;do SIDEBAR --><\/p><\/div>\n<\/p><\/div>\n","protected":false},"excerpt":{"rendered":"<p>Trabalho vai mitigar transtornos com base no hist\u00f3rico recente das chuvas &#8211; Divulga\u00e7\u00e3o\/Conserva\u00e7\u00e3o A Secretaria Municipal de Conserva\u00e7\u00e3o e Servi\u00e7os<\/p>\n","protected":false},"author":2,"featured_media":0,"comment_status":"","ping_status":"","sticky":false,"template":"","format":"standard","meta":{"colormag_page_container_layout":"default_layout","colormag_page_sidebar_layout":"default_layout","footnotes":""},"categories":[1],"tags":[],"class_list":["post-41475","post","type-post","status-publish","format-standard","hentry","category-ejornais"],"aioseo_notices":[],"amp_enabled":true,"_links":{"self":[{"href":"https:\/\/ejornais.com.br\/index.php\/wp-json\/wp\/v2\/posts\/41475","targetHints":{"allow":["GET"]}}],"collection":[{"href":"https:\/\/ejornais.com.br\/index.php\/wp-json\/wp\/v2\/posts"}],"about":[{"href":"https:\/\/ejornais.com.br\/index.php\/wp-json\/wp\/v2\/types\/post"}],"author":[{"embeddable":true,"href":"https:\/\/ejornais.com.br\/index.php\/wp-json\/wp\/v2\/users\/2"}],"replies":[{"embeddable":true,"href":"https:\/\/ejornais.com.br\/index.php\/wp-json\/wp\/v2\/comments?post=41475"}],"version-history":[{"count":0,"href":"https:\/\/ejornais.com.br\/index.php\/wp-json\/wp\/v2\/posts\/41475\/revisions"}],"wp:attachment":[{"href":"https:\/\/ejornais.com.br\/index.php\/wp-json\/wp\/v2\/media?parent=41475"}],"wp:term":[{"taxonomy":"category","embeddable":true,"href":"https:\/\/ejornais.com.br\/index.php\/wp-json\/wp\/v2\/categories?post=41475"},{"taxonomy":"post_tag","embeddable":true,"href":"https:\/\/ejornais.com.br\/index.php\/wp-json\/wp\/v2\/tags?post=41475"}],"curies":[{"name":"wp","href":"https:\/\/api.w.org\/{rel}","templated":true}]}}