{"id":41722,"date":"2025-03-25T13:32:48","date_gmt":"2025-03-25T16:32:48","guid":{"rendered":"https:\/\/ejornais.com.br\/index.php\/2025\/03\/25\/joao-fonseca-avanca-a-3a-rodada-em-miami-apos-bater-tenista-frances\/"},"modified":"2025-03-25T13:32:48","modified_gmt":"2025-03-25T16:32:48","slug":"joao-fonseca-avanca-a-3a-rodada-em-miami-apos-bater-tenista-frances","status":"publish","type":"post","link":"https:\/\/ejornais.com.br\/index.php\/2025\/03\/25\/joao-fonseca-avanca-a-3a-rodada-em-miami-apos-bater-tenista-frances\/","title":{"rendered":"Jo\u00e3o Fonseca avan\u00e7a \u00e0 3\u00aa rodada em Miami ap\u00f3s bater tenista franc\u00eas"},"content":{"rendered":"<p> Por MRNews<br \/>\n<\/p>\n<div wp_automatic_readability=\"48.758169934641\">\n<p>Com uma carreira profissional que ainda est\u00e1 nos primeiros passos, o tenista brasileiro Jo\u00e3o Fonseca segue alcan\u00e7ando novos patamares. Neste s\u00e1bado (22), no Miami Open, Fonseca derrotou o franc\u00eas Ugo Humbert por 2 a 0 (6-4, 6-3) e, <strong>pela primeira vez, avan\u00e7ou \u00e0 terceira rodada em um torneio de n\u00edvel Masters 1000, o mais alto depois dos Grand Slams.\u00a0<\/strong><\/p>\n<p>Em 1h11 de partida, dominou um advers\u00e1rio que ocupa a 20\u00aa posi\u00e7\u00e3o no <em>ranking <\/em>da ATP (Associa\u00e7\u00e3o dos Tenistas Profissionais) e era um dos cabe\u00e7as-de-chave da competi\u00e7\u00e3o, tanto que estreou diretamente contra o brasileiro, na segunda rodada.<\/p>\n<p><strong>Na pr\u00f3xima fase, Fonseca encara outro cabe\u00e7a-de-chave do Miami Open: o australiano Alex de Minaur, n\u00famero 11 do mundo<\/strong>, que derrotou o chin\u00eas Bu Yunchaokete por 2 a 0 (duplo 6-4). O duelo est\u00e1 previsto para segunda-feira (24).<\/p>\n<p>Nas duplas, o s\u00e1bado teve algumas elimina\u00e7\u00f5es para o Brasil. Entre os homens, a parceria formada por Rafael Matos e Marcelo Melo foi derrotada logo na estreia pela dupla formada pelo croata Mate Pavic e pelo salvadorenho Marcelo Arevalo, por 2 a 0 (6-4, 6-2).<\/p>\n<p>Entre as mulheres, Ingrid Gamarra Martins, que atuou junto \u00e0 americana Quinn Gleason, foi batida pela parceria formada pela japonesa Miyu Kato e pela espanhola Cristina Bucsa por 2 a 0 (parciais de 6-3 e 6-4).<\/p>\n<p>Quem ainda vai entrar em quadra \u00e9 Luisa Stefani, que faz dupla com a h\u00fangara T\u00edmea Babos. As duas encaram a chinesa Zhang Shuai e a belga Elise Mertens neste domingo (23).<\/p>\n<\/div>\n","protected":false},"excerpt":{"rendered":"<p>Por MRNews Com uma carreira profissional que ainda est\u00e1 nos primeiros passos, o tenista brasileiro Jo\u00e3o Fonseca segue alcan\u00e7ando novos<\/p>\n","protected":false},"author":2,"featured_media":0,"comment_status":"","ping_status":"","sticky":false,"template":"","format":"standard","meta":{"colormag_page_container_layout":"default_layout","colormag_page_sidebar_layout":"default_layout","footnotes":""},"categories":[1],"tags":[],"class_list":["post-41722","post","type-post","status-publish","format-standard","hentry","category-ejornais"],"aioseo_notices":[],"amp_enabled":true,"_links":{"self":[{"href":"https:\/\/ejornais.com.br\/index.php\/wp-json\/wp\/v2\/posts\/41722","targetHints":{"allow":["GET"]}}],"collection":[{"href":"https:\/\/ejornais.com.br\/index.php\/wp-json\/wp\/v2\/posts"}],"about":[{"href":"https:\/\/ejornais.com.br\/index.php\/wp-json\/wp\/v2\/types\/post"}],"author":[{"embeddable":true,"href":"https:\/\/ejornais.com.br\/index.php\/wp-json\/wp\/v2\/users\/2"}],"replies":[{"embeddable":true,"href":"https:\/\/ejornais.com.br\/index.php\/wp-json\/wp\/v2\/comments?post=41722"}],"version-history":[{"count":0,"href":"https:\/\/ejornais.com.br\/index.php\/wp-json\/wp\/v2\/posts\/41722\/revisions"}],"wp:attachment":[{"href":"https:\/\/ejornais.com.br\/index.php\/wp-json\/wp\/v2\/media?parent=41722"}],"wp:term":[{"taxonomy":"category","embeddable":true,"href":"https:\/\/ejornais.com.br\/index.php\/wp-json\/wp\/v2\/categories?post=41722"},{"taxonomy":"post_tag","embeddable":true,"href":"https:\/\/ejornais.com.br\/index.php\/wp-json\/wp\/v2\/tags?post=41722"}],"curies":[{"name":"wp","href":"https:\/\/api.w.org\/{rel}","templated":true}]}}