{"id":41779,"date":"2025-03-26T08:15:51","date_gmt":"2025-03-26T11:15:51","guid":{"rendered":"https:\/\/ejornais.com.br\/index.php\/2025\/03\/26\/prefeitura-inicia-planejamento-para-eleicoes-de-novos-conselheiros-do-programa-voce-prefeito\/"},"modified":"2025-03-26T08:15:51","modified_gmt":"2025-03-26T11:15:51","slug":"prefeitura-inicia-planejamento-para-eleicoes-de-novos-conselheiros-do-programa-voce-prefeito","status":"publish","type":"post","link":"https:\/\/ejornais.com.br\/index.php\/2025\/03\/26\/prefeitura-inicia-planejamento-para-eleicoes-de-novos-conselheiros-do-programa-voce-prefeito\/","title":{"rendered":"Prefeitura inicia planejamento para elei\u00e7\u00f5es de novos conselheiros do programa \u2018Voc\u00ea Prefeito\u2019"},"content":{"rendered":"<p><\/p>\n<div>\n<h5 class=\"text-primary\">Cidadania<\/h5>\n<p>                        <!-- Mostra o t&iacute;tulo como um link para o link permanente do post --><\/p>\n<h2 class=\"mb-3\">Prefeitura inicia planejamento para elei\u00e7\u00f5es de novos conselheiros do programa \u2018Voc\u00ea Prefeito\u2019<\/h2>\n<p class=\"text-secondary font-italic mb-3 p-0\">&#13;<br \/>\n                            <i class=\"fa fa-calendar\"\/> 26\/03\/2025 | &#13;<br \/>\n                            <i class=\"fa fa-clock-o\"\/> 07:30 |&#13;<br \/>\n                            <i class=\"fa fa-eye\"\/> 73                        <\/p>\n<p>                        <!-- Mostra o conte&uacute;do do post em uma DIV --><\/p>\n<div class=\"\">\n<p>A Prefeitura de Jo\u00e3o Pessoa, por meio da Secretaria Executiva de Participa\u00e7\u00e3o Popular (SEPP), realiza, no m\u00eas de maio, as elei\u00e7\u00f5es para os novos conselheiros e conselheiras do programa \u2018Voc\u00ea Prefeito\u2019, que v\u00e3o atuar no bi\u00eanio 2025\/2027. Atualmente, o programa conta com 209 conselheiros regionais que atuam em todos os bairros, comunidades e residenciais da Capital.<\/p>\n<figure class=\"wp-block-gallery has-nested-images columns-default is-cropped wp-block-gallery-1 is-layout-flex wp-block-gallery-is-layout-flex\">\n<figure class=\"wp-block-image size-large\"><\/figure>\n<figure class=\"wp-block-image size-large\"><\/figure>\n<\/figure>\n<p>De acordo com o planejamento da SEPP, as reuni\u00f5es preparat\u00f3rias para as elei\u00e7\u00f5es ser\u00e3o iniciadas ainda no m\u00eas de abril e a elei\u00e7\u00e3o para os novos conselheiros est\u00e1 prevista para a primeira quinzena de maio. \u201cEsse \u00e9 um processo de grande relev\u00e2ncia para a cidade. \u00c9 o momento em que o cidad\u00e3o se coloca \u00e0 disposi\u00e7\u00e3o para realizar um processo amplo de di\u00e1logo com a gest\u00e3o municipal, objetivando a concretiza\u00e7\u00e3o das pol\u00edticas p\u00fablicas de forma democr\u00e1tica nas 14 regi\u00f5es de Jo\u00e3o Pessoa\u201d, afirmou o secret\u00e1rio de Participa\u00e7\u00e3o Popular, Thiago Diniz.<\/p>\n<p>A SEPP trabalha na base das comunidades, diretamente com representantes de bairros com atua\u00e7\u00e3o fundamental para o desenvolvimento de a\u00e7\u00f5es e programas implementados pela gest\u00e3o municipal. \u201c\u00c9 a Prefeitura de Jo\u00e3o Pessoa demonstrando todo o seu compromisso em promover gest\u00e3o participativa e compartilhada com a nossa gente, auxiliando diretamente o prefeito e os colegas secret\u00e1rios a planejar a cidade com maior efici\u00eancia\u201d, destacou o secret\u00e1rio.<\/p>\n<p>Os conselheiros regionais t\u00eam mandato de dois anos. Vale salientar que exercem fun\u00e7\u00f5es volunt\u00e1rias, sem v\u00ednculos financeiros com \u00f3rg\u00e3os municipais. As elei\u00e7\u00f5es fazem parte do programa e logo ap\u00f3s a posse dos novos conselheiros s\u00e3o iniciadas as audi\u00eancias p\u00fablicas, para o encaminhamento das demandas de bairros e comunidades, com base no que foi repassado pelos moradores. \u201c\u00c9 uma boa oportunidade para a popula\u00e7\u00e3o exercer seu direito de escolha dos seus representantes, j\u00e1 que os conselheiros intermedeiam o di\u00e1logo entre a comunidade e os \u00f3rg\u00e3os p\u00fablicos municipais\u201d, concluiu.<\/p>\n<p>Os conselheiros possuem diversas atribui\u00e7\u00f5es, como repassar as demandas dos moradores de bairros e comunidades para as Chefias de N\u00facleos Regionais para a SEPP; acompanhar e fiscalizar obras da gest\u00e3o municipal e de servi\u00e7os e a\u00e7\u00f5es setoriais por toda Jo\u00e3o Pessoa; solicitar e acompanhar o repasse de informa\u00e7\u00f5es pelos respectivos conselheiros municipais; acompanhar e contribuir para a aprova\u00e7\u00e3o da Lei Or\u00e7ament\u00e1ria Anual (LOA) na C\u00e2mara Municipal de Jo\u00e3o Pessoa, dentre outras.<\/p>\n<\/p><\/div>\n<\/p><\/div>\n","protected":false},"excerpt":{"rendered":"<p>Cidadania Prefeitura inicia planejamento para elei\u00e7\u00f5es de novos conselheiros do programa \u2018Voc\u00ea Prefeito\u2019 &#13; 26\/03\/2025 | &#13; 07:30 |&#13; 73<\/p>\n","protected":false},"author":2,"featured_media":0,"comment_status":"","ping_status":"","sticky":false,"template":"","format":"standard","meta":{"colormag_page_container_layout":"default_layout","colormag_page_sidebar_layout":"default_layout","footnotes":""},"categories":[1],"tags":[],"class_list":["post-41779","post","type-post","status-publish","format-standard","hentry","category-ejornais"],"aioseo_notices":[],"amp_enabled":true,"_links":{"self":[{"href":"https:\/\/ejornais.com.br\/index.php\/wp-json\/wp\/v2\/posts\/41779","targetHints":{"allow":["GET"]}}],"collection":[{"href":"https:\/\/ejornais.com.br\/index.php\/wp-json\/wp\/v2\/posts"}],"about":[{"href":"https:\/\/ejornais.com.br\/index.php\/wp-json\/wp\/v2\/types\/post"}],"author":[{"embeddable":true,"href":"https:\/\/ejornais.com.br\/index.php\/wp-json\/wp\/v2\/users\/2"}],"replies":[{"embeddable":true,"href":"https:\/\/ejornais.com.br\/index.php\/wp-json\/wp\/v2\/comments?post=41779"}],"version-history":[{"count":0,"href":"https:\/\/ejornais.com.br\/index.php\/wp-json\/wp\/v2\/posts\/41779\/revisions"}],"wp:attachment":[{"href":"https:\/\/ejornais.com.br\/index.php\/wp-json\/wp\/v2\/media?parent=41779"}],"wp:term":[{"taxonomy":"category","embeddable":true,"href":"https:\/\/ejornais.com.br\/index.php\/wp-json\/wp\/v2\/categories?post=41779"},{"taxonomy":"post_tag","embeddable":true,"href":"https:\/\/ejornais.com.br\/index.php\/wp-json\/wp\/v2\/tags?post=41779"}],"curies":[{"name":"wp","href":"https:\/\/api.w.org\/{rel}","templated":true}]}}