{"id":41798,"date":"2025-03-26T13:43:42","date_gmt":"2025-03-26T16:43:42","guid":{"rendered":"https:\/\/ejornais.com.br\/index.php\/2025\/03\/26\/programacao-da-1a-conferencia-de-afroturismo-de-ms-inclui-debates-e-lancamento-de-logomarca-para-promover-o-segmento\/"},"modified":"2025-03-26T13:43:42","modified_gmt":"2025-03-26T16:43:42","slug":"programacao-da-1a-conferencia-de-afroturismo-de-ms-inclui-debates-e-lancamento-de-logomarca-para-promover-o-segmento","status":"publish","type":"post","link":"https:\/\/ejornais.com.br\/index.php\/2025\/03\/26\/programacao-da-1a-conferencia-de-afroturismo-de-ms-inclui-debates-e-lancamento-de-logomarca-para-promover-o-segmento\/","title":{"rendered":"Programa\u00e7\u00e3o da 1\u00aa Confer\u00eancia de Afroturismo de MS inclui debates e lan\u00e7amento de logomarca para promover o segmento"},"content":{"rendered":"<p><\/p>\n<div>\n<p>Na pr\u00f3xima sexta-feira, 28 de mar\u00e7o, Campo Grande sediar\u00e1 a 1\u00aa Confer\u00eancia de Afroturismo de Mato Grosso do Sul, um evento que promete fomentar o debate sobre a valoriza\u00e7\u00e3o da cultura e hist\u00f3ria negra no turismo.<\/p>\n<p>A iniciativa \u00e9 promovida pela Funda\u00e7\u00e3o de Turismo de Mato Grosso do Sul (Fundtur MS) e pelo Sebrae MS, com consultoria da plataforma Guia Negro e apoio da Subsecretaria de Pol\u00edticas P\u00fablicas para a Promo\u00e7\u00e3o da Igualdade Racial de MS. O objetivo \u00e9 ampliar a discuss\u00e3o sobre o afroturismo, segmento que tem ganhado destaque nacional e internacional ao valorizar a heran\u00e7a cultural afro-brasileira.<\/p>\n<p>Com 53% da popula\u00e7\u00e3o composta por pessoas negras, conforme dados do Censo IBGE 2022, Mato Grosso do Sul desponta como um destino promissor para o desenvolvimento do afroturismo.<\/p>\n<p>O evento refor\u00e7a a import\u00e2ncia do afroturismo como ferramenta de fortalecimento da identidade cultural e gera\u00e7\u00e3o de oportunidades para comunidades quilombolas e empreendedores negros no estado. A confer\u00eancia reunir\u00e1 especialistas, representantes do governo estadual, profissionais do setor tur\u00edstico, estudantes e comunidades quilombolas.<\/p>\n<p>O diretor-presidente da Fundtur MS, Bruno Wendling, ressalta a import\u00e2ncia da Confer\u00eancia. \u201cEstamos muito felizes em poder apoiar a 1\u00aa Confer\u00eancia de Afroturismo, que ser\u00e1 um espa\u00e7o de debate e constru\u00e7\u00e3o coletiva. Mais que um segmento de oferta tur\u00edstica, o Afroturismo \u00e9 tamb\u00e9m um movimento de refor\u00e7o de identidade cultural\u201d.<\/p>\n<p>Durante a Confer\u00eancia tamb\u00e9m ser\u00e1 lan\u00e7ada, em primeira m\u00e3o, a logomarca &#8216;Isto \u00e9 Mato Grosso do Sul &#8211; Afroturismo&#8217;, que poder\u00e1 ser usada na promo\u00e7\u00e3o e divulga\u00e7\u00e3o do segmento tur\u00edstico estadual.<\/p>\n<h3><strong>Programa\u00e7\u00e3o<\/strong><\/h3>\n<p><strong>Sexta-feira &#8211; 28\/03\/2025<\/strong><br \/><strong>Local:<\/strong> Audit\u00f3rio do Sebrae MS (Av. Mato Grosso, 1661, Centro, Campo Grande)<br \/><strong>Apresentadores:<\/strong> Jornalistas Gl\u00f3ria Maria e Guilherme Soares Dias<\/p>\n<p><strong>8h30<\/strong> &#8211; Abertura oficial<\/p>\n<p><strong>9h<\/strong> &#8211; Falas institucionais (Fundtur MS, Sebrae MS, Subsecretaria de Igualdade Racial de MS)<\/p>\n<p><strong>10h<\/strong> &#8211; Painel: &#8220;Afroturismo no MS, Brasil e Mundo&#8221;, com Thayn\u00e1 Cambara (empres\u00e1ria), Guilherme Soares Dias (consultor do Guia Negro) e Tania Neres (Embratur)<\/p>\n<p><strong>11h<\/strong> &#8211; Debate: &#8220;Turismo nos Quilombos&#8221;, com representantes das comunidades Tia Eva, Furnas da Boa Sorte, Furnas do Dion\u00edsio, Furnas dos Baianos, Comunidade Maria Theodoro, Fam\u00edlia Os\u00f3rio, S\u00e3o Miguel e \u00c1guas de Miranda<\/p>\n<p><strong>12h30<\/strong> &#8211; Intervalo para almo\u00e7o<\/p>\n<p><strong>14h<\/strong> &#8211; Retorno com atividade interativa com as comunidades quilombolas<\/p>\n<p><strong>17h<\/strong> &#8211; Encerramento do primeiro dia<\/p>\n<p>\u00a0<\/p>\n<p><strong>S\u00e1bado &#8211; 29\/03\/2025<\/strong> (programa\u00e7\u00e3o fechada para inscritos)<\/p>\n<p><strong>Visita T\u00e9cnica<\/strong><\/p>\n<p><strong>8h<\/strong> &#8211; Sa\u00edda da Morada dos Ba\u00eds (Av. Noroeste, 5.140, Centro, Campo Grande)<\/p>\n<p><strong>9h30<\/strong> &#8211; Chegada \u00e0 Comunidade Quilombola Furnas do Dion\u00edsio (Jaraguari &#8211; MS)<\/p>\n<p><strong>14h<\/strong> &#8211; Visita \u00e0 Comunidade Quilombola Tia Eva (Campo Grande &#8211; MS)<\/p>\n<p><strong>17h<\/strong> &#8211; Encerramento do roteiro<\/p>\n<p>\u00a0<\/p>\n<p><em>D\u00e9bora Bordin, Comunica\u00e7\u00e3o Fundtur<br \/><\/em><em>Foto: Acervo de Furnas do Dion\u00edsio<\/em><\/p>\n<\/div>\n","protected":false},"excerpt":{"rendered":"<p>Na pr\u00f3xima sexta-feira, 28 de mar\u00e7o, Campo Grande sediar\u00e1 a 1\u00aa Confer\u00eancia de Afroturismo de Mato Grosso do Sul, um<\/p>\n","protected":false},"author":2,"featured_media":0,"comment_status":"","ping_status":"","sticky":false,"template":"","format":"standard","meta":{"colormag_page_container_layout":"default_layout","colormag_page_sidebar_layout":"default_layout","footnotes":""},"categories":[1],"tags":[],"class_list":["post-41798","post","type-post","status-publish","format-standard","hentry","category-ejornais"],"aioseo_notices":[],"amp_enabled":true,"_links":{"self":[{"href":"https:\/\/ejornais.com.br\/index.php\/wp-json\/wp\/v2\/posts\/41798","targetHints":{"allow":["GET"]}}],"collection":[{"href":"https:\/\/ejornais.com.br\/index.php\/wp-json\/wp\/v2\/posts"}],"about":[{"href":"https:\/\/ejornais.com.br\/index.php\/wp-json\/wp\/v2\/types\/post"}],"author":[{"embeddable":true,"href":"https:\/\/ejornais.com.br\/index.php\/wp-json\/wp\/v2\/users\/2"}],"replies":[{"embeddable":true,"href":"https:\/\/ejornais.com.br\/index.php\/wp-json\/wp\/v2\/comments?post=41798"}],"version-history":[{"count":0,"href":"https:\/\/ejornais.com.br\/index.php\/wp-json\/wp\/v2\/posts\/41798\/revisions"}],"wp:attachment":[{"href":"https:\/\/ejornais.com.br\/index.php\/wp-json\/wp\/v2\/media?parent=41798"}],"wp:term":[{"taxonomy":"category","embeddable":true,"href":"https:\/\/ejornais.com.br\/index.php\/wp-json\/wp\/v2\/categories?post=41798"},{"taxonomy":"post_tag","embeddable":true,"href":"https:\/\/ejornais.com.br\/index.php\/wp-json\/wp\/v2\/tags?post=41798"}],"curies":[{"name":"wp","href":"https:\/\/api.w.org\/{rel}","templated":true}]}}