{"id":41849,"date":"2025-03-27T07:22:02","date_gmt":"2025-03-27T10:22:02","guid":{"rendered":"https:\/\/ejornais.com.br\/index.php\/2025\/03\/27\/operacao-do-sao-jose-unida-prende-procurados-pela-justica-2\/"},"modified":"2025-03-27T07:22:02","modified_gmt":"2025-03-27T10:22:02","slug":"operacao-do-sao-jose-unida-prende-procurados-pela-justica-2","status":"publish","type":"post","link":"https:\/\/ejornais.com.br\/index.php\/2025\/03\/27\/operacao-do-sao-jose-unida-prende-procurados-pela-justica-2\/","title":{"rendered":"Opera\u00e7\u00e3o do S\u00e3o Jos\u00e9 Unida prende procurados pela Justi\u00e7a"},"content":{"rendered":"<p><\/p>\n<div>\n<p><b>Paula Paz<\/b><br \/>&#13;<br \/>\n&#13;<br \/>\n                <span style=\"font-weight: bold;\">Secretaria de Prote\u00e7\u00e3o ao Cidad\u00e3o<\/span><\/p>\n<p><span style=\"font-weight: 400;\">As for\u00e7as de seguran\u00e7a do programa S\u00e3o Jos\u00e9 Unida, coordenado pela Prefeitura de S\u00e3o Jos\u00e9 dos Campos, realizaram nesta ter\u00e7a-feira (25) a Opera\u00e7\u00e3o Impacto Jubileu de Prata, em homenagem aos 25 anos de cria\u00e7\u00e3o do 46\u00ba BPM\/I, que conduziu a atividade. Durante a a\u00e7\u00e3o, dois procurados pela Justi\u00e7a foram capturados e encaminhados \u00e0s autoridades competentes.<\/span><\/p>\n<p><span style=\"font-weight: 400;\">Na ocasi\u00e3o, al\u00e9m do efetivo do 46\u00ba BPM\/I, estiveram presentes outras unidades especializadas da Pol\u00edcia Militar \u2013\u00a0 como a Rota, o 2\u00ba BPChoque (Rocam), o 3\u00ba Baep, o 3\u00ba Batalh\u00e3o de Pol\u00edcia Ambiental, o Comando de Policiamento de Tr\u00e2nsito, o 6\u00ba Batalh\u00e3o de Pol\u00edcia Rodovi\u00e1ria e a Base de Avia\u00e7\u00e3o, com o helic\u00f3ptero \u00c1guia.<\/span><\/p>\n<p><span style=\"font-weight: 400;\">A opera\u00e7\u00e3o tamb\u00e9m contou com a participa\u00e7\u00e3o de \u00f3rg\u00e3os parceiros da seguran\u00e7a, incluindo a Pol\u00edcia Rodovi\u00e1ria Federal, a Guarda Civil Municipal e outros \u00f3rg\u00e3os das prefeituras de S\u00e3o Jos\u00e9 e Ca\u00e7apava.<\/span><\/p>\n<p><span style=\"font-weight: 400;\">A opera\u00e7\u00e3o contou com um efetivo total de 155 agentes de todas as institui\u00e7\u00f5es presentes, distribu\u00eddos em 46 viaturas, 23 motos e um helic\u00f3ptero, os quais atuaram nas regi\u00f5es leste e sul de S\u00e3o Jos\u00e9 e em Ca\u00e7apava e Jambeiro, realizando a\u00e7\u00f5es preventivas e repressivas aos crimes contra a vida e o patrim\u00f4nio.<\/span><\/p>\n<p><span class=\"intertitulo\">Saldo da opera\u00e7\u00e3o<\/span><\/p>\n<ul>&#13;<\/p>\n<li><span style=\"font-weight: 400;\">Captura de 8 procurados pela Justi\u00e7a pelos crimes de tr\u00e1fico de drogas, roubo e homic\u00eddio<\/span><\/li>\n<p>&#13;<\/p>\n<li>Pris\u00e3o em flagrante de 6 criminosos por tr\u00e1fico de drogas e recepta\u00e7\u00e3o de produtos oriundos de crime (celular e motocicleta)<\/li>\n<p>&#13;<\/p>\n<li>Apreens\u00e3o de 6,5 quilos de drogas (maconha, crack e coca\u00edna), celulares e balan\u00e7a de precis\u00e3o<\/li>\n<p>&#13;<\/p>\n<li>No total foram abordadas 441 pessoas em fundada suspeita<\/li>\n<p>&#13;<\/p>\n<li>Foram abordados 365 ve\u00edculos, entre carros e motocicletas, sendo confeccionados 155 autos de infra\u00e7\u00e3o de tr\u00e2nsito e 18 remo\u00e7\u00f5es ao p\u00e1tio<\/li>\n<p>&#13;\n<\/ul>\n<p>&#13;<br \/>\n                        <strong>MAIS NOT\u00cdCIAS<\/strong><br \/>&#13;<br \/>\n                        Secretaria de Prote\u00e7\u00e3o ao Cidad\u00e3o&#13;\n                    <\/p>\n<\/p><\/div>\n","protected":false},"excerpt":{"rendered":"<p>Paula Paz&#13; &#13; Secretaria de Prote\u00e7\u00e3o ao Cidad\u00e3o As for\u00e7as de seguran\u00e7a do programa S\u00e3o Jos\u00e9 Unida, coordenado pela Prefeitura<\/p>\n","protected":false},"author":2,"featured_media":0,"comment_status":"","ping_status":"","sticky":false,"template":"","format":"standard","meta":{"colormag_page_container_layout":"default_layout","colormag_page_sidebar_layout":"default_layout","footnotes":""},"categories":[1],"tags":[],"class_list":["post-41849","post","type-post","status-publish","format-standard","hentry","category-ejornais"],"aioseo_notices":[],"aioseo_head":"\n\t\t<!-- All in One SEO 5.0.1.1 - aioseo.com -->\n\t<meta name=\"description\" content=\"Paula Paz Secretaria de Prote\u00e7\u00e3o ao Cidad\u00e3o As for\u00e7as de seguran\u00e7a do programa S\u00e3o Jos\u00e9 Unida, coordenado pela Prefeitura de S\u00e3o Jos\u00e9 dos Campos, realizaram nesta ter\u00e7a-feira (25) a Opera\u00e7\u00e3o Impacto Jubileu de Prata, em homenagem aos 25 anos de cria\u00e7\u00e3o do 46\u00ba BPM\/I, que conduziu a atividade. Durante a a\u00e7\u00e3o, dois procurados pela\" \/>\n\t<meta name=\"robots\" content=\"max-image-preview:large\" \/>\n\t<meta name=\"author\" content=\"admin1\"\/>\n\t<link rel=\"canonical\" href=\"https:\/\/ejornais.com.br\/index.php\/2025\/03\/27\/operacao-do-sao-jose-unida-prende-procurados-pela-justica-2\/\" \/>\n\t<meta name=\"generator\" content=\"All in One SEO (AIOSEO) 5.0.1.1\" \/>\n\t\t<meta property=\"og:locale\" content=\"pt_BR\" \/>\n\t\t<meta property=\"og:site_name\" content=\"eJornais - Cat\u00e1logo de Jornais no mundo, Not\u00edcias, Blog e Esportes ao vivo\" \/>\n\t\t<meta property=\"og:type\" content=\"article\" \/>\n\t\t<meta property=\"og:title\" content=\"Opera\u00e7\u00e3o do S\u00e3o Jos\u00e9 Unida prende procurados pela Justi\u00e7a - eJornais\" \/>\n\t\t<meta property=\"og:description\" content=\"Paula Paz Secretaria de Prote\u00e7\u00e3o ao Cidad\u00e3o As for\u00e7as de seguran\u00e7a do programa S\u00e3o Jos\u00e9 Unida, coordenado pela Prefeitura de S\u00e3o Jos\u00e9 dos Campos, realizaram nesta ter\u00e7a-feira (25) a Opera\u00e7\u00e3o Impacto Jubileu de Prata, em homenagem aos 25 anos de cria\u00e7\u00e3o do 46\u00ba BPM\/I, que conduziu a atividade. Durante a a\u00e7\u00e3o, dois procurados pela\" \/>\n\t\t<meta property=\"og:url\" content=\"https:\/\/ejornais.com.br\/index.php\/2025\/03\/27\/operacao-do-sao-jose-unida-prende-procurados-pela-justica-2\/\" \/>\n\t\t<meta property=\"article:published_time\" content=\"2025-03-27T10:22:02+00:00\" \/>\n\t\t<meta property=\"article:modified_time\" content=\"2025-03-27T10:22:02+00:00\" \/>\n\t\t<meta name=\"twitter:card\" content=\"summary_large_image\" \/>\n\t\t<meta name=\"twitter:title\" content=\"Opera\u00e7\u00e3o do S\u00e3o Jos\u00e9 Unida prende procurados pela Justi\u00e7a - eJornais\" \/>\n\t\t<meta name=\"twitter:description\" content=\"Paula Paz Secretaria de Prote\u00e7\u00e3o ao Cidad\u00e3o As for\u00e7as de seguran\u00e7a do programa S\u00e3o Jos\u00e9 Unida, coordenado pela Prefeitura de S\u00e3o Jos\u00e9 dos Campos, realizaram nesta ter\u00e7a-feira (25) a Opera\u00e7\u00e3o Impacto Jubileu de Prata, em homenagem aos 25 anos de cria\u00e7\u00e3o do 46\u00ba BPM\/I, que conduziu a atividade. Durante a a\u00e7\u00e3o, dois procurados pela\" \/>\n\t\t<script type=\"application\/ld+json\" class=\"aioseo-schema\">\n\t\t\t{\"@context\":\"https:\\\/\\\/schema.org\",\"@graph\":[{\"@type\":\"BlogPosting\",\"@id\":\"https:\\\/\\\/ejornais.com.br\\\/index.php\\\/2025\\\/03\\\/27\\\/operacao-do-sao-jose-unida-prende-procurados-pela-justica-2\\\/#blogposting\",\"name\":\"Opera\\u00e7\\u00e3o do S\\u00e3o Jos\\u00e9 Unida prende procurados pela Justi\\u00e7a - eJornais\",\"headline\":\"Opera\\u00e7\\u00e3o do S\\u00e3o Jos\\u00e9 Unida prende procurados pela Justi\\u00e7a\",\"author\":{\"@id\":\"https:\\\/\\\/ejornais.com.br\\\/index.php\\\/author\\\/admin1\\\/#author\"},\"publisher\":{\"@id\":\"https:\\\/\\\/ejornais.com.br\\\/#organization\"},\"datePublished\":\"2025-03-27T07:22:02-03:00\",\"dateModified\":\"2025-03-27T07:22:02-03:00\",\"inLanguage\":\"pt-BR\",\"mainEntityOfPage\":{\"@id\":\"https:\\\/\\\/ejornais.com.br\\\/index.php\\\/2025\\\/03\\\/27\\\/operacao-do-sao-jose-unida-prende-procurados-pela-justica-2\\\/#webpage\"},\"isPartOf\":{\"@id\":\"https:\\\/\\\/ejornais.com.br\\\/index.php\\\/2025\\\/03\\\/27\\\/operacao-do-sao-jose-unida-prende-procurados-pela-justica-2\\\/#webpage\"},\"articleSection\":\"Cat\\u00e1logo de Jornais\"},{\"@type\":\"BreadcrumbList\",\"@id\":\"https:\\\/\\\/ejornais.com.br\\\/index.php\\\/2025\\\/03\\\/27\\\/operacao-do-sao-jose-unida-prende-procurados-pela-justica-2\\\/#breadcrumblist\",\"itemListElement\":[{\"@type\":\"ListItem\",\"@id\":\"https:\\\/\\\/ejornais.com.br#listItem\",\"position\":1,\"name\":\"In\\u00edcio\",\"item\":\"https:\\\/\\\/ejornais.com.br\",\"nextItem\":{\"@type\":\"ListItem\",\"@id\":\"https:\\\/\\\/ejornais.com.br\\\/index.php\\\/category\\\/ejornais\\\/#listItem\",\"name\":\"Cat\\u00e1logo de Jornais\"}},{\"@type\":\"ListItem\",\"@id\":\"https:\\\/\\\/ejornais.com.br\\\/index.php\\\/category\\\/ejornais\\\/#listItem\",\"position\":2,\"name\":\"Cat\\u00e1logo de Jornais\",\"item\":\"https:\\\/\\\/ejornais.com.br\\\/index.php\\\/category\\\/ejornais\\\/\",\"nextItem\":{\"@type\":\"ListItem\",\"@id\":\"https:\\\/\\\/ejornais.com.br\\\/index.php\\\/2025\\\/03\\\/27\\\/operacao-do-sao-jose-unida-prende-procurados-pela-justica-2\\\/#listItem\",\"name\":\"Opera\\u00e7\\u00e3o do S\\u00e3o Jos\\u00e9 Unida prende procurados pela Justi\\u00e7a\"},\"previousItem\":{\"@type\":\"ListItem\",\"@id\":\"https:\\\/\\\/ejornais.com.br#listItem\",\"name\":\"In\\u00edcio\"}},{\"@type\":\"ListItem\",\"@id\":\"https:\\\/\\\/ejornais.com.br\\\/index.php\\\/2025\\\/03\\\/27\\\/operacao-do-sao-jose-unida-prende-procurados-pela-justica-2\\\/#listItem\",\"position\":3,\"name\":\"Opera\\u00e7\\u00e3o do S\\u00e3o Jos\\u00e9 Unida prende procurados pela Justi\\u00e7a\",\"previousItem\":{\"@type\":\"ListItem\",\"@id\":\"https:\\\/\\\/ejornais.com.br\\\/index.php\\\/category\\\/ejornais\\\/#listItem\",\"name\":\"Cat\\u00e1logo de Jornais\"}}]},{\"@type\":\"Organization\",\"@id\":\"https:\\\/\\\/ejornais.com.br\\\/#organization\",\"name\":\"eJornais\",\"description\":\"Cat\\u00e1logo de Jornais no mundo, Not\\u00edcias, Blog e Esportes ao vivo\",\"url\":\"https:\\\/\\\/ejornais.com.br\\\/\"},{\"@type\":\"Person\",\"@id\":\"https:\\\/\\\/ejornais.com.br\\\/index.php\\\/author\\\/admin1\\\/#author\",\"url\":\"https:\\\/\\\/ejornais.com.br\\\/index.php\\\/author\\\/admin1\\\/\",\"name\":\"admin1\",\"image\":{\"@type\":\"ImageObject\",\"@id\":\"https:\\\/\\\/ejornais.com.br\\\/index.php\\\/2025\\\/03\\\/27\\\/operacao-do-sao-jose-unida-prende-procurados-pela-justica-2\\\/#authorImage\",\"url\":\"https:\\\/\\\/secure.gravatar.com\\\/avatar\\\/04084e6d73c042b8646e7c17b494073bf0ede3ea13c7105cfc45cbbbc28385a4?s=96&d=mm&r=g\",\"width\":96,\"height\":96,\"caption\":\"admin1\"}},{\"@type\":\"WebPage\",\"@id\":\"https:\\\/\\\/ejornais.com.br\\\/index.php\\\/2025\\\/03\\\/27\\\/operacao-do-sao-jose-unida-prende-procurados-pela-justica-2\\\/#webpage\",\"url\":\"https:\\\/\\\/ejornais.com.br\\\/index.php\\\/2025\\\/03\\\/27\\\/operacao-do-sao-jose-unida-prende-procurados-pela-justica-2\\\/\",\"name\":\"Opera\\u00e7\\u00e3o do S\\u00e3o Jos\\u00e9 Unida prende procurados pela Justi\\u00e7a - eJornais\",\"description\":\"Paula Paz Secretaria de Prote\\u00e7\\u00e3o ao Cidad\\u00e3o As for\\u00e7as de seguran\\u00e7a do programa S\\u00e3o Jos\\u00e9 Unida, coordenado pela Prefeitura de S\\u00e3o Jos\\u00e9 dos Campos, realizaram nesta ter\\u00e7a-feira (25) a Opera\\u00e7\\u00e3o Impacto Jubileu de Prata, em homenagem aos 25 anos de cria\\u00e7\\u00e3o do 46\\u00ba BPM\\\/I, que conduziu a atividade. Durante a a\\u00e7\\u00e3o, dois procurados pela\",\"inLanguage\":\"pt-BR\",\"isPartOf\":{\"@id\":\"https:\\\/\\\/ejornais.com.br\\\/#website\"},\"breadcrumb\":{\"@id\":\"https:\\\/\\\/ejornais.com.br\\\/index.php\\\/2025\\\/03\\\/27\\\/operacao-do-sao-jose-unida-prende-procurados-pela-justica-2\\\/#breadcrumblist\"},\"author\":{\"@id\":\"https:\\\/\\\/ejornais.com.br\\\/index.php\\\/author\\\/admin1\\\/#author\"},\"creator\":{\"@id\":\"https:\\\/\\\/ejornais.com.br\\\/index.php\\\/author\\\/admin1\\\/#author\"},\"datePublished\":\"2025-03-27T07:22:02-03:00\",\"dateModified\":\"2025-03-27T07:22:02-03:00\"},{\"@type\":\"WebSite\",\"@id\":\"https:\\\/\\\/ejornais.com.br\\\/#website\",\"url\":\"https:\\\/\\\/ejornais.com.br\\\/\",\"name\":\"eJornais\",\"description\":\"Cat\\u00e1logo de Jornais no mundo, Not\\u00edcias, Blog e Esportes ao vivo\",\"inLanguage\":\"pt-BR\",\"publisher\":{\"@id\":\"https:\\\/\\\/ejornais.com.br\\\/#organization\"}}]}\n\t\t<\/script>\n\t\t<!-- All in One SEO -->\n\n","aioseo_head_json":{"title":"Opera\u00e7\u00e3o do S\u00e3o Jos\u00e9 Unida prende procurados pela Justi\u00e7a - eJornais","description":"Paula Paz Secretaria de Prote\u00e7\u00e3o ao Cidad\u00e3o As for\u00e7as de seguran\u00e7a do programa S\u00e3o Jos\u00e9 Unida, coordenado pela Prefeitura de S\u00e3o Jos\u00e9 dos Campos, realizaram nesta ter\u00e7a-feira (25) a Opera\u00e7\u00e3o Impacto Jubileu de Prata, em homenagem aos 25 anos de cria\u00e7\u00e3o do 46\u00ba BPM\/I, que conduziu a atividade. Durante a a\u00e7\u00e3o, dois procurados pela","canonical_url":"https:\/\/ejornais.com.br\/index.php\/2025\/03\/27\/operacao-do-sao-jose-unida-prende-procurados-pela-justica-2\/","robots":"max-image-preview:large","keywords":"","webmasterTools":{"miscellaneous":""},"schema":{"@context":"https:\/\/schema.org","@graph":[{"@type":"BlogPosting","@id":"https:\/\/ejornais.com.br\/index.php\/2025\/03\/27\/operacao-do-sao-jose-unida-prende-procurados-pela-justica-2\/#blogposting","name":"Opera\u00e7\u00e3o do S\u00e3o Jos\u00e9 Unida prende procurados pela Justi\u00e7a - eJornais","headline":"Opera\u00e7\u00e3o do S\u00e3o Jos\u00e9 Unida prende procurados pela Justi\u00e7a","author":{"@id":"https:\/\/ejornais.com.br\/index.php\/author\/admin1\/#author"},"publisher":{"@id":"https:\/\/ejornais.com.br\/#organization"},"datePublished":"2025-03-27T07:22:02-03:00","dateModified":"2025-03-27T07:22:02-03:00","inLanguage":"pt-BR","mainEntityOfPage":{"@id":"https:\/\/ejornais.com.br\/index.php\/2025\/03\/27\/operacao-do-sao-jose-unida-prende-procurados-pela-justica-2\/#webpage"},"isPartOf":{"@id":"https:\/\/ejornais.com.br\/index.php\/2025\/03\/27\/operacao-do-sao-jose-unida-prende-procurados-pela-justica-2\/#webpage"},"articleSection":"Cat\u00e1logo de Jornais"},{"@type":"BreadcrumbList","@id":"https:\/\/ejornais.com.br\/index.php\/2025\/03\/27\/operacao-do-sao-jose-unida-prende-procurados-pela-justica-2\/#breadcrumblist","itemListElement":[{"@type":"ListItem","@id":"https:\/\/ejornais.com.br#listItem","position":1,"name":"In\u00edcio","item":"https:\/\/ejornais.com.br","nextItem":{"@type":"ListItem","@id":"https:\/\/ejornais.com.br\/index.php\/category\/ejornais\/#listItem","name":"Cat\u00e1logo de Jornais"}},{"@type":"ListItem","@id":"https:\/\/ejornais.com.br\/index.php\/category\/ejornais\/#listItem","position":2,"name":"Cat\u00e1logo de Jornais","item":"https:\/\/ejornais.com.br\/index.php\/category\/ejornais\/","nextItem":{"@type":"ListItem","@id":"https:\/\/ejornais.com.br\/index.php\/2025\/03\/27\/operacao-do-sao-jose-unida-prende-procurados-pela-justica-2\/#listItem","name":"Opera\u00e7\u00e3o do S\u00e3o Jos\u00e9 Unida prende procurados pela Justi\u00e7a"},"previousItem":{"@type":"ListItem","@id":"https:\/\/ejornais.com.br#listItem","name":"In\u00edcio"}},{"@type":"ListItem","@id":"https:\/\/ejornais.com.br\/index.php\/2025\/03\/27\/operacao-do-sao-jose-unida-prende-procurados-pela-justica-2\/#listItem","position":3,"name":"Opera\u00e7\u00e3o do S\u00e3o Jos\u00e9 Unida prende procurados pela Justi\u00e7a","previousItem":{"@type":"ListItem","@id":"https:\/\/ejornais.com.br\/index.php\/category\/ejornais\/#listItem","name":"Cat\u00e1logo de Jornais"}}]},{"@type":"Organization","@id":"https:\/\/ejornais.com.br\/#organization","name":"eJornais","description":"Cat\u00e1logo de Jornais no mundo, Not\u00edcias, Blog e Esportes ao vivo","url":"https:\/\/ejornais.com.br\/"},{"@type":"Person","@id":"https:\/\/ejornais.com.br\/index.php\/author\/admin1\/#author","url":"https:\/\/ejornais.com.br\/index.php\/author\/admin1\/","name":"admin1","image":{"@type":"ImageObject","@id":"https:\/\/ejornais.com.br\/index.php\/2025\/03\/27\/operacao-do-sao-jose-unida-prende-procurados-pela-justica-2\/#authorImage","url":"https:\/\/secure.gravatar.com\/avatar\/04084e6d73c042b8646e7c17b494073bf0ede3ea13c7105cfc45cbbbc28385a4?s=96&d=mm&r=g","width":96,"height":96,"caption":"admin1"}},{"@type":"WebPage","@id":"https:\/\/ejornais.com.br\/index.php\/2025\/03\/27\/operacao-do-sao-jose-unida-prende-procurados-pela-justica-2\/#webpage","url":"https:\/\/ejornais.com.br\/index.php\/2025\/03\/27\/operacao-do-sao-jose-unida-prende-procurados-pela-justica-2\/","name":"Opera\u00e7\u00e3o do S\u00e3o Jos\u00e9 Unida prende procurados pela Justi\u00e7a - eJornais","description":"Paula Paz Secretaria de Prote\u00e7\u00e3o ao Cidad\u00e3o As for\u00e7as de seguran\u00e7a do programa S\u00e3o Jos\u00e9 Unida, coordenado pela Prefeitura de S\u00e3o Jos\u00e9 dos Campos, realizaram nesta ter\u00e7a-feira (25) a Opera\u00e7\u00e3o Impacto Jubileu de Prata, em homenagem aos 25 anos de cria\u00e7\u00e3o do 46\u00ba BPM\/I, que conduziu a atividade. Durante a a\u00e7\u00e3o, dois procurados pela","inLanguage":"pt-BR","isPartOf":{"@id":"https:\/\/ejornais.com.br\/#website"},"breadcrumb":{"@id":"https:\/\/ejornais.com.br\/index.php\/2025\/03\/27\/operacao-do-sao-jose-unida-prende-procurados-pela-justica-2\/#breadcrumblist"},"author":{"@id":"https:\/\/ejornais.com.br\/index.php\/author\/admin1\/#author"},"creator":{"@id":"https:\/\/ejornais.com.br\/index.php\/author\/admin1\/#author"},"datePublished":"2025-03-27T07:22:02-03:00","dateModified":"2025-03-27T07:22:02-03:00"},{"@type":"WebSite","@id":"https:\/\/ejornais.com.br\/#website","url":"https:\/\/ejornais.com.br\/","name":"eJornais","description":"Cat\u00e1logo de Jornais no mundo, Not\u00edcias, Blog e Esportes ao vivo","inLanguage":"pt-BR","publisher":{"@id":"https:\/\/ejornais.com.br\/#organization"}}]},"og:locale":"pt_BR","og:site_name":"eJornais - Cat\u00e1logo de Jornais no mundo, Not\u00edcias, Blog e Esportes ao vivo","og:type":"article","og:title":"Opera\u00e7\u00e3o do S\u00e3o Jos\u00e9 Unida prende procurados pela Justi\u00e7a - eJornais","og:description":"Paula Paz Secretaria de Prote\u00e7\u00e3o ao Cidad\u00e3o As for\u00e7as de seguran\u00e7a do programa S\u00e3o Jos\u00e9 Unida, coordenado pela Prefeitura de S\u00e3o Jos\u00e9 dos Campos, realizaram nesta ter\u00e7a-feira (25) a Opera\u00e7\u00e3o Impacto Jubileu de Prata, em homenagem aos 25 anos de cria\u00e7\u00e3o do 46\u00ba BPM\/I, que conduziu a atividade. Durante a a\u00e7\u00e3o, dois procurados pela","og:url":"https:\/\/ejornais.com.br\/index.php\/2025\/03\/27\/operacao-do-sao-jose-unida-prende-procurados-pela-justica-2\/","article:published_time":"2025-03-27T10:22:02+00:00","article:modified_time":"2025-03-27T10:22:02+00:00","twitter:card":"summary_large_image","twitter:title":"Opera\u00e7\u00e3o do S\u00e3o Jos\u00e9 Unida prende procurados pela Justi\u00e7a - eJornais","twitter:description":"Paula Paz Secretaria de Prote\u00e7\u00e3o ao Cidad\u00e3o As for\u00e7as de seguran\u00e7a do programa S\u00e3o Jos\u00e9 Unida, coordenado pela Prefeitura de S\u00e3o Jos\u00e9 dos Campos, realizaram nesta ter\u00e7a-feira (25) a Opera\u00e7\u00e3o Impacto Jubileu de Prata, em homenagem aos 25 anos de cria\u00e7\u00e3o do 46\u00ba BPM\/I, que conduziu a atividade. Durante a a\u00e7\u00e3o, dois procurados pela"},"aioseo_meta_data":{"post_id":"41849","title":null,"description":null,"keywords":null,"keyphrases":null,"primary_term":null,"canonical_url":null,"og_title":null,"og_description":null,"og_object_type":"default","og_image_type":"default","og_image_url":null,"og_image_width":null,"og_image_height":null,"og_image_custom_url":null,"og_image_custom_fields":null,"og_video":null,"og_custom_url":null,"og_article_section":null,"og_article_tags":null,"twitter_use_og":false,"twitter_card":"default","twitter_image_type":"default","twitter_image_url":null,"twitter_image_custom_url":null,"twitter_image_custom_fields":null,"twitter_title":null,"twitter_description":null,"schema":{"blockGraphs":[],"customGraphs":[],"default":{"data":{"Article":[],"Course":[],"Dataset":[],"FAQPage":[],"Movie":[],"Person":[],"Product":[],"ProductReview":[],"Car":[],"Recipe":[],"Service":[],"SoftwareApplication":[],"WebPage":[]},"graphName":"","isEnabled":true},"graphs":[]},"schema_type":"default","schema_type_options":null,"pillar_content":false,"robots_default":true,"robots_noindex":false,"robots_noarchive":false,"robots_nosnippet":false,"robots_nofollow":false,"robots_noimageindex":false,"robots_noodp":false,"robots_notranslate":false,"robots_max_snippet":null,"robots_max_videopreview":null,"robots_max_imagepreview":"large","priority":null,"frequency":null,"local_seo":null,"breadcrumb_settings":null,"limit_modified_date":false,"ai":null,"created":"2025-03-27 10:23:07","updated":"2025-06-06 14:46:44","seo_analyzer_scan_date":null,"focus_keyword":null,"additional_keywords":null,"truseo_locale":null},"aioseo_breadcrumb":"<div class=\"aioseo-breadcrumbs\"><span class=\"aioseo-breadcrumb\">\n\t\t\t<a href=\"https:\/\/ejornais.com.br\" title=\"In\u00edcio\">In\u00edcio<\/a>\n\t\t<\/span><span class=\"aioseo-breadcrumb-separator\">&raquo;<\/span><span class=\"aioseo-breadcrumb\">\n\t\t\t<a href=\"https:\/\/ejornais.com.br\/index.php\/category\/ejornais\/\" title=\"Cat\u00e1logo de Jornais\">Cat\u00e1logo de Jornais<\/a>\n\t\t<\/span><span class=\"aioseo-breadcrumb-separator\">&raquo;<\/span><span class=\"aioseo-breadcrumb\">\n\t\t\tOpera\u00e7\u00e3o do S\u00e3o Jos\u00e9 Unida prende procurados pela Justi\u00e7a\n\t\t<\/span><\/div>","aioseo_breadcrumb_json":[{"label":"In\u00edcio","link":"https:\/\/ejornais.com.br"},{"label":"Cat\u00e1logo de Jornais","link":"https:\/\/ejornais.com.br\/index.php\/category\/ejornais\/"},{"label":"Opera\u00e7\u00e3o do S\u00e3o Jos\u00e9 Unida prende procurados pela Justi\u00e7a","link":"https:\/\/ejornais.com.br\/index.php\/2025\/03\/27\/operacao-do-sao-jose-unida-prende-procurados-pela-justica-2\/"}],"amp_enabled":true,"_links":{"self":[{"href":"https:\/\/ejornais.com.br\/index.php\/wp-json\/wp\/v2\/posts\/41849","targetHints":{"allow":["GET"]}}],"collection":[{"href":"https:\/\/ejornais.com.br\/index.php\/wp-json\/wp\/v2\/posts"}],"about":[{"href":"https:\/\/ejornais.com.br\/index.php\/wp-json\/wp\/v2\/types\/post"}],"author":[{"embeddable":true,"href":"https:\/\/ejornais.com.br\/index.php\/wp-json\/wp\/v2\/users\/2"}],"replies":[{"embeddable":true,"href":"https:\/\/ejornais.com.br\/index.php\/wp-json\/wp\/v2\/comments?post=41849"}],"version-history":[{"count":0,"href":"https:\/\/ejornais.com.br\/index.php\/wp-json\/wp\/v2\/posts\/41849\/revisions"}],"wp:attachment":[{"href":"https:\/\/ejornais.com.br\/index.php\/wp-json\/wp\/v2\/media?parent=41849"}],"wp:term":[{"taxonomy":"category","embeddable":true,"href":"https:\/\/ejornais.com.br\/index.php\/wp-json\/wp\/v2\/categories?post=41849"},{"taxonomy":"post_tag","embeddable":true,"href":"https:\/\/ejornais.com.br\/index.php\/wp-json\/wp\/v2\/tags?post=41849"}],"curies":[{"name":"wp","href":"https:\/\/api.w.org\/{rel}","templated":true}]}}