{"id":42067,"date":"2025-03-30T13:50:45","date_gmt":"2025-03-30T16:50:45","guid":{"rendered":"https:\/\/ejornais.com.br\/index.php\/2025\/03\/30\/guardas-municipais-flagram-homem-passando-bicicleta-de-aluguel-por-cima-do-muro-da-estacao-de-trem-de-sao-cristovao\/"},"modified":"2025-03-30T13:50:45","modified_gmt":"2025-03-30T16:50:45","slug":"guardas-municipais-flagram-homem-passando-bicicleta-de-aluguel-por-cima-do-muro-da-estacao-de-trem-de-sao-cristovao","status":"publish","type":"post","link":"https:\/\/ejornais.com.br\/index.php\/2025\/03\/30\/guardas-municipais-flagram-homem-passando-bicicleta-de-aluguel-por-cima-do-muro-da-estacao-de-trem-de-sao-cristovao\/","title":{"rendered":"Guardas municipais flagram homem passando bicicleta de aluguel por cima do muro da esta\u00e7\u00e3o de trem de S\u00e3o Crist\u00f3v\u00e3o"},"content":{"rendered":"<p><\/p>\n<p>Guardas municipais do Grupamento T\u00e1tico M\u00f3vel (GTM ) flagraram, neste domingo (30\/3), um homem de 25 anos tentando passar uma [&#8230;]<\/p>\n<p>O post Guardas municipais flagram homem passando bicicleta de aluguel por cima do muro da esta\u00e7\u00e3o de trem de S\u00e3o Crist\u00f3v\u00e3o apareceu primeiro em Prefeitura da Cidade do Rio de Janeiro &#8211; prefeitura.rio.<\/p>\n","protected":false},"excerpt":{"rendered":"<p>Guardas municipais do Grupamento T\u00e1tico M\u00f3vel (GTM ) flagraram, neste domingo (30\/3), um homem de 25 anos tentando passar uma<\/p>\n","protected":false},"author":2,"featured_media":0,"comment_status":"","ping_status":"","sticky":false,"template":"","format":"standard","meta":{"colormag_page_container_layout":"default_layout","colormag_page_sidebar_layout":"default_layout","footnotes":""},"categories":[1],"tags":[],"class_list":["post-42067","post","type-post","status-publish","format-standard","hentry","category-ejornais"],"aioseo_notices":[],"amp_enabled":true,"_links":{"self":[{"href":"https:\/\/ejornais.com.br\/index.php\/wp-json\/wp\/v2\/posts\/42067","targetHints":{"allow":["GET"]}}],"collection":[{"href":"https:\/\/ejornais.com.br\/index.php\/wp-json\/wp\/v2\/posts"}],"about":[{"href":"https:\/\/ejornais.com.br\/index.php\/wp-json\/wp\/v2\/types\/post"}],"author":[{"embeddable":true,"href":"https:\/\/ejornais.com.br\/index.php\/wp-json\/wp\/v2\/users\/2"}],"replies":[{"embeddable":true,"href":"https:\/\/ejornais.com.br\/index.php\/wp-json\/wp\/v2\/comments?post=42067"}],"version-history":[{"count":0,"href":"https:\/\/ejornais.com.br\/index.php\/wp-json\/wp\/v2\/posts\/42067\/revisions"}],"wp:attachment":[{"href":"https:\/\/ejornais.com.br\/index.php\/wp-json\/wp\/v2\/media?parent=42067"}],"wp:term":[{"taxonomy":"category","embeddable":true,"href":"https:\/\/ejornais.com.br\/index.php\/wp-json\/wp\/v2\/categories?post=42067"},{"taxonomy":"post_tag","embeddable":true,"href":"https:\/\/ejornais.com.br\/index.php\/wp-json\/wp\/v2\/tags?post=42067"}],"curies":[{"name":"wp","href":"https:\/\/api.w.org\/{rel}","templated":true}]}}