{"id":42068,"date":"2025-03-30T14:32:33","date_gmt":"2025-03-30T17:32:33","guid":{"rendered":"https:\/\/ejornais.com.br\/index.php\/2025\/03\/30\/agencia-minas-gerais-governo-de-minas-entrega-32-novos-onibus-metropolitanos-em-nova-lima\/"},"modified":"2025-03-30T14:32:33","modified_gmt":"2025-03-30T17:32:33","slug":"agencia-minas-gerais-governo-de-minas-entrega-32-novos-onibus-metropolitanos-em-nova-lima","status":"publish","type":"post","link":"https:\/\/ejornais.com.br\/index.php\/2025\/03\/30\/agencia-minas-gerais-governo-de-minas-entrega-32-novos-onibus-metropolitanos-em-nova-lima\/","title":{"rendered":"Ag\u00eancia Minas Gerais | Governo de Minas entrega 32 novos \u00f4nibus metropolitanos em Nova Lima"},"content":{"rendered":"<p><\/p>\n<div>\n<p>O Governo de Minas Gerais avan\u00e7a na renova\u00e7\u00e3o da frota de transporte p\u00fablico da Regi\u00e3o Metropolitana de Belo Horizonte (RMBH) com a entrega de 32 novos \u00f4nibus para atender \u00e0s linhas que operam em Nova Lima, Raposos e Rio Acima. At\u00e9 o momento, mais de 500 ve\u00edculos novos j\u00e1 est\u00e3o circulando por toda a RMBH.\u00a0<\/p>\n<p>Essa entrega faz parte do acordo firmado em setembro de 2024 entre o Governo de Minas, o Minist\u00e9rio P\u00fablico de Minas Gerais (MPMG) e o Tribunal de Contas do Estado (TCE-MG), com intermedia\u00e7\u00e3o da Secretaria de Estado de Infraestrutura, Mobilidade e Parcerias (Seinfra), Controladoria-Geral do Estado (CGE-MG) e Advocacia-Geral do Estado (AGE-MG).<\/p>\n<p>Os novos ve\u00edculos representam um grande passo para a moderniza\u00e7\u00e3o do transporte p\u00fablico da Grande BH.<\/p>\n<p>&#8220;Estamos promovendo a maior renova\u00e7\u00e3o da frota da hist\u00f3ria do transporte metropolitano, trazendo mais modernidade, agilidade e conforto para os passageiros. Com os novos ve\u00edculos, vamos reduzir a idade m\u00e9dia da frota e oferecer uma experi\u00eancia melhor para quem utiliza o transporte p\u00fablico. Essa \u00e9 uma conquista importante para toda a popula\u00e7\u00e3o da Regi\u00e3o Metropolitana&#8221;, destacou o secret\u00e1rio de Infraestrutura, Mobilidade e Parcerias, Pedro Bruno.<\/p>\n<p><strong>Renova\u00e7\u00e3o da frota<\/strong><\/p>\n<p>Com a entrada dos novos ve\u00edculos, a idade m\u00e9dia da frota da RMBH, composta por 2,4 mil \u00f4nibus, ser\u00e1 reduzida de 11 para 6 anos at\u00e9 o final de 2025.\u00a0<\/p>\n<p>Os novos ve\u00edculos est\u00e3o circulando em linhas que atendem diversos munic\u00edpios da Regi\u00e3o Metropolitana, como Contagem, Santa Luzia, Vespasiano, Nova Lima, Sabar\u00e1, Betim, Ibirit\u00e9 e Ribeir\u00e3o das Neves.<\/p>\n<p>A aloca\u00e7\u00e3o dos novos \u00f4nibus foi definida com base em crit\u00e9rios como a idade dos ve\u00edculos substitu\u00eddos, n\u00famero de reclama\u00e7\u00f5es e volume de passageiros transportados.<\/p>\n<p>At\u00e9 o final de 2025, 850 novos ve\u00edculos estar\u00e3o em atividade. Ao todo, o projeto prev\u00ea investimentos de R$ 382 milh\u00f5es, destinados a reequilibrar os contratos do transporte coletivo devido aos impactos da pandemia.<\/p>\n<p>\u00a0<\/p>\n<\/p><\/div>\n","protected":false},"excerpt":{"rendered":"<p>O Governo de Minas Gerais avan\u00e7a na renova\u00e7\u00e3o da frota de transporte p\u00fablico da Regi\u00e3o Metropolitana de Belo Horizonte (RMBH)<\/p>\n","protected":false},"author":2,"featured_media":0,"comment_status":"","ping_status":"","sticky":false,"template":"","format":"standard","meta":{"colormag_page_container_layout":"default_layout","colormag_page_sidebar_layout":"default_layout","footnotes":""},"categories":[1],"tags":[],"class_list":["post-42068","post","type-post","status-publish","format-standard","hentry","category-ejornais"],"aioseo_notices":[],"amp_enabled":true,"_links":{"self":[{"href":"https:\/\/ejornais.com.br\/index.php\/wp-json\/wp\/v2\/posts\/42068","targetHints":{"allow":["GET"]}}],"collection":[{"href":"https:\/\/ejornais.com.br\/index.php\/wp-json\/wp\/v2\/posts"}],"about":[{"href":"https:\/\/ejornais.com.br\/index.php\/wp-json\/wp\/v2\/types\/post"}],"author":[{"embeddable":true,"href":"https:\/\/ejornais.com.br\/index.php\/wp-json\/wp\/v2\/users\/2"}],"replies":[{"embeddable":true,"href":"https:\/\/ejornais.com.br\/index.php\/wp-json\/wp\/v2\/comments?post=42068"}],"version-history":[{"count":0,"href":"https:\/\/ejornais.com.br\/index.php\/wp-json\/wp\/v2\/posts\/42068\/revisions"}],"wp:attachment":[{"href":"https:\/\/ejornais.com.br\/index.php\/wp-json\/wp\/v2\/media?parent=42068"}],"wp:term":[{"taxonomy":"category","embeddable":true,"href":"https:\/\/ejornais.com.br\/index.php\/wp-json\/wp\/v2\/categories?post=42068"},{"taxonomy":"post_tag","embeddable":true,"href":"https:\/\/ejornais.com.br\/index.php\/wp-json\/wp\/v2\/tags?post=42068"}],"curies":[{"name":"wp","href":"https:\/\/api.w.org\/{rel}","templated":true}]}}