{"id":42146,"date":"2025-03-31T20:32:44","date_gmt":"2025-03-31T23:32:44","guid":{"rendered":"https:\/\/ejornais.com.br\/index.php\/2025\/03\/31\/em-audiencia-publica-populacao-de-corumba-contribui-para-construcao-do-festival-america-do-sul-2025\/"},"modified":"2025-03-31T20:32:44","modified_gmt":"2025-03-31T23:32:44","slug":"em-audiencia-publica-populacao-de-corumba-contribui-para-construcao-do-festival-america-do-sul-2025","status":"publish","type":"post","link":"https:\/\/ejornais.com.br\/index.php\/2025\/03\/31\/em-audiencia-publica-populacao-de-corumba-contribui-para-construcao-do-festival-america-do-sul-2025\/","title":{"rendered":"Em audi\u00eancia p\u00fablica, popula\u00e7\u00e3o de Corumb\u00e1 contribui para constru\u00e7\u00e3o do Festival Am\u00e9rica do Sul 2025"},"content":{"rendered":"<p><\/p>\n<div>\n<p><span style=\"font-weight: 400\">A cidade de Corumb\u00e1 recebeu, na \u00faltima sexta-feira (28), audi\u00eancia p\u00fablica para discutir a programa\u00e7\u00e3o do FAS (Festival Am\u00e9rica do Sul) 2025. O evento no audit\u00f3rio do Senac (Servi\u00e7o Nacional de Aprendizagem Comercial) foi realizado pela Setesc (Secretaria de Estado de Turismo, Esporte e Cultura), FCMS (Funda\u00e7\u00e3o de Cultura de Mato Grosso do Sul) e Prefeitura Municipal de Corumb\u00e1. A discuss\u00e3o reuniu artistas, produtores culturais, representantes da sociedade civil e autoridades.\u00a0<\/span><\/p>\n<p><span style=\"font-weight: 400\">Durante a audi\u00eancia, foram anunciadas novidades importantes para o festival, que ser\u00e1 realizado de 15 a 18 de maio de 2025. O evento ter\u00e1 sua concentra\u00e7\u00e3o no Porto Geral de Corumb\u00e1, com o palco principal instalado no estacionamento do Centro de Conven\u00e7\u00f5es, tendo o rio Paraguai como cen\u00e1rio natural. Pavilh\u00f5es, galerias de arte, interven\u00e7\u00f5es art\u00edsticas ao ar livre, semin\u00e1rios e uma pra\u00e7a gastron\u00f4mica v\u00e3o ocupar toda a \u00e1rea do porto. O Beco da Candel\u00e1ria ser\u00e1 transformado em uma galeria de arte e uma passarela de moda ser\u00e1 montada em frente ao Casario.<\/span><\/p>\n<p><span style=\"font-weight: 400\">A programa\u00e7\u00e3o j\u00e1 conta com atra\u00e7\u00f5es confirmadas como Alcione, Pixote, Xam\u00e3, Buena Vista Social Club \u2013 Tributo Ferrer (Argentina) e Duduca e Dalvan. Al\u00e9m disso, uma orquestra internacional, formada por m\u00fasicos da Argentina, Uruguai, Col\u00f4mbia, Venezuela, Suriname e Guianas, se apresentar\u00e1 no Catedral Erudita, na Matriz de Nossa Senhora da Candel\u00e1ria.<\/span><\/p>\n<\/p>\n<p><span style=\"font-weight: 400\">Uma das pautas abordadas foi a mudan\u00e7a da data do festival, anteriormente previsto para novembro de 2024, que agora ocorrer\u00e1 em maio de 2025. A altera\u00e7\u00e3o foi motivada, principalmente, pelas altas temperaturas registradas no final do ano em Corumb\u00e1, que poderiam comprometer o conforto do p\u00fablico e dos artistas. A nova data tamb\u00e9m facilita a log\u00edstica do evento e amplia a participa\u00e7\u00e3o de atra\u00e7\u00f5es internacionais.<\/span><\/p>\n<div id=\"gallery-2\" class=\"gallery galleryid-506812 gallery-columns-2 gallery-size-large\">\n<figure class=\"gallery-item\">\n<div class=\"gallery-icon landscape\"><\/div>\n<\/figure>\n<figure class=\"gallery-item\">\n<div class=\"gallery-icon landscape\"><\/div>\n<\/figure><\/div>\n<p><span style=\"font-weight: 400\">Secret\u00e1rio de Estado de Turismo, Esporte e Cultura, Marcelo Miranda destacou o sucesso do modelo apresentado e a aceita\u00e7\u00e3o da comunidade. &#8220;A sintonia entre a proposta apresentada e as expectativas do p\u00fablico foi muito positiva. Tivemos poucas sugest\u00f5es de altera\u00e7\u00f5es, o que mostra que estamos no caminho certo. A mudan\u00e7a para o Porto Geral e a nova data foram bem recebidas, e sa\u00edmos muito felizes com a aprova\u00e7\u00e3o desse modelo, que valoriza os trabalhadores locais, desde os fazedores de cultura at\u00e9 os ambulantes e profissionais t\u00e9cnicos envolvidos na produ\u00e7\u00e3o do festival\u201d.<\/span><\/p>\n<p><span style=\"font-weight: 400\">O diretor-presidente da FCMS, Eduardo Mendes, refor\u00e7ou o compromisso da organiza\u00e7\u00e3o em aprimorar o festival a cada edi\u00e7\u00e3o. &#8220;Sabemos que nem sempre acertamos em tudo, mas estamos sempre buscando melhorar. O mais importante \u00e9 garantir que ningu\u00e9m fique para tr\u00e1s, tornando o festival cada vez mais inclusivo e representativo\u201d.<\/span><\/p>\n<p><span style=\"font-weight: 400\">J\u00e1 o prefeito Gabriel Oliveira enfatizou a preocupa\u00e7\u00e3o da organiza\u00e7\u00e3o em garantir oportunidades para os trabalhadores de Corumb\u00e1. &#8220;Nosso foco \u00e9 garantir que o festival beneficie diretamente os trabalhadores locais, desde os pequenos comerciantes at\u00e9 os profissionais da cultura. Essa \u00e9 uma oportunidade de impulsionar a economia e dar visibilidade aos talentos da nossa cidade\u201d.<\/span><\/p>\n<p><span style=\"font-weight: 400\">O deputado estadual Paulo Duarte, que acompanhou a audi\u00eancia, ressaltou o envolvimento da Prefeitura Municipal e projetou um evento hist\u00f3rico. &#8220;Com o apoio significativo da prefeitura e do governo do Estado, temos tudo para fazer do Festival Am\u00e9rica do Sul 2025 o maior de todos os tempos. Esse festival \u00e9 uma vitrine cultural e econ\u00f4mica para Corumb\u00e1 e para todo Mato Grosso do Sul\u201d.<\/span><\/p>\n<p><span style=\"font-weight: 400\">Al\u00e9m das atra\u00e7\u00f5es j\u00e1 confirmadas, a audi\u00eancia p\u00fablica foi um espa\u00e7o para que a comunidade apresentasse sugest\u00f5es de artistas e formatos de atividades. F\u00e1bio Lugo, idealizador do projeto Pantaneiro Geek, destacou a import\u00e2ncia do evento para diferentes segmentos culturais. &#8220;Esse tipo de encontro permite que a gente apresente novas ideias e construa um festival mais inclusivo. \u00c9 essencial dar espa\u00e7o a diferentes express\u00f5es art\u00edsticas, como a cultura geek e o hip-hop, que muitas vezes n\u00e3o t\u00eam apoio. Mostrar que existimos e que queremos fazer parte \u00e9 fundamental para fortalecer a cena cultural de Corumb\u00e1\u201d.<\/span><\/p>\n<p><i><span style=\"font-weight: 400\">Lucas Castro, Comunica\u00e7\u00e3o Setesc<\/span><\/i><i><span style=\"font-weight: 400\"><br \/><\/span><\/i><i><span style=\"font-weight: 400\">Fotos: Lucas Castro<\/span><\/i><\/p>\n<\/div>\n","protected":false},"excerpt":{"rendered":"<p>A cidade de Corumb\u00e1 recebeu, na \u00faltima sexta-feira (28), audi\u00eancia p\u00fablica para discutir a programa\u00e7\u00e3o do FAS (Festival Am\u00e9rica do<\/p>\n","protected":false},"author":2,"featured_media":0,"comment_status":"","ping_status":"","sticky":false,"template":"","format":"standard","meta":{"colormag_page_container_layout":"default_layout","colormag_page_sidebar_layout":"default_layout","footnotes":""},"categories":[1],"tags":[],"class_list":["post-42146","post","type-post","status-publish","format-standard","hentry","category-ejornais"],"aioseo_notices":[],"aioseo_head":"\n\t\t<!-- All in One SEO 5.0.1.1 - aioseo.com -->\n\t<meta name=\"description\" content=\"A cidade de Corumb\u00e1 recebeu, na \u00faltima sexta-feira (28), audi\u00eancia p\u00fablica para discutir a programa\u00e7\u00e3o do FAS (Festival Am\u00e9rica do Sul) 2025. O evento no audit\u00f3rio do Senac (Servi\u00e7o Nacional de Aprendizagem Comercial) foi realizado pela Setesc (Secretaria de Estado de Turismo, Esporte e Cultura), FCMS (Funda\u00e7\u00e3o de Cultura de Mato Grosso do Sul) e\" \/>\n\t<meta name=\"robots\" content=\"max-image-preview:large\" \/>\n\t<meta name=\"author\" content=\"admin1\"\/>\n\t<link rel=\"canonical\" href=\"https:\/\/ejornais.com.br\/index.php\/2025\/03\/31\/em-audiencia-publica-populacao-de-corumba-contribui-para-construcao-do-festival-america-do-sul-2025\/\" \/>\n\t<meta name=\"generator\" content=\"All in One SEO (AIOSEO) 5.0.1.1\" \/>\n\t\t<meta property=\"og:locale\" content=\"pt_BR\" \/>\n\t\t<meta property=\"og:site_name\" content=\"eJornais - Cat\u00e1logo de Jornais no mundo, Not\u00edcias, Blog e Esportes ao vivo\" \/>\n\t\t<meta property=\"og:type\" content=\"article\" \/>\n\t\t<meta property=\"og:title\" content=\"Em audi\u00eancia p\u00fablica, popula\u00e7\u00e3o de Corumb\u00e1 contribui para constru\u00e7\u00e3o do Festival Am\u00e9rica do Sul 2025 - eJornais\" \/>\n\t\t<meta property=\"og:description\" content=\"A cidade de Corumb\u00e1 recebeu, na \u00faltima sexta-feira (28), audi\u00eancia p\u00fablica para discutir a programa\u00e7\u00e3o do FAS (Festival Am\u00e9rica do Sul) 2025. O evento no audit\u00f3rio do Senac (Servi\u00e7o Nacional de Aprendizagem Comercial) foi realizado pela Setesc (Secretaria de Estado de Turismo, Esporte e Cultura), FCMS (Funda\u00e7\u00e3o de Cultura de Mato Grosso do Sul) e\" \/>\n\t\t<meta property=\"og:url\" content=\"https:\/\/ejornais.com.br\/index.php\/2025\/03\/31\/em-audiencia-publica-populacao-de-corumba-contribui-para-construcao-do-festival-america-do-sul-2025\/\" \/>\n\t\t<meta property=\"article:published_time\" content=\"2025-03-31T23:32:44+00:00\" \/>\n\t\t<meta property=\"article:modified_time\" content=\"2025-03-31T23:32:44+00:00\" \/>\n\t\t<meta name=\"twitter:card\" content=\"summary_large_image\" \/>\n\t\t<meta name=\"twitter:title\" content=\"Em audi\u00eancia p\u00fablica, popula\u00e7\u00e3o de Corumb\u00e1 contribui para constru\u00e7\u00e3o do Festival Am\u00e9rica do Sul 2025 - eJornais\" \/>\n\t\t<meta name=\"twitter:description\" content=\"A cidade de Corumb\u00e1 recebeu, na \u00faltima sexta-feira (28), audi\u00eancia p\u00fablica para discutir a programa\u00e7\u00e3o do FAS (Festival Am\u00e9rica do Sul) 2025. O evento no audit\u00f3rio do Senac (Servi\u00e7o Nacional de Aprendizagem Comercial) foi realizado pela Setesc (Secretaria de Estado de Turismo, Esporte e Cultura), FCMS (Funda\u00e7\u00e3o de Cultura de Mato Grosso do Sul) e\" \/>\n\t\t<script type=\"application\/ld+json\" class=\"aioseo-schema\">\n\t\t\t{\"@context\":\"https:\\\/\\\/schema.org\",\"@graph\":[{\"@type\":\"BlogPosting\",\"@id\":\"https:\\\/\\\/ejornais.com.br\\\/index.php\\\/2025\\\/03\\\/31\\\/em-audiencia-publica-populacao-de-corumba-contribui-para-construcao-do-festival-america-do-sul-2025\\\/#blogposting\",\"name\":\"Em audi\\u00eancia p\\u00fablica, popula\\u00e7\\u00e3o de Corumb\\u00e1 contribui para constru\\u00e7\\u00e3o do Festival Am\\u00e9rica do Sul 2025 - eJornais\",\"headline\":\"Em audi\\u00eancia p\\u00fablica, popula\\u00e7\\u00e3o de Corumb\\u00e1 contribui para constru\\u00e7\\u00e3o do Festival Am\\u00e9rica do Sul 2025\",\"author\":{\"@id\":\"https:\\\/\\\/ejornais.com.br\\\/index.php\\\/author\\\/admin1\\\/#author\"},\"publisher\":{\"@id\":\"https:\\\/\\\/ejornais.com.br\\\/#organization\"},\"datePublished\":\"2025-03-31T20:32:44-03:00\",\"dateModified\":\"2025-03-31T20:32:44-03:00\",\"inLanguage\":\"pt-BR\",\"mainEntityOfPage\":{\"@id\":\"https:\\\/\\\/ejornais.com.br\\\/index.php\\\/2025\\\/03\\\/31\\\/em-audiencia-publica-populacao-de-corumba-contribui-para-construcao-do-festival-america-do-sul-2025\\\/#webpage\"},\"isPartOf\":{\"@id\":\"https:\\\/\\\/ejornais.com.br\\\/index.php\\\/2025\\\/03\\\/31\\\/em-audiencia-publica-populacao-de-corumba-contribui-para-construcao-do-festival-america-do-sul-2025\\\/#webpage\"},\"articleSection\":\"Cat\\u00e1logo de Jornais\"},{\"@type\":\"BreadcrumbList\",\"@id\":\"https:\\\/\\\/ejornais.com.br\\\/index.php\\\/2025\\\/03\\\/31\\\/em-audiencia-publica-populacao-de-corumba-contribui-para-construcao-do-festival-america-do-sul-2025\\\/#breadcrumblist\",\"itemListElement\":[{\"@type\":\"ListItem\",\"@id\":\"https:\\\/\\\/ejornais.com.br#listItem\",\"position\":1,\"name\":\"In\\u00edcio\",\"item\":\"https:\\\/\\\/ejornais.com.br\",\"nextItem\":{\"@type\":\"ListItem\",\"@id\":\"https:\\\/\\\/ejornais.com.br\\\/index.php\\\/category\\\/ejornais\\\/#listItem\",\"name\":\"Cat\\u00e1logo de Jornais\"}},{\"@type\":\"ListItem\",\"@id\":\"https:\\\/\\\/ejornais.com.br\\\/index.php\\\/category\\\/ejornais\\\/#listItem\",\"position\":2,\"name\":\"Cat\\u00e1logo de Jornais\",\"item\":\"https:\\\/\\\/ejornais.com.br\\\/index.php\\\/category\\\/ejornais\\\/\",\"nextItem\":{\"@type\":\"ListItem\",\"@id\":\"https:\\\/\\\/ejornais.com.br\\\/index.php\\\/2025\\\/03\\\/31\\\/em-audiencia-publica-populacao-de-corumba-contribui-para-construcao-do-festival-america-do-sul-2025\\\/#listItem\",\"name\":\"Em audi\\u00eancia p\\u00fablica, popula\\u00e7\\u00e3o de Corumb\\u00e1 contribui para constru\\u00e7\\u00e3o do Festival Am\\u00e9rica do Sul 2025\"},\"previousItem\":{\"@type\":\"ListItem\",\"@id\":\"https:\\\/\\\/ejornais.com.br#listItem\",\"name\":\"In\\u00edcio\"}},{\"@type\":\"ListItem\",\"@id\":\"https:\\\/\\\/ejornais.com.br\\\/index.php\\\/2025\\\/03\\\/31\\\/em-audiencia-publica-populacao-de-corumba-contribui-para-construcao-do-festival-america-do-sul-2025\\\/#listItem\",\"position\":3,\"name\":\"Em audi\\u00eancia p\\u00fablica, popula\\u00e7\\u00e3o de Corumb\\u00e1 contribui para constru\\u00e7\\u00e3o do Festival Am\\u00e9rica do Sul 2025\",\"previousItem\":{\"@type\":\"ListItem\",\"@id\":\"https:\\\/\\\/ejornais.com.br\\\/index.php\\\/category\\\/ejornais\\\/#listItem\",\"name\":\"Cat\\u00e1logo de Jornais\"}}]},{\"@type\":\"Organization\",\"@id\":\"https:\\\/\\\/ejornais.com.br\\\/#organization\",\"name\":\"eJornais\",\"description\":\"Cat\\u00e1logo de Jornais no mundo, Not\\u00edcias, Blog e Esportes ao vivo\",\"url\":\"https:\\\/\\\/ejornais.com.br\\\/\"},{\"@type\":\"Person\",\"@id\":\"https:\\\/\\\/ejornais.com.br\\\/index.php\\\/author\\\/admin1\\\/#author\",\"url\":\"https:\\\/\\\/ejornais.com.br\\\/index.php\\\/author\\\/admin1\\\/\",\"name\":\"admin1\",\"image\":{\"@type\":\"ImageObject\",\"@id\":\"https:\\\/\\\/ejornais.com.br\\\/index.php\\\/2025\\\/03\\\/31\\\/em-audiencia-publica-populacao-de-corumba-contribui-para-construcao-do-festival-america-do-sul-2025\\\/#authorImage\",\"url\":\"https:\\\/\\\/secure.gravatar.com\\\/avatar\\\/04084e6d73c042b8646e7c17b494073bf0ede3ea13c7105cfc45cbbbc28385a4?s=96&d=mm&r=g\",\"width\":96,\"height\":96,\"caption\":\"admin1\"}},{\"@type\":\"WebPage\",\"@id\":\"https:\\\/\\\/ejornais.com.br\\\/index.php\\\/2025\\\/03\\\/31\\\/em-audiencia-publica-populacao-de-corumba-contribui-para-construcao-do-festival-america-do-sul-2025\\\/#webpage\",\"url\":\"https:\\\/\\\/ejornais.com.br\\\/index.php\\\/2025\\\/03\\\/31\\\/em-audiencia-publica-populacao-de-corumba-contribui-para-construcao-do-festival-america-do-sul-2025\\\/\",\"name\":\"Em audi\\u00eancia p\\u00fablica, popula\\u00e7\\u00e3o de Corumb\\u00e1 contribui para constru\\u00e7\\u00e3o do Festival Am\\u00e9rica do Sul 2025 - eJornais\",\"description\":\"A cidade de Corumb\\u00e1 recebeu, na \\u00faltima sexta-feira (28), audi\\u00eancia p\\u00fablica para discutir a programa\\u00e7\\u00e3o do FAS (Festival Am\\u00e9rica do Sul) 2025. O evento no audit\\u00f3rio do Senac (Servi\\u00e7o Nacional de Aprendizagem Comercial) foi realizado pela Setesc (Secretaria de Estado de Turismo, Esporte e Cultura), FCMS (Funda\\u00e7\\u00e3o de Cultura de Mato Grosso do Sul) e\",\"inLanguage\":\"pt-BR\",\"isPartOf\":{\"@id\":\"https:\\\/\\\/ejornais.com.br\\\/#website\"},\"breadcrumb\":{\"@id\":\"https:\\\/\\\/ejornais.com.br\\\/index.php\\\/2025\\\/03\\\/31\\\/em-audiencia-publica-populacao-de-corumba-contribui-para-construcao-do-festival-america-do-sul-2025\\\/#breadcrumblist\"},\"author\":{\"@id\":\"https:\\\/\\\/ejornais.com.br\\\/index.php\\\/author\\\/admin1\\\/#author\"},\"creator\":{\"@id\":\"https:\\\/\\\/ejornais.com.br\\\/index.php\\\/author\\\/admin1\\\/#author\"},\"datePublished\":\"2025-03-31T20:32:44-03:00\",\"dateModified\":\"2025-03-31T20:32:44-03:00\"},{\"@type\":\"WebSite\",\"@id\":\"https:\\\/\\\/ejornais.com.br\\\/#website\",\"url\":\"https:\\\/\\\/ejornais.com.br\\\/\",\"name\":\"eJornais\",\"description\":\"Cat\\u00e1logo de Jornais no mundo, Not\\u00edcias, Blog e Esportes ao vivo\",\"inLanguage\":\"pt-BR\",\"publisher\":{\"@id\":\"https:\\\/\\\/ejornais.com.br\\\/#organization\"}}]}\n\t\t<\/script>\n\t\t<!-- All in One SEO -->\n\n","aioseo_head_json":{"title":"Em audi\u00eancia p\u00fablica, popula\u00e7\u00e3o de Corumb\u00e1 contribui para constru\u00e7\u00e3o do Festival Am\u00e9rica do Sul 2025 - eJornais","description":"A cidade de Corumb\u00e1 recebeu, na \u00faltima sexta-feira (28), audi\u00eancia p\u00fablica para discutir a programa\u00e7\u00e3o do FAS (Festival Am\u00e9rica do Sul) 2025. O evento no audit\u00f3rio do Senac (Servi\u00e7o Nacional de Aprendizagem Comercial) foi realizado pela Setesc (Secretaria de Estado de Turismo, Esporte e Cultura), FCMS (Funda\u00e7\u00e3o de Cultura de Mato Grosso do Sul) e","canonical_url":"https:\/\/ejornais.com.br\/index.php\/2025\/03\/31\/em-audiencia-publica-populacao-de-corumba-contribui-para-construcao-do-festival-america-do-sul-2025\/","robots":"max-image-preview:large","keywords":"","webmasterTools":{"miscellaneous":""},"schema":{"@context":"https:\/\/schema.org","@graph":[{"@type":"BlogPosting","@id":"https:\/\/ejornais.com.br\/index.php\/2025\/03\/31\/em-audiencia-publica-populacao-de-corumba-contribui-para-construcao-do-festival-america-do-sul-2025\/#blogposting","name":"Em audi\u00eancia p\u00fablica, popula\u00e7\u00e3o de Corumb\u00e1 contribui para constru\u00e7\u00e3o do Festival Am\u00e9rica do Sul 2025 - eJornais","headline":"Em audi\u00eancia p\u00fablica, popula\u00e7\u00e3o de Corumb\u00e1 contribui para constru\u00e7\u00e3o do Festival Am\u00e9rica do Sul 2025","author":{"@id":"https:\/\/ejornais.com.br\/index.php\/author\/admin1\/#author"},"publisher":{"@id":"https:\/\/ejornais.com.br\/#organization"},"datePublished":"2025-03-31T20:32:44-03:00","dateModified":"2025-03-31T20:32:44-03:00","inLanguage":"pt-BR","mainEntityOfPage":{"@id":"https:\/\/ejornais.com.br\/index.php\/2025\/03\/31\/em-audiencia-publica-populacao-de-corumba-contribui-para-construcao-do-festival-america-do-sul-2025\/#webpage"},"isPartOf":{"@id":"https:\/\/ejornais.com.br\/index.php\/2025\/03\/31\/em-audiencia-publica-populacao-de-corumba-contribui-para-construcao-do-festival-america-do-sul-2025\/#webpage"},"articleSection":"Cat\u00e1logo de Jornais"},{"@type":"BreadcrumbList","@id":"https:\/\/ejornais.com.br\/index.php\/2025\/03\/31\/em-audiencia-publica-populacao-de-corumba-contribui-para-construcao-do-festival-america-do-sul-2025\/#breadcrumblist","itemListElement":[{"@type":"ListItem","@id":"https:\/\/ejornais.com.br#listItem","position":1,"name":"In\u00edcio","item":"https:\/\/ejornais.com.br","nextItem":{"@type":"ListItem","@id":"https:\/\/ejornais.com.br\/index.php\/category\/ejornais\/#listItem","name":"Cat\u00e1logo de Jornais"}},{"@type":"ListItem","@id":"https:\/\/ejornais.com.br\/index.php\/category\/ejornais\/#listItem","position":2,"name":"Cat\u00e1logo de Jornais","item":"https:\/\/ejornais.com.br\/index.php\/category\/ejornais\/","nextItem":{"@type":"ListItem","@id":"https:\/\/ejornais.com.br\/index.php\/2025\/03\/31\/em-audiencia-publica-populacao-de-corumba-contribui-para-construcao-do-festival-america-do-sul-2025\/#listItem","name":"Em audi\u00eancia p\u00fablica, popula\u00e7\u00e3o de Corumb\u00e1 contribui para constru\u00e7\u00e3o do Festival Am\u00e9rica do Sul 2025"},"previousItem":{"@type":"ListItem","@id":"https:\/\/ejornais.com.br#listItem","name":"In\u00edcio"}},{"@type":"ListItem","@id":"https:\/\/ejornais.com.br\/index.php\/2025\/03\/31\/em-audiencia-publica-populacao-de-corumba-contribui-para-construcao-do-festival-america-do-sul-2025\/#listItem","position":3,"name":"Em audi\u00eancia p\u00fablica, popula\u00e7\u00e3o de Corumb\u00e1 contribui para constru\u00e7\u00e3o do Festival Am\u00e9rica do Sul 2025","previousItem":{"@type":"ListItem","@id":"https:\/\/ejornais.com.br\/index.php\/category\/ejornais\/#listItem","name":"Cat\u00e1logo de Jornais"}}]},{"@type":"Organization","@id":"https:\/\/ejornais.com.br\/#organization","name":"eJornais","description":"Cat\u00e1logo de Jornais no mundo, Not\u00edcias, Blog e Esportes ao vivo","url":"https:\/\/ejornais.com.br\/"},{"@type":"Person","@id":"https:\/\/ejornais.com.br\/index.php\/author\/admin1\/#author","url":"https:\/\/ejornais.com.br\/index.php\/author\/admin1\/","name":"admin1","image":{"@type":"ImageObject","@id":"https:\/\/ejornais.com.br\/index.php\/2025\/03\/31\/em-audiencia-publica-populacao-de-corumba-contribui-para-construcao-do-festival-america-do-sul-2025\/#authorImage","url":"https:\/\/secure.gravatar.com\/avatar\/04084e6d73c042b8646e7c17b494073bf0ede3ea13c7105cfc45cbbbc28385a4?s=96&d=mm&r=g","width":96,"height":96,"caption":"admin1"}},{"@type":"WebPage","@id":"https:\/\/ejornais.com.br\/index.php\/2025\/03\/31\/em-audiencia-publica-populacao-de-corumba-contribui-para-construcao-do-festival-america-do-sul-2025\/#webpage","url":"https:\/\/ejornais.com.br\/index.php\/2025\/03\/31\/em-audiencia-publica-populacao-de-corumba-contribui-para-construcao-do-festival-america-do-sul-2025\/","name":"Em audi\u00eancia p\u00fablica, popula\u00e7\u00e3o de Corumb\u00e1 contribui para constru\u00e7\u00e3o do Festival Am\u00e9rica do Sul 2025 - eJornais","description":"A cidade de Corumb\u00e1 recebeu, na \u00faltima sexta-feira (28), audi\u00eancia p\u00fablica para discutir a programa\u00e7\u00e3o do FAS (Festival Am\u00e9rica do Sul) 2025. O evento no audit\u00f3rio do Senac (Servi\u00e7o Nacional de Aprendizagem Comercial) foi realizado pela Setesc (Secretaria de Estado de Turismo, Esporte e Cultura), FCMS (Funda\u00e7\u00e3o de Cultura de Mato Grosso do Sul) e","inLanguage":"pt-BR","isPartOf":{"@id":"https:\/\/ejornais.com.br\/#website"},"breadcrumb":{"@id":"https:\/\/ejornais.com.br\/index.php\/2025\/03\/31\/em-audiencia-publica-populacao-de-corumba-contribui-para-construcao-do-festival-america-do-sul-2025\/#breadcrumblist"},"author":{"@id":"https:\/\/ejornais.com.br\/index.php\/author\/admin1\/#author"},"creator":{"@id":"https:\/\/ejornais.com.br\/index.php\/author\/admin1\/#author"},"datePublished":"2025-03-31T20:32:44-03:00","dateModified":"2025-03-31T20:32:44-03:00"},{"@type":"WebSite","@id":"https:\/\/ejornais.com.br\/#website","url":"https:\/\/ejornais.com.br\/","name":"eJornais","description":"Cat\u00e1logo de Jornais no mundo, Not\u00edcias, Blog e Esportes ao vivo","inLanguage":"pt-BR","publisher":{"@id":"https:\/\/ejornais.com.br\/#organization"}}]},"og:locale":"pt_BR","og:site_name":"eJornais - Cat\u00e1logo de Jornais no mundo, Not\u00edcias, Blog e Esportes ao vivo","og:type":"article","og:title":"Em audi\u00eancia p\u00fablica, popula\u00e7\u00e3o de Corumb\u00e1 contribui para constru\u00e7\u00e3o do Festival Am\u00e9rica do Sul 2025 - eJornais","og:description":"A cidade de Corumb\u00e1 recebeu, na \u00faltima sexta-feira (28), audi\u00eancia p\u00fablica para discutir a programa\u00e7\u00e3o do FAS (Festival Am\u00e9rica do Sul) 2025. O evento no audit\u00f3rio do Senac (Servi\u00e7o Nacional de Aprendizagem Comercial) foi realizado pela Setesc (Secretaria de Estado de Turismo, Esporte e Cultura), FCMS (Funda\u00e7\u00e3o de Cultura de Mato Grosso do Sul) e","og:url":"https:\/\/ejornais.com.br\/index.php\/2025\/03\/31\/em-audiencia-publica-populacao-de-corumba-contribui-para-construcao-do-festival-america-do-sul-2025\/","article:published_time":"2025-03-31T23:32:44+00:00","article:modified_time":"2025-03-31T23:32:44+00:00","twitter:card":"summary_large_image","twitter:title":"Em audi\u00eancia p\u00fablica, popula\u00e7\u00e3o de Corumb\u00e1 contribui para constru\u00e7\u00e3o do Festival Am\u00e9rica do Sul 2025 - eJornais","twitter:description":"A cidade de Corumb\u00e1 recebeu, na \u00faltima sexta-feira (28), audi\u00eancia p\u00fablica para discutir a programa\u00e7\u00e3o do FAS (Festival Am\u00e9rica do Sul) 2025. O evento no audit\u00f3rio do Senac (Servi\u00e7o Nacional de Aprendizagem Comercial) foi realizado pela Setesc (Secretaria de Estado de Turismo, Esporte e Cultura), FCMS (Funda\u00e7\u00e3o de Cultura de Mato Grosso do Sul) e"},"aioseo_meta_data":{"post_id":"42146","title":null,"description":null,"keywords":null,"keyphrases":null,"primary_term":null,"canonical_url":null,"og_title":null,"og_description":null,"og_object_type":"default","og_image_type":"default","og_image_url":null,"og_image_width":null,"og_image_height":null,"og_image_custom_url":null,"og_image_custom_fields":null,"og_video":null,"og_custom_url":null,"og_article_section":null,"og_article_tags":null,"twitter_use_og":false,"twitter_card":"default","twitter_image_type":"default","twitter_image_url":null,"twitter_image_custom_url":null,"twitter_image_custom_fields":null,"twitter_title":null,"twitter_description":null,"schema":{"blockGraphs":[],"customGraphs":[],"default":{"data":{"Article":[],"Course":[],"Dataset":[],"FAQPage":[],"Movie":[],"Person":[],"Product":[],"ProductReview":[],"Car":[],"Recipe":[],"Service":[],"SoftwareApplication":[],"WebPage":[]},"graphName":"","isEnabled":true},"graphs":[]},"schema_type":"default","schema_type_options":null,"pillar_content":false,"robots_default":true,"robots_noindex":false,"robots_noarchive":false,"robots_nosnippet":false,"robots_nofollow":false,"robots_noimageindex":false,"robots_noodp":false,"robots_notranslate":false,"robots_max_snippet":null,"robots_max_videopreview":null,"robots_max_imagepreview":"large","priority":null,"frequency":null,"local_seo":null,"breadcrumb_settings":null,"limit_modified_date":false,"ai":null,"created":"2025-03-31 23:35:39","updated":"2025-06-06 15:16:44","seo_analyzer_scan_date":null,"focus_keyword":null,"additional_keywords":null,"truseo_locale":null},"aioseo_breadcrumb":"<div class=\"aioseo-breadcrumbs\"><span class=\"aioseo-breadcrumb\">\n\t\t\t<a href=\"https:\/\/ejornais.com.br\" title=\"In\u00edcio\">In\u00edcio<\/a>\n\t\t<\/span><span class=\"aioseo-breadcrumb-separator\">&raquo;<\/span><span class=\"aioseo-breadcrumb\">\n\t\t\t<a href=\"https:\/\/ejornais.com.br\/index.php\/category\/ejornais\/\" title=\"Cat\u00e1logo de Jornais\">Cat\u00e1logo de Jornais<\/a>\n\t\t<\/span><span class=\"aioseo-breadcrumb-separator\">&raquo;<\/span><span class=\"aioseo-breadcrumb\">\n\t\t\tEm audi\u00eancia p\u00fablica, popula\u00e7\u00e3o de Corumb\u00e1 contribui para constru\u00e7\u00e3o do Festival Am\u00e9rica do Sul 2025\n\t\t<\/span><\/div>","aioseo_breadcrumb_json":[{"label":"In\u00edcio","link":"https:\/\/ejornais.com.br"},{"label":"Cat\u00e1logo de Jornais","link":"https:\/\/ejornais.com.br\/index.php\/category\/ejornais\/"},{"label":"Em audi\u00eancia p\u00fablica, popula\u00e7\u00e3o de Corumb\u00e1 contribui para constru\u00e7\u00e3o do Festival Am\u00e9rica do Sul 2025","link":"https:\/\/ejornais.com.br\/index.php\/2025\/03\/31\/em-audiencia-publica-populacao-de-corumba-contribui-para-construcao-do-festival-america-do-sul-2025\/"}],"amp_enabled":true,"_links":{"self":[{"href":"https:\/\/ejornais.com.br\/index.php\/wp-json\/wp\/v2\/posts\/42146","targetHints":{"allow":["GET"]}}],"collection":[{"href":"https:\/\/ejornais.com.br\/index.php\/wp-json\/wp\/v2\/posts"}],"about":[{"href":"https:\/\/ejornais.com.br\/index.php\/wp-json\/wp\/v2\/types\/post"}],"author":[{"embeddable":true,"href":"https:\/\/ejornais.com.br\/index.php\/wp-json\/wp\/v2\/users\/2"}],"replies":[{"embeddable":true,"href":"https:\/\/ejornais.com.br\/index.php\/wp-json\/wp\/v2\/comments?post=42146"}],"version-history":[{"count":0,"href":"https:\/\/ejornais.com.br\/index.php\/wp-json\/wp\/v2\/posts\/42146\/revisions"}],"wp:attachment":[{"href":"https:\/\/ejornais.com.br\/index.php\/wp-json\/wp\/v2\/media?parent=42146"}],"wp:term":[{"taxonomy":"category","embeddable":true,"href":"https:\/\/ejornais.com.br\/index.php\/wp-json\/wp\/v2\/categories?post=42146"},{"taxonomy":"post_tag","embeddable":true,"href":"https:\/\/ejornais.com.br\/index.php\/wp-json\/wp\/v2\/tags?post=42146"}],"curies":[{"name":"wp","href":"https:\/\/api.w.org\/{rel}","templated":true}]}}