{"id":42150,"date":"2025-03-31T21:20:39","date_gmt":"2025-04-01T00:20:39","guid":{"rendered":"https:\/\/ejornais.com.br\/index.php\/2025\/03\/31\/sao-jose-promove-conscientizacao-sobre-o-imposto-solidario\/"},"modified":"2025-03-31T21:20:39","modified_gmt":"2025-04-01T00:20:39","slug":"sao-jose-promove-conscientizacao-sobre-o-imposto-solidario","status":"publish","type":"post","link":"https:\/\/ejornais.com.br\/index.php\/2025\/03\/31\/sao-jose-promove-conscientizacao-sobre-o-imposto-solidario\/","title":{"rendered":"S\u00e3o Jos\u00e9 promove conscientiza\u00e7\u00e3o sobre o Imposto Solid\u00e1rio"},"content":{"rendered":"<p><\/p>\n<div>\n<p><b>Paula Pessoa<\/b><br \/>&#13;<br \/>\n&#13;<br \/>\n                <span style=\"font-weight: bold;\">Fundo Social de Solidariedade<\/span><\/p>\n<p>Voc\u00ea sabia que, ao destinar parte do seu Imposto de Renda, \u00e9 poss\u00edvel beneficiar crian\u00e7as, adolescentes e idosos da nossa cidade? Sua doa\u00e7\u00e3o faz toda a diferen\u00e7a para o Fumdicad (Fundo Municipal dos Direitos da Crian\u00e7a e do Adolescente) e o Fumid (Fundo Municipal do Idoso), sem custo adicional para voc\u00ea.<\/p>\n<p><span style=\"font-weight: 400;\">Na tarde desta segunda-feira (31), a Prefeitura de S\u00e3o Jos\u00e9 dos Campos divulgou a campanha do Imposto Solid\u00e1rio 2025 em coletiva de imprensa, com o objetivo de incentivar os mun\u00edcipes (pessoas f\u00edsicas) e as empresas (pessoas jur\u00eddicas) a engajarem e participarem da causa.\u00a0<\/span><\/p>\n<p><span style=\"font-weight: 400;\">Representantes da Receita Federal, do Sescon-SP (Sindicato das Empresas de Servi\u00e7os Cont\u00e1beis e das Empresas de Assessoramento, Per\u00edcias, Informa\u00e7\u00f5es e Pesquisas no Estado de S\u00e3o Paulo) e da Assecon (Associa\u00e7\u00e3o das Empresas Cont\u00e1beis) estiveram presentes e refor\u00e7aram a parceria.<\/span><\/p>\n<p><span style=\"font-weight: 400;\">Em 2024, o munic\u00edpio arrecadou como imposto solid\u00e1rio apenas 1,71%, portanto, as a\u00e7\u00f5es visam ampliar a conscientiza\u00e7\u00e3o dos contribuintes, para que, com o engajamento de todos, haja aumento nas doa\u00e7\u00f5es que beneficiam projetos voltados aos idosos, crian\u00e7as e adolescentes em situa\u00e7\u00e3o de vulnerabilidade social na cidade.<\/span><\/p>\n<p><span style=\"font-weight: 400;\">Consulte aqui os materiais informativos da campanha.<\/span><\/p>\n<p><span style=\"font-weight: 400;\"><\/span><\/p>\n<p><sub><em><span style=\"font-weight: 400;\">Evento reuniu imprensa, autoridades e convidados para divulgar as a\u00e7\u00f5es| Foto: Cl\u00e1udio Vieira\/PMSJC<\/span><\/em><\/sub><\/p>\n<p><span class=\"intertitulo\">Campanha<\/span><\/p>\n<p><span style=\"font-weight: 400;\">Foi criado um hotsite exclusivo para a mobiliza\u00e7\u00e3o, onde os interessados encontram informa\u00e7\u00f5es detalhadas sobre como participar.\u00a0<\/span><span style=\"font-weight: 400;\">O prazo para declara\u00e7\u00e3o do Imposto de Renda 2025 come\u00e7ou em 17 de mar\u00e7o e prossegue at\u00e9 30 de maio.\u00a0<\/span><\/p>\n<p><span style=\"font-weight: 400;\">A campanha tem a parceria do Fundo Social de Solidariedade, que mant\u00e9m a mobiliza\u00e7\u00e3o permanente ao longo de todo o ano para recebimento de doa\u00e7\u00f5es para ajudar quem mais precisa.<\/span><\/p>\n<p><span class=\"intertitulo\">Como doar<\/span><\/p>\n<p><span style=\"font-weight: 400;\">A doa\u00e7\u00e3o para o Imposto Solid\u00e1rio 2025 deve ser informada antes do envio da declara\u00e7\u00e3o de renda para a Receita Federal, sem ter que pagar nada a mais por isso e de forma f\u00e1cil, r\u00e1pida e segura.<\/span><\/p>\n<p><span style=\"font-weight: 400;\">Com essa a\u00e7\u00e3o, os contribuintes ajudam as organiza\u00e7\u00f5es da cidade que atendem crian\u00e7as e idosos em situa\u00e7\u00e3o de vulnerabilidade social, garantindo-lhes melhores condi\u00e7\u00f5es de vida e dignidade.<\/span><\/p>\n<p><span style=\"font-weight: 400;\">As pessoas f\u00edsicas podem destinar at\u00e9 6% do imposto devido, sendo 3% para o Fumid e 3% para o Fumdicad. Ou escolher um dos fundos e doar 3%.<\/span><\/p>\n<p><span style=\"font-weight: 400;\">J\u00e1 as pessoas jur\u00eddicas podem doar at\u00e9 2% do lucro real, sendo 1% para o Fumid e 1% para o Fumdicad. Ou optar por um dos fundos, doando 1%.<\/span><\/p>\n<p><span style=\"font-weight: 400;\">Para saber como fazer a destina\u00e7\u00e3o aos fundos, entre no site da Receita Federal.<\/span><\/p>\n<p><span class=\"intertitulo\"><strong>Passo a passo:<\/strong><\/span><\/p>\n<ul>&#13;<\/p>\n<li><span style=\"font-weight: 400;\"> Escolha \u201cdoar\u201d e acesse as \u201cfichas de declara\u00e7\u00e3o\u201d<\/span><\/li>\n<p>&#13;<\/p>\n<li><span style=\"font-weight: 400;\"> Em seguida, \u201cdoa\u00e7\u00e3o diretamente na declara\u00e7\u00e3o\u201d<\/span><\/li>\n<p>&#13;<\/p>\n<li><span style=\"font-weight: 400;\"> Marque a op\u00e7\u00e3o \u201cmunicipal\u201d e, para terminar, \u201cS\u00e3o Jos\u00e9 dos Campos\u201d<\/span><\/li>\n<p>&#13;<\/p>\n<li><span style=\"font-weight: 400;\"> Escolha quem vai receber a doa\u00e7\u00e3o (Fundo Municipal do Idoso e Fundo Municipal da Crian\u00e7a e do Adolescente)<\/span><\/li>\n<p>&#13;\n<\/ul>\n<p><span>Siga o\u00a0<\/span>passo a passo detalhado<span>\u00a0na p\u00e1gina da Receita Federal.<\/span><\/p>\n<p><span class=\"intertitulo\">Novos projetos<\/span><\/p>\n<p>As doa\u00e7\u00f5es ser\u00e3o utilizadas em projetos, ap\u00f3s a realiza\u00e7\u00e3o de editais, para ajudar crian\u00e7as, adolescentes e idosos em situa\u00e7\u00e3o de vulnerabilidade social.<\/p>\n<p>Poder\u00e3o receber as verbas as entidades atualmente cadastradas no CMDCA (Conselho Municipal dos Direitos da Crian\u00e7a e do Adolescente) e CMDPI (Conselho Municipal dos Direitos da Pessoa Idosa).<\/p>\n<p><span class=\"intertitulo\">Benef\u00edcios das doa\u00e7\u00f5es<\/span><\/p>\n<p>\u2022 Ajuda quem mais precisa<\/p>\n<p>\u2022\u00a0\u00c9 uma forma legal e segura de ajudar e incentivar projetos sociais<\/p>\n<p>\u2022\u00a0Amplia a prote\u00e7\u00e3o \u00e0s crian\u00e7as, adolescentes e idosos<\/p>\n<p>\u2022\u00a0\u00c9 a participa\u00e7\u00e3o cidad\u00e3 em benef\u00edcio de toda a sociedade, sem custo<\/p>\n<p>\u2022\u00a0Garante um futuro melhor para crian\u00e7as, adolescentes e idosos<\/p>\n<p>\u2022\u00a0O contribuinte n\u00e3o pagar\u00e1 mais imposto nem ter\u00e1 sua restitui\u00e7\u00e3o diminu\u00edda<\/p>\n<p>\u2022\u00a0\u00c9 um ato de cidadania efetiva<\/p>\n<p>\u2022\u00a0Seu imposto vira destina\u00e7\u00e3o e sonhos viram realidade<\/p>\n<p><sub><em>Campanha refor\u00e7a import\u00e2ncia da solidariedade na hora de declarar o IR |Foto: Cl\u00e1udio Vieira\/PMSJC<\/em><\/sub><\/p>\n<p>&#13;<br \/>\n                        <strong>MAIS NOT\u00cdCIAS<\/strong><br \/>&#13;<br \/>\n                        Fundo Social de Solidariedade&#13;\n                    <\/p>\n<\/p><\/div>\n","protected":false},"excerpt":{"rendered":"<p>Paula Pessoa&#13; &#13; Fundo Social de Solidariedade Voc\u00ea sabia que, ao destinar parte do seu Imposto de Renda, \u00e9 poss\u00edvel<\/p>\n","protected":false},"author":2,"featured_media":0,"comment_status":"","ping_status":"","sticky":false,"template":"","format":"standard","meta":{"colormag_page_container_layout":"default_layout","colormag_page_sidebar_layout":"default_layout","footnotes":""},"categories":[1],"tags":[],"class_list":["post-42150","post","type-post","status-publish","format-standard","hentry","category-ejornais"],"aioseo_notices":[],"amp_enabled":true,"_links":{"self":[{"href":"https:\/\/ejornais.com.br\/index.php\/wp-json\/wp\/v2\/posts\/42150","targetHints":{"allow":["GET"]}}],"collection":[{"href":"https:\/\/ejornais.com.br\/index.php\/wp-json\/wp\/v2\/posts"}],"about":[{"href":"https:\/\/ejornais.com.br\/index.php\/wp-json\/wp\/v2\/types\/post"}],"author":[{"embeddable":true,"href":"https:\/\/ejornais.com.br\/index.php\/wp-json\/wp\/v2\/users\/2"}],"replies":[{"embeddable":true,"href":"https:\/\/ejornais.com.br\/index.php\/wp-json\/wp\/v2\/comments?post=42150"}],"version-history":[{"count":0,"href":"https:\/\/ejornais.com.br\/index.php\/wp-json\/wp\/v2\/posts\/42150\/revisions"}],"wp:attachment":[{"href":"https:\/\/ejornais.com.br\/index.php\/wp-json\/wp\/v2\/media?parent=42150"}],"wp:term":[{"taxonomy":"category","embeddable":true,"href":"https:\/\/ejornais.com.br\/index.php\/wp-json\/wp\/v2\/categories?post=42150"},{"taxonomy":"post_tag","embeddable":true,"href":"https:\/\/ejornais.com.br\/index.php\/wp-json\/wp\/v2\/tags?post=42150"}],"curies":[{"name":"wp","href":"https:\/\/api.w.org\/{rel}","templated":true}]}}