{"id":42163,"date":"2025-04-01T01:32:42","date_gmt":"2025-04-01T04:32:42","guid":{"rendered":"https:\/\/ejornais.com.br\/index.php\/2025\/04\/01\/projeto-tardezinha-inclusiva-e-referencia-e-sera-ampliado-para-outros-municipios-da-paraiba\/"},"modified":"2025-04-01T01:32:42","modified_gmt":"2025-04-01T04:32:42","slug":"projeto-tardezinha-inclusiva-e-referencia-e-sera-ampliado-para-outros-municipios-da-paraiba","status":"publish","type":"post","link":"https:\/\/ejornais.com.br\/index.php\/2025\/04\/01\/projeto-tardezinha-inclusiva-e-referencia-e-sera-ampliado-para-outros-municipios-da-paraiba\/","title":{"rendered":"Projeto \u2018Tardezinha Inclusiva\u2019 \u00e9 refer\u00eancia e ser\u00e1 ampliado para outros munic\u00edpios da Para\u00edba"},"content":{"rendered":"<p><\/p>\n<div>\n<p>A Tardezinha Inclusiva, que \u00e9 um dos bra\u00e7os do projeto Somos Capazes, est\u00e1 ampliando seu alcance e ser\u00e1 adotada pelo munic\u00edpio de Itabaiana. A iniciativa, que foi apresentada na cidade nesta segunda-feira (31), tem previs\u00e3o de come\u00e7ar a atender \u00e0s crian\u00e7as autistas da cidade j\u00e1 a partir do m\u00eas de abril. Em Pilar, a proposta tamb\u00e9m foi apresentada e a parceria est\u00e1 em an\u00e1lise.<\/p>\n<figure class=\"wp-block-gallery has-nested-images columns-default is-cropped wp-block-gallery-1 is-layout-flex wp-block-gallery-is-layout-flex\">\n<figure class=\"wp-block-image size-large\"><\/figure>\n<figure class=\"wp-block-image size-large\"><\/figure>\n<figure class=\"wp-block-image size-large\"><\/figure>\n<\/figure>\n<p>\u201cN\u00f3s estamos fazendo um processo de amplia\u00e7\u00e3o de algumas das nossas experi\u00eancias da Funjope, trocando nossas conviv\u00eancias com outros munic\u00edpios, e estamos em Itabaiana fortalecendo esse princ\u00edpio que desenvolvemos em Jo\u00e3o Pessoa que \u00e9 a ideia da inclus\u00e3o pela arte e pela cultura. Tivemos uma reuni\u00e3o com os secret\u00e1rios de Cultura, de Educa\u00e7\u00e3o e de A\u00e7\u00e3o Social que j\u00e1 formaram uma equipe para desenvolvermos, de in\u00edcio, o projeto da Tardezinha Inclusiva no munic\u00edpio. Visitamos o Itabaiana Clube, que vai abrigar a experi\u00eancia\u201d, declarou o diretor executivo da Funjope, Marcus Alves.<\/p>\n<p>Ele destacou que todos est\u00e3o confiantes e mobilizados. \u201cEsse \u00e9 um desejo antigo da nossa gest\u00e3o, tanto meu quanto do prefeito C\u00edcero Lucena, para que possamos ampliar o alcance das nossas a\u00e7\u00f5es, trocar experi\u00eancias com as pr\u00e1ticas bem-sucedidas da cultura de Jo\u00e3o Pessoa\u201d, frisou.<\/p>\n<p>Em Itabaiana o projeto j\u00e1 est\u00e1 sendo implantado, e o processo foi iniciado na cidade de Pilar. \u201cL\u00e1, conversamos com o secret\u00e1rio de Cultura, Evanio Teixeira. Tamb\u00e9m fizemos algo parecido no munic\u00edpio de Tapero\u00e1. Estamos plantando sementes de conviv\u00eancia e de troca de experi\u00eancias das nossas boas pr\u00e1ticas de cultura. \u00c9 muito importante esse momento que a cultura de Jo\u00e3o Pessoa vive, um momento especial. O projeto Tardezinha Inclusiva \u00e9 marcante. Todos j\u00e1 conhecem e em Itabaiana j\u00e1 vamos implantar a partir do m\u00eas de abril\u201d, acrescentou Marcus Alves.<\/p>\n<figure class=\"wp-block-gallery has-nested-images columns-default is-cropped wp-block-gallery-2 is-layout-flex wp-block-gallery-is-layout-flex\">\n<figure class=\"wp-block-image size-large\"><\/figure>\n<figure class=\"wp-block-image size-large\"><\/figure>\n<\/figure>\n<p>Hosana Carneiro, presidente da Associa\u00e7\u00e3o Paraibana de Autismo (APA), destacou que a experi\u00eancia de Jo\u00e3o Pessoa foi apresentada, e que a Funjope e a APA entram como parceiras na constru\u00e7\u00e3o da Tardezinha Inclusiva de Itabaiana.<\/p>\n<p>\u201cN\u00f3s viemos a partir do interesse das Secretarias de Educa\u00e7\u00e3o e Cultura, que nos convidaram para apresentar o projeto. Eu saio daqui bem animada porque vejo que todas as secretarias est\u00e3o muito envolvidas e pensando realmente em fazer algo muito bonito, assim como Jo\u00e3o Pessoa j\u00e1 faz todos os meses no Centro Cultural de Mangabeira\u201d, afirmou.<\/p>\n<p>Junto com Marcus Alves, ela conheceu os espa\u00e7os onde o munic\u00edpio de Itabaiana pretende realizar a Tardezinha, com a consultoria da Funjope e da APA, que j\u00e1 t\u00eam a experi\u00eancia de como fazer.<\/p>\n<p>\u201cAcredito que vamos formar um grupo forte de inclus\u00e3o pela arte e cultura em Itabaiana. \u00c9 Jo\u00e3o Pessoa trazendo a experi\u00eancia para outras cidades e isso me alegra muito enquanto Associa\u00e7\u00e3o Paraibana de Autismo, que \u00e9 parceira da Tardezinha. Eu sei que, a partir desse momento, muitas fam\u00edlias e autistas ter\u00e3o grandes oportunidades de conviver na sociedade, de ter uma sociedade que vai poder participar ajudando\u201d, pontuou Hosana Carneiro.<\/p>\n<figure class=\"wp-block-gallery has-nested-images columns-default is-cropped wp-block-gallery-3 is-layout-flex wp-block-gallery-is-layout-flex\">\n<figure class=\"wp-block-image size-large\"><\/figure>\n<figure class=\"wp-block-image size-full\"><\/figure>\n<\/figure>\n<p>A secret\u00e1ria de Educa\u00e7\u00e3o de Itabaiana, Joelma Lins da Fonseca, afirmou que j\u00e1 tinha um certo conhecimento sobre o trabalho desenvolvido pela Funjope na Tardezinha Inclusiva. \u201cEu conhecia sim e sempre me encantou a possibilidade de trazer esse projeto para nossa cidade. Isso me emociona muito\u201d, observou.<\/p>\n<p>Para ela, a Tardezinha Inclusiva representa um momento \u00edmpar para os autistas e principalmente para as fam\u00edlias. \u201cSer\u00e1 um momento de integra\u00e7\u00e3o, divers\u00e3o e muitas descobertas\u201d, pontuou. Joelma Lins tamb\u00e9m falou sobre suas expectativas para o in\u00edcio das atividades: \u201cUma nova fase em nossa educa\u00e7\u00e3o infantil est\u00e1 iniciando em nosso munic\u00edpio\u201d, comemorou.<\/p>\n<p>F\u00e1bio Rodrigues, secret\u00e1rio de Cultura de Itabaiana, tamb\u00e9m afirmou estar feliz. \u201cTemos um n\u00famero consider\u00e1vel de autistas e achamos interessante formar essa parceria para introduzir o projeto da Tardezinha Inclusiva, envolvendo as Secretarias de Cultura e de Educa\u00e7\u00e3o\u201d. Ele destacou que, inicialmente, as crian\u00e7as autistas s\u00e3o identificadas na escola, mas ressaltou que pode haver um n\u00famero maior de participantes.<\/p>\n<p>\u201cA gente acredita no projeto que j\u00e1 deu resultado em Jo\u00e3o Pessoa pelos relatos que nos foram passados. E essa iniciativa n\u00e3o envolve s\u00f3 a crian\u00e7a que tem o autismo, mas toda a fam\u00edlia. Ent\u00e3o, \u00e9 um projeto que apoia a fam\u00edlia como um todo em v\u00e1rios aspectos. Acreditamos que vai dar certo porque temos poucos projetos voltados para o autismo, como o das salas especiais da rede de ensino\u201d, acrescentou F\u00e1bio Rodrigues. No dia 2 de abril, haver\u00e1 uma sess\u00e3o voltada para esse tema em Itabaiana, e a ideia \u00e9 introduzir o projeto na cidade ainda nesse m\u00eas de abril.<\/p>\n<p><strong>Pilar \u2013 <\/strong>A Tardezinha Inclusiva tamb\u00e9m deve ser implantada em breve no munic\u00edpio de Pilar. O secret\u00e1rio de Cultura da cidade, Evanio Teixeira, disse que sua avalia\u00e7\u00e3o a respeito do projeto \u00e9 muito positiva, tendo em vista que a Tardezinha Inclusiva tem o objetivo da inclus\u00e3o de pessoas com autismo.<\/p>\n<figure class=\"wp-block-gallery has-nested-images columns-default is-cropped wp-block-gallery-4 is-layout-flex wp-block-gallery-is-layout-flex\">\n<figure class=\"wp-block-image size-large\"><\/figure>\n<figure class=\"wp-block-image size-large\"><\/figure>\n<\/figure>\n<p>\u201cPromover essa inclus\u00e3o por meio da cultura e das artes \u00e9 muito positivo. Eu acredito que a arte ajuda na supera\u00e7\u00e3o de situa\u00e7\u00f5es vivenciadas por quem \u00e9 autista e tamb\u00e9m pelos pais, j\u00e1 que h\u00e1 um cuidado com o cuidador, e isso \u00e9 muito importante. Eu vejo com muito bons olhos e acredito que a prefeita tamb\u00e9m vai viabilizar o projeto no munic\u00edpio quando eu levar a proposta\u201d, revelou.<\/p>\n<p>O secret\u00e1rio disse que ainda haver\u00e1 uma nova conversa com a Funjope para alinhar alguns pontos e, posteriormente, implementar no munic\u00edpio. Para ele, no entanto, j\u00e1 \u00e9 uma certeza de que o trabalho vai contribuir muito para o desenvolvimento dessas crian\u00e7as.<\/p>\n<p>Al\u00e9m do secret\u00e1rio Evanio Teixeira, participaram da reuni\u00e3o em Pilar Maria Jos\u00e9 Alves, do xaxado, e Vantwyly da Costa, presidente do Conselho Municipal de Cultura.<\/p>\n<\/p><\/div>\n","protected":false},"excerpt":{"rendered":"<p>A Tardezinha Inclusiva, que \u00e9 um dos bra\u00e7os do projeto Somos Capazes, est\u00e1 ampliando seu alcance e ser\u00e1 adotada pelo<\/p>\n","protected":false},"author":2,"featured_media":0,"comment_status":"","ping_status":"","sticky":false,"template":"","format":"standard","meta":{"colormag_page_container_layout":"default_layout","colormag_page_sidebar_layout":"default_layout","footnotes":""},"categories":[1],"tags":[],"class_list":["post-42163","post","type-post","status-publish","format-standard","hentry","category-ejornais"],"aioseo_notices":[],"amp_enabled":true,"_links":{"self":[{"href":"https:\/\/ejornais.com.br\/index.php\/wp-json\/wp\/v2\/posts\/42163","targetHints":{"allow":["GET"]}}],"collection":[{"href":"https:\/\/ejornais.com.br\/index.php\/wp-json\/wp\/v2\/posts"}],"about":[{"href":"https:\/\/ejornais.com.br\/index.php\/wp-json\/wp\/v2\/types\/post"}],"author":[{"embeddable":true,"href":"https:\/\/ejornais.com.br\/index.php\/wp-json\/wp\/v2\/users\/2"}],"replies":[{"embeddable":true,"href":"https:\/\/ejornais.com.br\/index.php\/wp-json\/wp\/v2\/comments?post=42163"}],"version-history":[{"count":0,"href":"https:\/\/ejornais.com.br\/index.php\/wp-json\/wp\/v2\/posts\/42163\/revisions"}],"wp:attachment":[{"href":"https:\/\/ejornais.com.br\/index.php\/wp-json\/wp\/v2\/media?parent=42163"}],"wp:term":[{"taxonomy":"category","embeddable":true,"href":"https:\/\/ejornais.com.br\/index.php\/wp-json\/wp\/v2\/categories?post=42163"},{"taxonomy":"post_tag","embeddable":true,"href":"https:\/\/ejornais.com.br\/index.php\/wp-json\/wp\/v2\/tags?post=42163"}],"curies":[{"name":"wp","href":"https:\/\/api.w.org\/{rel}","templated":true}]}}