{"id":42339,"date":"2025-04-03T11:10:35","date_gmt":"2025-04-03T14:10:35","guid":{"rendered":"https:\/\/ejornais.com.br\/index.php\/2025\/04\/03\/defesa-civil-de-guaratingueta-participa-de-treinamento-do-programa-sp-sem-fogo-prefeitura-estancia-turistica-guaratingueta\/"},"modified":"2025-04-03T11:10:35","modified_gmt":"2025-04-03T14:10:35","slug":"defesa-civil-de-guaratingueta-participa-de-treinamento-do-programa-sp-sem-fogo-prefeitura-estancia-turistica-guaratingueta","status":"publish","type":"post","link":"https:\/\/ejornais.com.br\/index.php\/2025\/04\/03\/defesa-civil-de-guaratingueta-participa-de-treinamento-do-programa-sp-sem-fogo-prefeitura-estancia-turistica-guaratingueta\/","title":{"rendered":"Defesa Civil de Guaratinguet\u00e1 participa de treinamento do programa SP Sem Fogo \u2013 Prefeitura Est\u00e2ncia Tur\u00edstica Guaratinguet\u00e1"},"content":{"rendered":"<p><\/p>\n<div>\n<p>A Defesa Civil de Guaratinguet\u00e1 participa, nesta quinta-feira, 03, do primeiro dia de treinamento do programa SP Sem Fogo, promovido pelo Governo do Estado de S\u00e3o Paulo. A capacita\u00e7\u00e3o tem como objetivo preparar os agentes para o combate a focos de inc\u00eandio e formar multiplicadores de conhecimento, que ir\u00e3o repassar as t\u00e9cnicas aprendidas a outros agentes, volunt\u00e1rios e \u00e0 popula\u00e7\u00e3o em geral.<\/p>\n<p>\u00a0<\/p>\n<p>A a\u00e7\u00e3o faz parte da fase amarela da opera\u00e7\u00e3o, voltada \u00e0 prepara\u00e7\u00e3o para o per\u00edodo de estiagem que se aproxima. Como parte desse processo, Guaratinguet\u00e1 enviou tr\u00eas representantes para o treinamento: os agentes Isidoro e Camilo, al\u00e9m do coordenador Allan Siqueira.<\/p>\n<p>\u00a0<\/p>\n<p>Al\u00e9m de aprimorar a atua\u00e7\u00e3o no combate a inc\u00eandios, a participa\u00e7\u00e3o no curso garante \u00e0 Defesa Civil do munic\u00edpio o direito ao recebimento de equipamentos fornecidos pelo Estado. O treinamento tamb\u00e9m gera pontua\u00e7\u00e3o para programas voltados \u00e0 agricultura e meio ambiente.<\/p>\n<\/p><\/div>\n","protected":false},"excerpt":{"rendered":"<p>A Defesa Civil de Guaratinguet\u00e1 participa, nesta quinta-feira, 03, do primeiro dia de treinamento do programa SP Sem Fogo, promovido<\/p>\n","protected":false},"author":2,"featured_media":0,"comment_status":"","ping_status":"","sticky":false,"template":"","format":"standard","meta":{"colormag_page_container_layout":"default_layout","colormag_page_sidebar_layout":"default_layout","footnotes":""},"categories":[1],"tags":[],"class_list":["post-42339","post","type-post","status-publish","format-standard","hentry","category-ejornais"],"aioseo_notices":[],"amp_enabled":true,"_links":{"self":[{"href":"https:\/\/ejornais.com.br\/index.php\/wp-json\/wp\/v2\/posts\/42339","targetHints":{"allow":["GET"]}}],"collection":[{"href":"https:\/\/ejornais.com.br\/index.php\/wp-json\/wp\/v2\/posts"}],"about":[{"href":"https:\/\/ejornais.com.br\/index.php\/wp-json\/wp\/v2\/types\/post"}],"author":[{"embeddable":true,"href":"https:\/\/ejornais.com.br\/index.php\/wp-json\/wp\/v2\/users\/2"}],"replies":[{"embeddable":true,"href":"https:\/\/ejornais.com.br\/index.php\/wp-json\/wp\/v2\/comments?post=42339"}],"version-history":[{"count":0,"href":"https:\/\/ejornais.com.br\/index.php\/wp-json\/wp\/v2\/posts\/42339\/revisions"}],"wp:attachment":[{"href":"https:\/\/ejornais.com.br\/index.php\/wp-json\/wp\/v2\/media?parent=42339"}],"wp:term":[{"taxonomy":"category","embeddable":true,"href":"https:\/\/ejornais.com.br\/index.php\/wp-json\/wp\/v2\/categories?post=42339"},{"taxonomy":"post_tag","embeddable":true,"href":"https:\/\/ejornais.com.br\/index.php\/wp-json\/wp\/v2\/tags?post=42339"}],"curies":[{"name":"wp","href":"https:\/\/api.w.org\/{rel}","templated":true}]}}