{"id":42421,"date":"2025-04-04T16:58:38","date_gmt":"2025-04-04T19:58:38","guid":{"rendered":"https:\/\/ejornais.com.br\/index.php\/2025\/04\/04\/feira-da-musica-do-campao-chega-a-terceira-edicao-com-sucesso-de-publico-e-parcerias-de-trabalho\/"},"modified":"2025-04-04T16:58:38","modified_gmt":"2025-04-04T19:58:38","slug":"feira-da-musica-do-campao-chega-a-terceira-edicao-com-sucesso-de-publico-e-parcerias-de-trabalho","status":"publish","type":"post","link":"https:\/\/ejornais.com.br\/index.php\/2025\/04\/04\/feira-da-musica-do-campao-chega-a-terceira-edicao-com-sucesso-de-publico-e-parcerias-de-trabalho\/","title":{"rendered":"Feira da M\u00fasica do Camp\u00e3o chega \u00e0 terceira edi\u00e7\u00e3o com sucesso de p\u00fablico e parcerias de trabalho"},"content":{"rendered":"<p><\/p>\n<div>\n<p>Realizada de 28 a 30 de mar\u00e7o, dentro da programa\u00e7\u00e3o do Camp\u00e3o Cultural, a terceira edi\u00e7\u00e3o da Feira da M\u00fasica foi sucesso de p\u00fablico e movimentou a cena cultural da cidade. O evento, realizado no Centro Cultural Jos\u00e9 Oct\u00e1vio Guizzo e com shows em bares da capital, consolida-se como um importante hub de conex\u00f5es, aprendizado e entretenimento, reunindo palestras,\u00a0<em>showcases<\/em>\u00a0e uma programa\u00e7\u00e3o noturna repleta de atra\u00e7\u00f5es musicais.<\/p>\n<p>Com entrada gratuita, a Feira da M\u00fasica do Camp\u00e3o \u00e9 conhecida por sua programa\u00e7\u00e3o ecl\u00e9tica, que abrange desde debates e palestras sobre o cen\u00e1rio musical at\u00e9\u00a0<em>showcases<\/em>\u00a0que revelam novos talentos. Durante o dia, o p\u00fablico participou de atividades como pain\u00e9is, oficinas e rodas de conversa com profissionais da ind\u00fastria musical, discutindo temas como produ\u00e7\u00e3o, distribui\u00e7\u00e3o, direitos autorais e tend\u00eancias do mercado. J\u00e1 \u00e0 noite, o evento ganhou um clima de festa, com shows que agradaram a todos os gostos.<\/p>\n<p>Um dos organizadores da Feira e gerente de Difus\u00e3o Cultural da Funda\u00e7\u00e3o de Cultura de MS, Vitor Maia, afirmou que a ades\u00e3o do p\u00fablico foi muito boa: \u201cForam tr\u00eas dias de muitas atividades, com palestras, pain\u00e9is, oficinas,\u00a0<i>showcases<\/i>\u00a0no Centro Cultural e em bares e casas noturnas da cidade a programa\u00e7\u00e3o de shows, todos os dias, todas as casas noturnas com grande p\u00fablico, e tivemos uma ades\u00e3o muito boa nas palestras e pain\u00e9is\u201d.<\/p>\n<p>A maioria do p\u00fablico das palestras foi formado por profissionais da m\u00fasica. \u201cNas palestras e pain\u00e9is compareceu um p\u00fablico da \u00e1rea da m\u00fasica mesmo, artistas, produtores, managers, mas nos\u00a0<i>showscases<\/i>\u00a0foram os p\u00fablicos das palestras e na programa\u00e7\u00e3o noturna foi o p\u00fablico em geral, que j\u00e1 era frequentador dos espa\u00e7os da programa\u00e7\u00e3o\u201d.<\/p>\n<p>Para Vitor Maia, a Feira da M\u00fasica evoluiu muito nestas tr\u00eas edi\u00e7\u00f5es. \u201cEu acho que a Feira da M\u00fasica foi evoluindo sim, nestas tr\u00eas edi\u00e7\u00f5es, teve um p\u00fablico muito bom, eu acho que ela se tornou mais assertiva. Este ano a gente conseguiu bastante troca com o pessoal do Paraguai, veio uma delega\u00e7\u00e3o de l\u00e1, tamb\u00e9m com o pessoal do Mato Grosso. A Feira est\u00e1 mais assertiva no sentido do que \u00e9 a inten\u00e7\u00e3o dela que \u00e9 de criar conex\u00f5es. Com certeza vai se manter a parceria com o pessoal que j\u00e1 vinha sendo feita, com o pessoal do Paraguai, do G5 Conexiones, que \u00e9 um pessoal que realiza diversos eventos l\u00e1, j\u00e1 tem artistas de Mato Grosso do Sul tocando nos eventos deles l\u00e1, indiretamente eu creio que tenha sido o resultado das outras edi\u00e7\u00f5es. A gente vai manter contato tamb\u00e9m com o pessoal do Mato Grosso que realiza bastante evento l\u00e1, a Feira refor\u00e7ou esses la\u00e7os\u201d.<\/p>\n<p>A Feira da M\u00fasica do Camp\u00e3o foi um sucesso de p\u00fablico. \u201cA programa\u00e7\u00e3o noturna, todos os shows com casa lotada, e uma boa ades\u00e3o nas palestras tamb\u00e9m. Foi muito bom ter tido esta ades\u00e3o boa de p\u00fablico porque consolidou esta terceira edi\u00e7\u00e3o e possivelmente na quarta edi\u00e7\u00e3o a gente vai buscar faz\u00ea-la independente do Festival Camp\u00e3o Cultural porque o Festival \u00e9 uma coisa muito grande, \u00e9 um evento de geralmente uma semana inteira, e a Feira, sendo um evento dentro de outro evento, acaba ficando meio dilu\u00edda ali. Funcionou muito bem nessas tr\u00eas edi\u00e7\u00f5es dentro do Camp\u00e3o, mas eu acho que a programa\u00e7\u00e3o acaba ficando um pouco dilu\u00edda dentro de uma programa\u00e7\u00e3o muito grande, que \u00e9 a do Camp\u00e3o\u201d, finaliza Vitor.<\/p>\n<p><em>Karina Lima, Comunica\u00e7\u00e3o Setesc<\/em><\/p>\n<p><em>Fotos: Mauricio Costa J\u00fanior<\/em><\/p>\n<\/div>\n","protected":false},"excerpt":{"rendered":"<p>Realizada de 28 a 30 de mar\u00e7o, dentro da programa\u00e7\u00e3o do Camp\u00e3o Cultural, a terceira edi\u00e7\u00e3o da Feira da M\u00fasica<\/p>\n","protected":false},"author":2,"featured_media":0,"comment_status":"","ping_status":"","sticky":false,"template":"","format":"standard","meta":{"colormag_page_container_layout":"default_layout","colormag_page_sidebar_layout":"default_layout","footnotes":""},"categories":[1],"tags":[],"class_list":["post-42421","post","type-post","status-publish","format-standard","hentry","category-ejornais"],"aioseo_notices":[],"aioseo_head":"\n\t\t<!-- All in One SEO 5.0.1.1 - aioseo.com -->\n\t<meta name=\"description\" content=\"Realizada de 28 a 30 de mar\u00e7o, dentro da programa\u00e7\u00e3o do Camp\u00e3o Cultural, a terceira edi\u00e7\u00e3o da Feira da M\u00fasica foi sucesso de p\u00fablico e movimentou a cena cultural da cidade. O evento, realizado no Centro Cultural Jos\u00e9 Oct\u00e1vio Guizzo e com shows em bares da capital, consolida-se como um importante hub de conex\u00f5es, aprendizado\" \/>\n\t<meta name=\"robots\" content=\"max-image-preview:large\" \/>\n\t<meta name=\"author\" content=\"admin1\"\/>\n\t<link rel=\"canonical\" href=\"https:\/\/ejornais.com.br\/index.php\/2025\/04\/04\/feira-da-musica-do-campao-chega-a-terceira-edicao-com-sucesso-de-publico-e-parcerias-de-trabalho\/\" \/>\n\t<meta name=\"generator\" content=\"All in One SEO (AIOSEO) 5.0.1.1\" \/>\n\t\t<meta property=\"og:locale\" content=\"pt_BR\" \/>\n\t\t<meta property=\"og:site_name\" content=\"eJornais - Cat\u00e1logo de Jornais no mundo, Not\u00edcias, Blog e Esportes ao vivo\" \/>\n\t\t<meta property=\"og:type\" content=\"article\" \/>\n\t\t<meta property=\"og:title\" content=\"Feira da M\u00fasica do Camp\u00e3o chega \u00e0 terceira edi\u00e7\u00e3o com sucesso de p\u00fablico e parcerias de trabalho - eJornais\" \/>\n\t\t<meta property=\"og:description\" content=\"Realizada de 28 a 30 de mar\u00e7o, dentro da programa\u00e7\u00e3o do Camp\u00e3o Cultural, a terceira edi\u00e7\u00e3o da Feira da M\u00fasica foi sucesso de p\u00fablico e movimentou a cena cultural da cidade. O evento, realizado no Centro Cultural Jos\u00e9 Oct\u00e1vio Guizzo e com shows em bares da capital, consolida-se como um importante hub de conex\u00f5es, aprendizado\" \/>\n\t\t<meta property=\"og:url\" content=\"https:\/\/ejornais.com.br\/index.php\/2025\/04\/04\/feira-da-musica-do-campao-chega-a-terceira-edicao-com-sucesso-de-publico-e-parcerias-de-trabalho\/\" \/>\n\t\t<meta property=\"article:published_time\" content=\"2025-04-04T19:58:38+00:00\" \/>\n\t\t<meta property=\"article:modified_time\" content=\"2025-04-04T19:58:38+00:00\" \/>\n\t\t<meta name=\"twitter:card\" content=\"summary_large_image\" \/>\n\t\t<meta name=\"twitter:title\" content=\"Feira da M\u00fasica do Camp\u00e3o chega \u00e0 terceira edi\u00e7\u00e3o com sucesso de p\u00fablico e parcerias de trabalho - eJornais\" \/>\n\t\t<meta name=\"twitter:description\" content=\"Realizada de 28 a 30 de mar\u00e7o, dentro da programa\u00e7\u00e3o do Camp\u00e3o Cultural, a terceira edi\u00e7\u00e3o da Feira da M\u00fasica foi sucesso de p\u00fablico e movimentou a cena cultural da cidade. O evento, realizado no Centro Cultural Jos\u00e9 Oct\u00e1vio Guizzo e com shows em bares da capital, consolida-se como um importante hub de conex\u00f5es, aprendizado\" \/>\n\t\t<script type=\"application\/ld+json\" class=\"aioseo-schema\">\n\t\t\t{\"@context\":\"https:\\\/\\\/schema.org\",\"@graph\":[{\"@type\":\"BlogPosting\",\"@id\":\"https:\\\/\\\/ejornais.com.br\\\/index.php\\\/2025\\\/04\\\/04\\\/feira-da-musica-do-campao-chega-a-terceira-edicao-com-sucesso-de-publico-e-parcerias-de-trabalho\\\/#blogposting\",\"name\":\"Feira da M\\u00fasica do Camp\\u00e3o chega \\u00e0 terceira edi\\u00e7\\u00e3o com sucesso de p\\u00fablico e parcerias de trabalho - eJornais\",\"headline\":\"Feira da M\\u00fasica do Camp\\u00e3o chega \\u00e0 terceira edi\\u00e7\\u00e3o com sucesso de p\\u00fablico e parcerias de trabalho\",\"author\":{\"@id\":\"https:\\\/\\\/ejornais.com.br\\\/index.php\\\/author\\\/admin1\\\/#author\"},\"publisher\":{\"@id\":\"https:\\\/\\\/ejornais.com.br\\\/#organization\"},\"datePublished\":\"2025-04-04T16:58:38-03:00\",\"dateModified\":\"2025-04-04T16:58:38-03:00\",\"inLanguage\":\"pt-BR\",\"mainEntityOfPage\":{\"@id\":\"https:\\\/\\\/ejornais.com.br\\\/index.php\\\/2025\\\/04\\\/04\\\/feira-da-musica-do-campao-chega-a-terceira-edicao-com-sucesso-de-publico-e-parcerias-de-trabalho\\\/#webpage\"},\"isPartOf\":{\"@id\":\"https:\\\/\\\/ejornais.com.br\\\/index.php\\\/2025\\\/04\\\/04\\\/feira-da-musica-do-campao-chega-a-terceira-edicao-com-sucesso-de-publico-e-parcerias-de-trabalho\\\/#webpage\"},\"articleSection\":\"Cat\\u00e1logo de Jornais\"},{\"@type\":\"BreadcrumbList\",\"@id\":\"https:\\\/\\\/ejornais.com.br\\\/index.php\\\/2025\\\/04\\\/04\\\/feira-da-musica-do-campao-chega-a-terceira-edicao-com-sucesso-de-publico-e-parcerias-de-trabalho\\\/#breadcrumblist\",\"itemListElement\":[{\"@type\":\"ListItem\",\"@id\":\"https:\\\/\\\/ejornais.com.br#listItem\",\"position\":1,\"name\":\"In\\u00edcio\",\"item\":\"https:\\\/\\\/ejornais.com.br\",\"nextItem\":{\"@type\":\"ListItem\",\"@id\":\"https:\\\/\\\/ejornais.com.br\\\/index.php\\\/category\\\/ejornais\\\/#listItem\",\"name\":\"Cat\\u00e1logo de Jornais\"}},{\"@type\":\"ListItem\",\"@id\":\"https:\\\/\\\/ejornais.com.br\\\/index.php\\\/category\\\/ejornais\\\/#listItem\",\"position\":2,\"name\":\"Cat\\u00e1logo de Jornais\",\"item\":\"https:\\\/\\\/ejornais.com.br\\\/index.php\\\/category\\\/ejornais\\\/\",\"nextItem\":{\"@type\":\"ListItem\",\"@id\":\"https:\\\/\\\/ejornais.com.br\\\/index.php\\\/2025\\\/04\\\/04\\\/feira-da-musica-do-campao-chega-a-terceira-edicao-com-sucesso-de-publico-e-parcerias-de-trabalho\\\/#listItem\",\"name\":\"Feira da M\\u00fasica do Camp\\u00e3o chega \\u00e0 terceira edi\\u00e7\\u00e3o com sucesso de p\\u00fablico e parcerias de trabalho\"},\"previousItem\":{\"@type\":\"ListItem\",\"@id\":\"https:\\\/\\\/ejornais.com.br#listItem\",\"name\":\"In\\u00edcio\"}},{\"@type\":\"ListItem\",\"@id\":\"https:\\\/\\\/ejornais.com.br\\\/index.php\\\/2025\\\/04\\\/04\\\/feira-da-musica-do-campao-chega-a-terceira-edicao-com-sucesso-de-publico-e-parcerias-de-trabalho\\\/#listItem\",\"position\":3,\"name\":\"Feira da M\\u00fasica do Camp\\u00e3o chega \\u00e0 terceira edi\\u00e7\\u00e3o com sucesso de p\\u00fablico e parcerias de trabalho\",\"previousItem\":{\"@type\":\"ListItem\",\"@id\":\"https:\\\/\\\/ejornais.com.br\\\/index.php\\\/category\\\/ejornais\\\/#listItem\",\"name\":\"Cat\\u00e1logo de Jornais\"}}]},{\"@type\":\"Organization\",\"@id\":\"https:\\\/\\\/ejornais.com.br\\\/#organization\",\"name\":\"eJornais\",\"description\":\"Cat\\u00e1logo de Jornais no mundo, Not\\u00edcias, Blog e Esportes ao vivo\",\"url\":\"https:\\\/\\\/ejornais.com.br\\\/\"},{\"@type\":\"Person\",\"@id\":\"https:\\\/\\\/ejornais.com.br\\\/index.php\\\/author\\\/admin1\\\/#author\",\"url\":\"https:\\\/\\\/ejornais.com.br\\\/index.php\\\/author\\\/admin1\\\/\",\"name\":\"admin1\",\"image\":{\"@type\":\"ImageObject\",\"@id\":\"https:\\\/\\\/ejornais.com.br\\\/index.php\\\/2025\\\/04\\\/04\\\/feira-da-musica-do-campao-chega-a-terceira-edicao-com-sucesso-de-publico-e-parcerias-de-trabalho\\\/#authorImage\",\"url\":\"https:\\\/\\\/secure.gravatar.com\\\/avatar\\\/04084e6d73c042b8646e7c17b494073bf0ede3ea13c7105cfc45cbbbc28385a4?s=96&d=mm&r=g\",\"width\":96,\"height\":96,\"caption\":\"admin1\"}},{\"@type\":\"WebPage\",\"@id\":\"https:\\\/\\\/ejornais.com.br\\\/index.php\\\/2025\\\/04\\\/04\\\/feira-da-musica-do-campao-chega-a-terceira-edicao-com-sucesso-de-publico-e-parcerias-de-trabalho\\\/#webpage\",\"url\":\"https:\\\/\\\/ejornais.com.br\\\/index.php\\\/2025\\\/04\\\/04\\\/feira-da-musica-do-campao-chega-a-terceira-edicao-com-sucesso-de-publico-e-parcerias-de-trabalho\\\/\",\"name\":\"Feira da M\\u00fasica do Camp\\u00e3o chega \\u00e0 terceira edi\\u00e7\\u00e3o com sucesso de p\\u00fablico e parcerias de trabalho - eJornais\",\"description\":\"Realizada de 28 a 30 de mar\\u00e7o, dentro da programa\\u00e7\\u00e3o do Camp\\u00e3o Cultural, a terceira edi\\u00e7\\u00e3o da Feira da M\\u00fasica foi sucesso de p\\u00fablico e movimentou a cena cultural da cidade. O evento, realizado no Centro Cultural Jos\\u00e9 Oct\\u00e1vio Guizzo e com shows em bares da capital, consolida-se como um importante hub de conex\\u00f5es, aprendizado\",\"inLanguage\":\"pt-BR\",\"isPartOf\":{\"@id\":\"https:\\\/\\\/ejornais.com.br\\\/#website\"},\"breadcrumb\":{\"@id\":\"https:\\\/\\\/ejornais.com.br\\\/index.php\\\/2025\\\/04\\\/04\\\/feira-da-musica-do-campao-chega-a-terceira-edicao-com-sucesso-de-publico-e-parcerias-de-trabalho\\\/#breadcrumblist\"},\"author\":{\"@id\":\"https:\\\/\\\/ejornais.com.br\\\/index.php\\\/author\\\/admin1\\\/#author\"},\"creator\":{\"@id\":\"https:\\\/\\\/ejornais.com.br\\\/index.php\\\/author\\\/admin1\\\/#author\"},\"datePublished\":\"2025-04-04T16:58:38-03:00\",\"dateModified\":\"2025-04-04T16:58:38-03:00\"},{\"@type\":\"WebSite\",\"@id\":\"https:\\\/\\\/ejornais.com.br\\\/#website\",\"url\":\"https:\\\/\\\/ejornais.com.br\\\/\",\"name\":\"eJornais\",\"description\":\"Cat\\u00e1logo de Jornais no mundo, Not\\u00edcias, Blog e Esportes ao vivo\",\"inLanguage\":\"pt-BR\",\"publisher\":{\"@id\":\"https:\\\/\\\/ejornais.com.br\\\/#organization\"}}]}\n\t\t<\/script>\n\t\t<!-- All in One SEO -->\n\n","aioseo_head_json":{"title":"Feira da M\u00fasica do Camp\u00e3o chega \u00e0 terceira edi\u00e7\u00e3o com sucesso de p\u00fablico e parcerias de trabalho - eJornais","description":"Realizada de 28 a 30 de mar\u00e7o, dentro da programa\u00e7\u00e3o do Camp\u00e3o Cultural, a terceira edi\u00e7\u00e3o da Feira da M\u00fasica foi sucesso de p\u00fablico e movimentou a cena cultural da cidade. O evento, realizado no Centro Cultural Jos\u00e9 Oct\u00e1vio Guizzo e com shows em bares da capital, consolida-se como um importante hub de conex\u00f5es, aprendizado","canonical_url":"https:\/\/ejornais.com.br\/index.php\/2025\/04\/04\/feira-da-musica-do-campao-chega-a-terceira-edicao-com-sucesso-de-publico-e-parcerias-de-trabalho\/","robots":"max-image-preview:large","keywords":"","webmasterTools":{"miscellaneous":""},"schema":{"@context":"https:\/\/schema.org","@graph":[{"@type":"BlogPosting","@id":"https:\/\/ejornais.com.br\/index.php\/2025\/04\/04\/feira-da-musica-do-campao-chega-a-terceira-edicao-com-sucesso-de-publico-e-parcerias-de-trabalho\/#blogposting","name":"Feira da M\u00fasica do Camp\u00e3o chega \u00e0 terceira edi\u00e7\u00e3o com sucesso de p\u00fablico e parcerias de trabalho - eJornais","headline":"Feira da M\u00fasica do Camp\u00e3o chega \u00e0 terceira edi\u00e7\u00e3o com sucesso de p\u00fablico e parcerias de trabalho","author":{"@id":"https:\/\/ejornais.com.br\/index.php\/author\/admin1\/#author"},"publisher":{"@id":"https:\/\/ejornais.com.br\/#organization"},"datePublished":"2025-04-04T16:58:38-03:00","dateModified":"2025-04-04T16:58:38-03:00","inLanguage":"pt-BR","mainEntityOfPage":{"@id":"https:\/\/ejornais.com.br\/index.php\/2025\/04\/04\/feira-da-musica-do-campao-chega-a-terceira-edicao-com-sucesso-de-publico-e-parcerias-de-trabalho\/#webpage"},"isPartOf":{"@id":"https:\/\/ejornais.com.br\/index.php\/2025\/04\/04\/feira-da-musica-do-campao-chega-a-terceira-edicao-com-sucesso-de-publico-e-parcerias-de-trabalho\/#webpage"},"articleSection":"Cat\u00e1logo de Jornais"},{"@type":"BreadcrumbList","@id":"https:\/\/ejornais.com.br\/index.php\/2025\/04\/04\/feira-da-musica-do-campao-chega-a-terceira-edicao-com-sucesso-de-publico-e-parcerias-de-trabalho\/#breadcrumblist","itemListElement":[{"@type":"ListItem","@id":"https:\/\/ejornais.com.br#listItem","position":1,"name":"In\u00edcio","item":"https:\/\/ejornais.com.br","nextItem":{"@type":"ListItem","@id":"https:\/\/ejornais.com.br\/index.php\/category\/ejornais\/#listItem","name":"Cat\u00e1logo de Jornais"}},{"@type":"ListItem","@id":"https:\/\/ejornais.com.br\/index.php\/category\/ejornais\/#listItem","position":2,"name":"Cat\u00e1logo de Jornais","item":"https:\/\/ejornais.com.br\/index.php\/category\/ejornais\/","nextItem":{"@type":"ListItem","@id":"https:\/\/ejornais.com.br\/index.php\/2025\/04\/04\/feira-da-musica-do-campao-chega-a-terceira-edicao-com-sucesso-de-publico-e-parcerias-de-trabalho\/#listItem","name":"Feira da M\u00fasica do Camp\u00e3o chega \u00e0 terceira edi\u00e7\u00e3o com sucesso de p\u00fablico e parcerias de trabalho"},"previousItem":{"@type":"ListItem","@id":"https:\/\/ejornais.com.br#listItem","name":"In\u00edcio"}},{"@type":"ListItem","@id":"https:\/\/ejornais.com.br\/index.php\/2025\/04\/04\/feira-da-musica-do-campao-chega-a-terceira-edicao-com-sucesso-de-publico-e-parcerias-de-trabalho\/#listItem","position":3,"name":"Feira da M\u00fasica do Camp\u00e3o chega \u00e0 terceira edi\u00e7\u00e3o com sucesso de p\u00fablico e parcerias de trabalho","previousItem":{"@type":"ListItem","@id":"https:\/\/ejornais.com.br\/index.php\/category\/ejornais\/#listItem","name":"Cat\u00e1logo de Jornais"}}]},{"@type":"Organization","@id":"https:\/\/ejornais.com.br\/#organization","name":"eJornais","description":"Cat\u00e1logo de Jornais no mundo, Not\u00edcias, Blog e Esportes ao vivo","url":"https:\/\/ejornais.com.br\/"},{"@type":"Person","@id":"https:\/\/ejornais.com.br\/index.php\/author\/admin1\/#author","url":"https:\/\/ejornais.com.br\/index.php\/author\/admin1\/","name":"admin1","image":{"@type":"ImageObject","@id":"https:\/\/ejornais.com.br\/index.php\/2025\/04\/04\/feira-da-musica-do-campao-chega-a-terceira-edicao-com-sucesso-de-publico-e-parcerias-de-trabalho\/#authorImage","url":"https:\/\/secure.gravatar.com\/avatar\/04084e6d73c042b8646e7c17b494073bf0ede3ea13c7105cfc45cbbbc28385a4?s=96&d=mm&r=g","width":96,"height":96,"caption":"admin1"}},{"@type":"WebPage","@id":"https:\/\/ejornais.com.br\/index.php\/2025\/04\/04\/feira-da-musica-do-campao-chega-a-terceira-edicao-com-sucesso-de-publico-e-parcerias-de-trabalho\/#webpage","url":"https:\/\/ejornais.com.br\/index.php\/2025\/04\/04\/feira-da-musica-do-campao-chega-a-terceira-edicao-com-sucesso-de-publico-e-parcerias-de-trabalho\/","name":"Feira da M\u00fasica do Camp\u00e3o chega \u00e0 terceira edi\u00e7\u00e3o com sucesso de p\u00fablico e parcerias de trabalho - eJornais","description":"Realizada de 28 a 30 de mar\u00e7o, dentro da programa\u00e7\u00e3o do Camp\u00e3o Cultural, a terceira edi\u00e7\u00e3o da Feira da M\u00fasica foi sucesso de p\u00fablico e movimentou a cena cultural da cidade. O evento, realizado no Centro Cultural Jos\u00e9 Oct\u00e1vio Guizzo e com shows em bares da capital, consolida-se como um importante hub de conex\u00f5es, aprendizado","inLanguage":"pt-BR","isPartOf":{"@id":"https:\/\/ejornais.com.br\/#website"},"breadcrumb":{"@id":"https:\/\/ejornais.com.br\/index.php\/2025\/04\/04\/feira-da-musica-do-campao-chega-a-terceira-edicao-com-sucesso-de-publico-e-parcerias-de-trabalho\/#breadcrumblist"},"author":{"@id":"https:\/\/ejornais.com.br\/index.php\/author\/admin1\/#author"},"creator":{"@id":"https:\/\/ejornais.com.br\/index.php\/author\/admin1\/#author"},"datePublished":"2025-04-04T16:58:38-03:00","dateModified":"2025-04-04T16:58:38-03:00"},{"@type":"WebSite","@id":"https:\/\/ejornais.com.br\/#website","url":"https:\/\/ejornais.com.br\/","name":"eJornais","description":"Cat\u00e1logo de Jornais no mundo, Not\u00edcias, Blog e Esportes ao vivo","inLanguage":"pt-BR","publisher":{"@id":"https:\/\/ejornais.com.br\/#organization"}}]},"og:locale":"pt_BR","og:site_name":"eJornais - Cat\u00e1logo de Jornais no mundo, Not\u00edcias, Blog e Esportes ao vivo","og:type":"article","og:title":"Feira da M\u00fasica do Camp\u00e3o chega \u00e0 terceira edi\u00e7\u00e3o com sucesso de p\u00fablico e parcerias de trabalho - eJornais","og:description":"Realizada de 28 a 30 de mar\u00e7o, dentro da programa\u00e7\u00e3o do Camp\u00e3o Cultural, a terceira edi\u00e7\u00e3o da Feira da M\u00fasica foi sucesso de p\u00fablico e movimentou a cena cultural da cidade. O evento, realizado no Centro Cultural Jos\u00e9 Oct\u00e1vio Guizzo e com shows em bares da capital, consolida-se como um importante hub de conex\u00f5es, aprendizado","og:url":"https:\/\/ejornais.com.br\/index.php\/2025\/04\/04\/feira-da-musica-do-campao-chega-a-terceira-edicao-com-sucesso-de-publico-e-parcerias-de-trabalho\/","article:published_time":"2025-04-04T19:58:38+00:00","article:modified_time":"2025-04-04T19:58:38+00:00","twitter:card":"summary_large_image","twitter:title":"Feira da M\u00fasica do Camp\u00e3o chega \u00e0 terceira edi\u00e7\u00e3o com sucesso de p\u00fablico e parcerias de trabalho - eJornais","twitter:description":"Realizada de 28 a 30 de mar\u00e7o, dentro da programa\u00e7\u00e3o do Camp\u00e3o Cultural, a terceira edi\u00e7\u00e3o da Feira da M\u00fasica foi sucesso de p\u00fablico e movimentou a cena cultural da cidade. O evento, realizado no Centro Cultural Jos\u00e9 Oct\u00e1vio Guizzo e com shows em bares da capital, consolida-se como um importante hub de conex\u00f5es, aprendizado"},"aioseo_meta_data":{"post_id":"42421","title":null,"description":null,"keywords":null,"keyphrases":null,"primary_term":null,"canonical_url":null,"og_title":null,"og_description":null,"og_object_type":"default","og_image_type":"default","og_image_url":null,"og_image_width":null,"og_image_height":null,"og_image_custom_url":null,"og_image_custom_fields":null,"og_video":null,"og_custom_url":null,"og_article_section":null,"og_article_tags":null,"twitter_use_og":false,"twitter_card":"default","twitter_image_type":"default","twitter_image_url":null,"twitter_image_custom_url":null,"twitter_image_custom_fields":null,"twitter_title":null,"twitter_description":null,"schema":{"blockGraphs":[],"customGraphs":[],"default":{"data":{"Article":[],"Course":[],"Dataset":[],"FAQPage":[],"Movie":[],"Person":[],"Product":[],"ProductReview":[],"Car":[],"Recipe":[],"Service":[],"SoftwareApplication":[],"WebPage":[]},"graphName":"","isEnabled":true},"graphs":[]},"schema_type":"default","schema_type_options":null,"pillar_content":false,"robots_default":true,"robots_noindex":false,"robots_noarchive":false,"robots_nosnippet":false,"robots_nofollow":false,"robots_noimageindex":false,"robots_noodp":false,"robots_notranslate":false,"robots_max_snippet":null,"robots_max_videopreview":null,"robots_max_imagepreview":"large","priority":null,"frequency":null,"local_seo":null,"breadcrumb_settings":null,"limit_modified_date":false,"ai":null,"created":"2025-04-04 19:59:45","updated":"2025-06-06 15:43:38","seo_analyzer_scan_date":null,"focus_keyword":null,"additional_keywords":null,"truseo_locale":null},"aioseo_breadcrumb":"<div class=\"aioseo-breadcrumbs\"><span class=\"aioseo-breadcrumb\">\n\t\t\t<a href=\"https:\/\/ejornais.com.br\" title=\"In\u00edcio\">In\u00edcio<\/a>\n\t\t<\/span><span class=\"aioseo-breadcrumb-separator\">&raquo;<\/span><span class=\"aioseo-breadcrumb\">\n\t\t\t<a href=\"https:\/\/ejornais.com.br\/index.php\/category\/ejornais\/\" title=\"Cat\u00e1logo de Jornais\">Cat\u00e1logo de Jornais<\/a>\n\t\t<\/span><span class=\"aioseo-breadcrumb-separator\">&raquo;<\/span><span class=\"aioseo-breadcrumb\">\n\t\t\tFeira da M\u00fasica do Camp\u00e3o chega \u00e0 terceira edi\u00e7\u00e3o com sucesso de p\u00fablico e parcerias de trabalho\n\t\t<\/span><\/div>","aioseo_breadcrumb_json":[{"label":"In\u00edcio","link":"https:\/\/ejornais.com.br"},{"label":"Cat\u00e1logo de Jornais","link":"https:\/\/ejornais.com.br\/index.php\/category\/ejornais\/"},{"label":"Feira da M\u00fasica do Camp\u00e3o chega \u00e0 terceira edi\u00e7\u00e3o com sucesso de p\u00fablico e parcerias de trabalho","link":"https:\/\/ejornais.com.br\/index.php\/2025\/04\/04\/feira-da-musica-do-campao-chega-a-terceira-edicao-com-sucesso-de-publico-e-parcerias-de-trabalho\/"}],"amp_enabled":true,"_links":{"self":[{"href":"https:\/\/ejornais.com.br\/index.php\/wp-json\/wp\/v2\/posts\/42421","targetHints":{"allow":["GET"]}}],"collection":[{"href":"https:\/\/ejornais.com.br\/index.php\/wp-json\/wp\/v2\/posts"}],"about":[{"href":"https:\/\/ejornais.com.br\/index.php\/wp-json\/wp\/v2\/types\/post"}],"author":[{"embeddable":true,"href":"https:\/\/ejornais.com.br\/index.php\/wp-json\/wp\/v2\/users\/2"}],"replies":[{"embeddable":true,"href":"https:\/\/ejornais.com.br\/index.php\/wp-json\/wp\/v2\/comments?post=42421"}],"version-history":[{"count":0,"href":"https:\/\/ejornais.com.br\/index.php\/wp-json\/wp\/v2\/posts\/42421\/revisions"}],"wp:attachment":[{"href":"https:\/\/ejornais.com.br\/index.php\/wp-json\/wp\/v2\/media?parent=42421"}],"wp:term":[{"taxonomy":"category","embeddable":true,"href":"https:\/\/ejornais.com.br\/index.php\/wp-json\/wp\/v2\/categories?post=42421"},{"taxonomy":"post_tag","embeddable":true,"href":"https:\/\/ejornais.com.br\/index.php\/wp-json\/wp\/v2\/tags?post=42421"}],"curies":[{"name":"wp","href":"https:\/\/api.w.org\/{rel}","templated":true}]}}