{"id":42468,"date":"2025-04-05T11:29:42","date_gmt":"2025-04-05T14:29:42","guid":{"rendered":"https:\/\/ejornais.com.br\/index.php\/2025\/04\/05\/concerto-da-orquestra-sinfonica-marca-i-semana-da-cultura-judaica-em-joao-pessoa\/"},"modified":"2025-04-05T11:29:42","modified_gmt":"2025-04-05T14:29:42","slug":"concerto-da-orquestra-sinfonica-marca-i-semana-da-cultura-judaica-em-joao-pessoa","status":"publish","type":"post","link":"https:\/\/ejornais.com.br\/index.php\/2025\/04\/05\/concerto-da-orquestra-sinfonica-marca-i-semana-da-cultura-judaica-em-joao-pessoa\/","title":{"rendered":"Concerto da Orquestra Sinf\u00f4nica marca I Semana da Cultura Judaica em Jo\u00e3o Pessoa"},"content":{"rendered":"<p><\/p>\n<div>\n<p>O p\u00fablico lotou o Centro Cultural S\u00e3o Francisco, na noite desta sexta-feira (4), para acompanhar o II Concerto Oficial da Temporada 2025 da Orquestra Sinf\u00f4nica Municipal de Jo\u00e3o Pessoa. O evento, que ocorreu dentro da I Semana da Cultura Judaica em Jo\u00e3o Pessoa, promovida pela Federa\u00e7\u00e3o Israelita da Para\u00edba, prestou uma homenagem a esse povo. Os m\u00fasicos foram regidos pelo maestro Nilson Galv\u00e3o e houve a participa\u00e7\u00e3o do Coro Sinf\u00f4nico regido por Daniel Berg.<\/p>\n<figure class=\"wp-block-gallery has-nested-images columns-default is-cropped wp-block-gallery-1 is-layout-flex wp-block-gallery-is-layout-flex\">\n<figure class=\"wp-block-image size-large\"><\/figure>\n<\/figure>\n<p>\u201cFoi uma noite realmente muito especial para nossa Orquestra Sinf\u00f4nica Municipal e todo o p\u00fablico que foi prestigiar o concerto deste m\u00eas. N\u00f3s temos realizado concertos uma vez por m\u00eas sempre ali no Museu de S\u00e3o Francisco e a cada noite n\u00f3s constatamos a import\u00e2ncia que os concertos t\u00eam para a cidade de Jo\u00e3o Pessoa. Nesta sexta-feira teve um car\u00e1ter simb\u00f3lico, todo especial e \u00fanico porque o concerto foi feito em homenagem \u00e0 Semana da Cultura Judaica realizada pela Federa\u00e7\u00e3o Israelita da Para\u00edba em parceria com a Funjope\u201d, declarou o diretor executivo da Funjope, Marcus Alves.<\/p>\n<figure class=\"wp-block-gallery has-nested-images columns-default is-cropped wp-block-gallery-2 is-layout-flex wp-block-gallery-is-layout-flex\">\n<figure class=\"wp-block-image size-large\"><\/figure>\n<figure class=\"wp-block-image size-large\"><\/figure>\n<\/figure>\n<p>Este concerto, segundo ele, teve essa marca que recupera a hist\u00f3ria, a tradi\u00e7\u00e3o e a presen\u00e7a do povo judeu na Para\u00edba. \u201cNossa equipe da Funjope encara como uma verdadeira miss\u00e3o o cuidado com todas as culturas, com a diversidade das culturas de Jo\u00e3o Pessoa. N\u00e3o poderia ser diferente porque fomos procurados pela Federa\u00e7\u00e3o Israelita para colaborarmos com a Semana Judaica que, na verdade, foi feita a partir de uma lei municipal sancionada em 2024\u201d, explicou.<\/p>\n<figure class=\"wp-block-gallery has-nested-images columns-default is-cropped wp-block-gallery-3 is-layout-flex wp-block-gallery-is-layout-flex\">\n<figure class=\"wp-block-image size-large\"><\/figure>\n<figure class=\"wp-block-image size-large\"><\/figure>\n<\/figure>\n<p>E continuou: \u201cFoi uma noite repleta de simbolismos, de alegria, celebra\u00e7\u00e3o da paz, do respeito \u00e0 diferen\u00e7a, \u00e0 toler\u00e2ncia que todos n\u00f3s devemos ter. O Coro Sinf\u00f4nico da Para\u00edba se apresentou tamb\u00e9m junto com a Orquestra, Alline Fernandes como solista, sob a reg\u00eancia de Daniel Berg, tudo muito integrado e bem feito. Parab\u00e9ns a todos os envolvidos, e agrade\u00e7o ao Padre Marcondes Meneses por receber sempre os nossos projetos de cultura, a exemplo dos nossos concertos\u201d, disse o diretor.<\/p>\n<figure class=\"wp-block-gallery has-nested-images columns-default is-cropped wp-block-gallery-4 is-layout-flex wp-block-gallery-is-layout-flex\">\n<figure class=\"wp-block-image size-large\"><\/figure>\n<figure class=\"wp-block-image size-large\"><\/figure>\n<\/figure>\n<p>O maestro Nilson Galv\u00e3o falou sobre o sentimento desta noite. \u201cEstou muito feliz, primeiro por estar contribuindo com a sociedade. A fun\u00e7\u00e3o de uma orquestra \u00e9 sempre essa, servir \u00e0 sociedade como primeira fun\u00e7\u00e3o. Neste caso, estamos servindo, em espec\u00edfico, \u00e0 comunidade judaica da Para\u00edba, mas poderia ser qualquer outro grupo espec\u00edfico porque quando tocamos \u00e9 para o p\u00fablico. \u00c9 uma homenagem muito bonita\u201d, disse.<\/p>\n<figure class=\"wp-block-gallery has-nested-images columns-default is-cropped wp-block-gallery-5 is-layout-flex wp-block-gallery-is-layout-flex\">\n<figure class=\"wp-block-image size-large\"><\/figure>\n<figure class=\"wp-block-image size-large\"><\/figure>\n<\/figure>\n<p>Ele lembrou ainda da lei sancionada pelo prefeito C\u00edcero Lucena, criando a I Semana da Cultura Judaica em Jo\u00e3o Pessoa. \u201cS\u00e3o trocas de cultura e a gente cresce muito quando trocamos essas diferentes culturas. Durante muitos anos, principalmente no Sert\u00e3o aqui da Para\u00edba, de Pernambuco, vieram muitos judeus fugindo da Europa. Ent\u00e3o, \u00e9 uma cultura que, de alguma forma, est\u00e1 arraigada dentro do nosso DNA como muitas outras, como a cultura ind\u00edgena, africana. Quando pensamos em Israel, logo pensamos em Oriente M\u00e9dio, mas temos ra\u00edzes, tanto que a primeira sinagoga das Am\u00e9ricas est\u00e1 em Recife\u201d, acrescentou.<\/p>\n<p><strong>P\u00fablico \u2013 <\/strong>O p\u00fablico tamb\u00e9m aplaudiu a apresenta\u00e7\u00e3o. \u201c\u00c9 um concerto muito bonito. O Centro Cultural S\u00e3o Francisco lotado, ou seja, \u00e9 um movimento de retomada do Centro. Eu fico muito feliz de ver que a arte est\u00e1 presente aqui tamb\u00e9m, num lugar hist\u00f3rico que \u00e9 t\u00e3o importante para a cidade de Jo\u00e3o Pessoa. Al\u00e9m disso, representa a valoriza\u00e7\u00e3o dos m\u00fasicos locais e \u00e9 muito bom perceber a valoriza\u00e7\u00e3o da arte aqui na cidade. \u00c9 muito representativo tudo isso que est\u00e1 acontecendo\u201d, comentou a estudante B\u00e1rbara Pessoa.<\/p>\n<p>\u201cAcho importante ver o Centro Hist\u00f3rico movimentado porque antes era deixado de lado. \u00c9 um processo importante que estamos vivendo em Jo\u00e3o Pessoa. Esta \u00e9 uma forma de deixar o nosso Centro Hist\u00f3rico vivo\u201d, pontuou o professor de M\u00fasica, Marcelo de Alexandria.<\/p>\n<p>A fisioterapeuta Ana Karolina Braz elogiou o concerto. \u201cVim prestigiar porque sou f\u00e3 de m\u00fasica cl\u00e1ssica, m\u00fasica boa e de qualidade. Estou bem satisfeita com esse momento cultural em Jo\u00e3o Pessoa. Vem crescendo bastante esse incentivo e temos muitas op\u00e7\u00f5es ricas culturalmente\u201d, afirmou.<\/p>\n<p>\u201cGosto muito desse tipo de programa\u00e7\u00e3o, desse apelo cultural, e enxergo Jo\u00e3o Pessoa riqu\u00edssima. Sempre \u00e9 bom uma motiva\u00e7\u00e3o maior para desenvolver trabalhos como esse. Muito bom\u201d, avaliou Ronie Braz.<\/p>\n<p>Na avalia\u00e7\u00e3o da estudante J\u00falia Silva, \u00e9 muito importante esse momento cultural em Jo\u00e3o Pessoa. \u201cSem contar que \u00e9 de gra\u00e7a, o que \u00e9 \u00f3timo para disponibilizar a cultura para todo mundo. Eu n\u00e3o perco de jeito nenhum\u201d, ressaltou.<\/p>\n<p>O estudante Jos\u00e9 Vicente tamb\u00e9m elogiou o concerto. \u201c\u00c9 uma coisa muito boa porque a cultura cl\u00e1ssica sempre foi uma coisa muito erudita. Era sempre dif\u00edcil ter acesso. Como aqui \u00e9 de gra\u00e7a, \u00e9 muito legal, qualquer um pode ter acesso ao que antes era acess\u00edvel apenas \u00e0 aristocracia. Isso \u00e9 muito bom\u201d.<\/p>\n<\/p><\/div>\n","protected":false},"excerpt":{"rendered":"<p>O p\u00fablico lotou o Centro Cultural S\u00e3o Francisco, na noite desta sexta-feira (4), para acompanhar o II Concerto Oficial da<\/p>\n","protected":false},"author":2,"featured_media":0,"comment_status":"","ping_status":"","sticky":false,"template":"","format":"standard","meta":{"colormag_page_container_layout":"default_layout","colormag_page_sidebar_layout":"default_layout","footnotes":""},"categories":[1],"tags":[],"class_list":["post-42468","post","type-post","status-publish","format-standard","hentry","category-ejornais"],"aioseo_notices":[],"amp_enabled":true,"_links":{"self":[{"href":"https:\/\/ejornais.com.br\/index.php\/wp-json\/wp\/v2\/posts\/42468","targetHints":{"allow":["GET"]}}],"collection":[{"href":"https:\/\/ejornais.com.br\/index.php\/wp-json\/wp\/v2\/posts"}],"about":[{"href":"https:\/\/ejornais.com.br\/index.php\/wp-json\/wp\/v2\/types\/post"}],"author":[{"embeddable":true,"href":"https:\/\/ejornais.com.br\/index.php\/wp-json\/wp\/v2\/users\/2"}],"replies":[{"embeddable":true,"href":"https:\/\/ejornais.com.br\/index.php\/wp-json\/wp\/v2\/comments?post=42468"}],"version-history":[{"count":0,"href":"https:\/\/ejornais.com.br\/index.php\/wp-json\/wp\/v2\/posts\/42468\/revisions"}],"wp:attachment":[{"href":"https:\/\/ejornais.com.br\/index.php\/wp-json\/wp\/v2\/media?parent=42468"}],"wp:term":[{"taxonomy":"category","embeddable":true,"href":"https:\/\/ejornais.com.br\/index.php\/wp-json\/wp\/v2\/categories?post=42468"},{"taxonomy":"post_tag","embeddable":true,"href":"https:\/\/ejornais.com.br\/index.php\/wp-json\/wp\/v2\/tags?post=42468"}],"curies":[{"name":"wp","href":"https:\/\/api.w.org\/{rel}","templated":true}]}}