{"id":42515,"date":"2025-04-06T07:45:58","date_gmt":"2025-04-06T10:45:58","guid":{"rendered":"https:\/\/ejornais.com.br\/index.php\/2025\/04\/06\/matteus-assume-romance-com-universitaria-de-medicina-apos-termino-com-isabelle-nogueira\/"},"modified":"2025-04-06T07:45:58","modified_gmt":"2025-04-06T10:45:58","slug":"matteus-assume-romance-com-universitaria-de-medicina-apos-termino-com-isabelle-nogueira","status":"publish","type":"post","link":"https:\/\/ejornais.com.br\/index.php\/2025\/04\/06\/matteus-assume-romance-com-universitaria-de-medicina-apos-termino-com-isabelle-nogueira\/","title":{"rendered":"Matteus assume romance com universit\u00e1ria de Medicina ap\u00f3s t\u00e9rmino com Isabelle Nogueira"},"content":{"rendered":"<p> Por MRNews<br \/>\n<\/p>\n<div wp_automatic_readability=\"130.14077079108\">\n<p><strong>Matteus Amaral assume novo romance com universit\u00e1ria de Medicina ap\u00f3s t\u00e9rmino com Isabelle Nogueira<\/strong><\/p>\n<p>Poucos dias ap\u00f3s anunciar o fim do relacionamento com Isabelle Nogueira, o ex-BBB24 Matteus Amaral surpreendeu os f\u00e3s ao revelar que est\u00e1 vivendo um novo amor. O influenciador ga\u00facho assumiu publicamente o namoro com Anna Julia, uma jovem estudante de Medicina, durante um evento de lan\u00e7amento de marca de roupas.<\/p>\n<h3>Romance confirmado<\/h3>\n<p>Durante o evento, Matteus apareceu ao lado de Anna Julia em clima descontra\u00eddo e de cumplicidade. Para acabar de vez com as especula\u00e7\u00f5es que j\u00e1 circulavam nas redes sociais, ele compartilhou uma foto dos dois juntos em seu perfil, acompanhado da legenda: <em>\u201cEssa \u00e9 minha namorada, Anna Julia\u201d<\/em>.<\/p>\n<p>O registro, que logo viralizou entre os seguidores do ex-BBB, mostra o casal sorridente, demonstrando muita sintonia e afei\u00e7\u00e3o. A confirma\u00e7\u00e3o do relacionamento ocorreu ap\u00f3s semanas de rumores sobre a aproxima\u00e7\u00e3o entre os dois.<\/p>\n<h3>Quem \u00e9 Anna Julia?<\/h3>\n<p>A nova namorada de Matteus, Anna Julia, \u00e9 estudante do curso de Medicina e j\u00e1 havia chamado aten\u00e7\u00e3o do p\u00fablico ao aparecer com o influenciador durante a comemora\u00e7\u00e3o de seu anivers\u00e1rio de 25 anos. Na ocasi\u00e3o, foram flagrados trocando carinhos e olhares que deixavam evidente o clima de romance no ar.<\/p>\n<p>Desde ent\u00e3o, os f\u00e3s mais atentos passaram a especular sobre um poss\u00edvel envolvimento entre os dois, o que agora foi oficialmente confirmado.<\/p>\n<h3>Repercuss\u00e3o nas redes<\/h3>\n<p>A revela\u00e7\u00e3o do novo relacionamento dividiu opini\u00f5es entre os f\u00e3s. Enquanto alguns comemoram a felicidade de Matteus e desejam sorte ao casal, outros ainda demonstram surpresa com a rapidez com que ele seguiu em frente ap\u00f3s o t\u00e9rmino com Isabelle.<\/p>\n<p>Apesar das opini\u00f5es diversas, Matteus parece estar vivendo uma nova fase mais leve e longe dos holofotes do reality. A escolha de anunciar o novo namoro em um evento, com naturalidade, tamb\u00e9m demonstra sua inten\u00e7\u00e3o de manter a vida amorosa de forma transparente com seus seguidores.<\/p>\n<p>\u00a0<\/p>\n<p><strong>Ana Maria Braga se casa com Fabio Arruda em cerim\u00f4nia \u00edntima e comemora com festa repleta de famosos<\/strong><\/p>\n<p>A apresentadora Ana Maria Braga surpreendeu o p\u00fablico ao oficializar sua uni\u00e3o com o jornalista Fabio Arruda na sexta-feira, 4 de abril de 2025. O casal trocou alian\u00e7as em uma cerim\u00f4nia \u00edntima, seguida por uma festa animada, marcada por emo\u00e7\u00e3o, m\u00fasica, alegria e a presen\u00e7a de diversos amigos famosos.<\/p>\n<p>O evento, que aconteceu de forma reservada, viralizou nas redes sociais logo ap\u00f3s os primeiros registros da celebra\u00e7\u00e3o serem divulgados. Entre os convidados ilustres estavam nomes como Eliana, Gil do Vigor, Sabrina Sato e Tati Machado, al\u00e9m de outros colegas da televis\u00e3o e amigos pr\u00f3ximos do casal. A energia da comemora\u00e7\u00e3o conquistou a internet, com v\u00eddeos e fotos repletos de sorrisos, dan\u00e7as e homenagens ao casal.<\/p>\n<p>Um dos momentos mais marcantes da noite foi quando Ana Maria, radiante, foi erguida em uma cadeira pelos amigos, em um gesto de celebra\u00e7\u00e3o e carinho. A cena, registrada pela esteticista Michelle Meleck, amiga pr\u00f3xima dos noivos, mostrou Ana Maria visivelmente emocionada e se divertindo ao lado de Gil do Vigor, que atualmente integra o quadro \u201cT\u00e1 Lascado\u201d no <em>Mais Voc\u00ea<\/em>.<\/p>\n<p>A apresentadora Eliana compartilhou em suas redes sociais um clique elegante ao lado do marido, Adriano Ricco, desejando felicidades ao casal e celebrando o amor. Ela usou um vestido longo azul-claro, esbanjando charme e sofistica\u00e7\u00e3o.<\/p>\n<p>Para o grande dia, Ana Maria escolheu um vestido exclusivo assinado pela renomada estilista Lethicia Bronstein. A pe\u00e7a, delicada e sofisticada, destacou ainda mais a eleg\u00e2ncia da apresentadora, que selou esse novo cap\u00edtulo de sua vida com muita emo\u00e7\u00e3o e estilo. Este \u00e9 o quinto casamento de Ana Maria, que \u00e9 m\u00e3e de Mariana e Pedro, frutos de relacionamentos anteriores.<\/p>\n<p>A cerim\u00f4nia e a festa refor\u00e7aram o esp\u00edrito leve e vibrante da apresentadora, que mesmo ap\u00f3s anos de carreira na televis\u00e3o brasileira, continua surpreendendo e encantando o p\u00fablico com sua autenticidade.<\/p>\n<p>A uni\u00e3o de Ana Maria Braga e Fabio Arruda foi mais do que um casamento \u2014 foi uma verdadeira celebra\u00e7\u00e3o do amor, da amizade e da vida, que ficar\u00e1 marcada na mem\u00f3ria de todos que acompanharam esse momento especial.<\/p>\n<p><!-- CONTENT END 2 --><\/p><\/div>\n","protected":false},"excerpt":{"rendered":"<p>Por MRNews Matteus Amaral assume novo romance com universit\u00e1ria de Medicina ap\u00f3s t\u00e9rmino com Isabelle Nogueira Poucos dias ap\u00f3s anunciar<\/p>\n","protected":false},"author":2,"featured_media":0,"comment_status":"","ping_status":"","sticky":false,"template":"","format":"standard","meta":{"colormag_page_container_layout":"default_layout","colormag_page_sidebar_layout":"default_layout","footnotes":""},"categories":[1],"tags":[],"class_list":["post-42515","post","type-post","status-publish","format-standard","hentry","category-ejornais"],"aioseo_notices":[],"amp_enabled":true,"_links":{"self":[{"href":"https:\/\/ejornais.com.br\/index.php\/wp-json\/wp\/v2\/posts\/42515","targetHints":{"allow":["GET"]}}],"collection":[{"href":"https:\/\/ejornais.com.br\/index.php\/wp-json\/wp\/v2\/posts"}],"about":[{"href":"https:\/\/ejornais.com.br\/index.php\/wp-json\/wp\/v2\/types\/post"}],"author":[{"embeddable":true,"href":"https:\/\/ejornais.com.br\/index.php\/wp-json\/wp\/v2\/users\/2"}],"replies":[{"embeddable":true,"href":"https:\/\/ejornais.com.br\/index.php\/wp-json\/wp\/v2\/comments?post=42515"}],"version-history":[{"count":0,"href":"https:\/\/ejornais.com.br\/index.php\/wp-json\/wp\/v2\/posts\/42515\/revisions"}],"wp:attachment":[{"href":"https:\/\/ejornais.com.br\/index.php\/wp-json\/wp\/v2\/media?parent=42515"}],"wp:term":[{"taxonomy":"category","embeddable":true,"href":"https:\/\/ejornais.com.br\/index.php\/wp-json\/wp\/v2\/categories?post=42515"},{"taxonomy":"post_tag","embeddable":true,"href":"https:\/\/ejornais.com.br\/index.php\/wp-json\/wp\/v2\/tags?post=42515"}],"curies":[{"name":"wp","href":"https:\/\/api.w.org\/{rel}","templated":true}]}}