{"id":42544,"date":"2025-04-06T20:23:39","date_gmt":"2025-04-06T23:23:39","guid":{"rendered":"https:\/\/ejornais.com.br\/index.php\/2025\/04\/06\/gcm-detem-homem-por-furto-de-fiacao-eletrica-em-praca-da-vila-nova-sorocaba-agencia-de-noticias\/"},"modified":"2025-04-06T20:23:39","modified_gmt":"2025-04-06T23:23:39","slug":"gcm-detem-homem-por-furto-de-fiacao-eletrica-em-praca-da-vila-nova-sorocaba-agencia-de-noticias","status":"publish","type":"post","link":"https:\/\/ejornais.com.br\/index.php\/2025\/04\/06\/gcm-detem-homem-por-furto-de-fiacao-eletrica-em-praca-da-vila-nova-sorocaba-agencia-de-noticias\/","title":{"rendered":"GCM det\u00e9m homem por furto de fia\u00e7\u00e3o el\u00e9trica em pra\u00e7a da Vila Nova Sorocaba \u2013 Ag\u00eancia de Not\u00edcias"},"content":{"rendered":"<p><\/p>\n<div wp_automatic_readability=\"54\">\n<p>A Guarda Civil Municipal (GCM) de Sorocaba deteve, \u00e0s 23h14, de s\u00e1bado (5), um homem acusado de furto de fia\u00e7\u00e3o el\u00e9trica do poste padr\u00e3o da Pra\u00e7a Jos\u00e9 Pereira Filho, localizada na Vila Nova Sorocaba, zona norte da cidade.<\/p>\n<p>Durante patrulhamento preventivo pelo bairro, a equipe passava pela pra\u00e7a quando avistou o indiv\u00edduo furtando os cabos de energia do poste padr\u00e3o que ilumina o local.<\/p>\n<p>Ao avistar a viatura, o homem saiu andando e jogou os fios cortados, mas foi abordado pela corpora\u00e7\u00e3o. Foi apreendido quatro metros de fia\u00e7\u00e3o, al\u00e9m de R$53 em dinheiro.<\/p>\n<p>O indiv\u00edduo foi conduzido ao Plant\u00e3o da Pol\u00edcia Civil, onde o delegado ratificou a voz de pris\u00e3o em flagrante, ficando a disposi\u00e7\u00e3o da justi\u00e7a.<\/p>\n<div class=\"pms-galeria\" itemscope=\"\" itemtype=\"http:\/\/schema.org\/ImageGallery\">\n<p>\t\t<span itemprop=\"caption description\" style=\"display: none;\"\/><\/p>\n<p>\t\t<span itemprop=\"caption description\" style=\"display: none;\"\/><\/p><\/div>\n<p><!-- Root element of PhotoSwipe. Must have class pswp. --><\/p><\/div>\n","protected":false},"excerpt":{"rendered":"<p>A Guarda Civil Municipal (GCM) de Sorocaba deteve, \u00e0s 23h14, de s\u00e1bado (5), um homem acusado de furto de fia\u00e7\u00e3o<\/p>\n","protected":false},"author":2,"featured_media":0,"comment_status":"","ping_status":"","sticky":false,"template":"","format":"standard","meta":{"colormag_page_container_layout":"default_layout","colormag_page_sidebar_layout":"default_layout","footnotes":""},"categories":[1],"tags":[],"class_list":["post-42544","post","type-post","status-publish","format-standard","hentry","category-ejornais"],"aioseo_notices":[],"amp_enabled":true,"_links":{"self":[{"href":"https:\/\/ejornais.com.br\/index.php\/wp-json\/wp\/v2\/posts\/42544","targetHints":{"allow":["GET"]}}],"collection":[{"href":"https:\/\/ejornais.com.br\/index.php\/wp-json\/wp\/v2\/posts"}],"about":[{"href":"https:\/\/ejornais.com.br\/index.php\/wp-json\/wp\/v2\/types\/post"}],"author":[{"embeddable":true,"href":"https:\/\/ejornais.com.br\/index.php\/wp-json\/wp\/v2\/users\/2"}],"replies":[{"embeddable":true,"href":"https:\/\/ejornais.com.br\/index.php\/wp-json\/wp\/v2\/comments?post=42544"}],"version-history":[{"count":0,"href":"https:\/\/ejornais.com.br\/index.php\/wp-json\/wp\/v2\/posts\/42544\/revisions"}],"wp:attachment":[{"href":"https:\/\/ejornais.com.br\/index.php\/wp-json\/wp\/v2\/media?parent=42544"}],"wp:term":[{"taxonomy":"category","embeddable":true,"href":"https:\/\/ejornais.com.br\/index.php\/wp-json\/wp\/v2\/categories?post=42544"},{"taxonomy":"post_tag","embeddable":true,"href":"https:\/\/ejornais.com.br\/index.php\/wp-json\/wp\/v2\/tags?post=42544"}],"curies":[{"name":"wp","href":"https:\/\/api.w.org\/{rel}","templated":true}]}}