{"id":42731,"date":"2025-04-09T16:18:34","date_gmt":"2025-04-09T19:18:34","guid":{"rendered":"https:\/\/ejornais.com.br\/index.php\/2025\/04\/09\/prefeitura-e-camara-municipal-realizam-sessao-especial-em-alusao-ao-mes-da-conscientizacao-do-autismo\/"},"modified":"2025-04-09T16:18:34","modified_gmt":"2025-04-09T19:18:34","slug":"prefeitura-e-camara-municipal-realizam-sessao-especial-em-alusao-ao-mes-da-conscientizacao-do-autismo","status":"publish","type":"post","link":"https:\/\/ejornais.com.br\/index.php\/2025\/04\/09\/prefeitura-e-camara-municipal-realizam-sessao-especial-em-alusao-ao-mes-da-conscientizacao-do-autismo\/","title":{"rendered":"Prefeitura e C\u00e2mara Municipal realizam sess\u00e3o especial em alus\u00e3o ao m\u00eas da conscientiza\u00e7\u00e3o do autismo"},"content":{"rendered":"<p><\/p>\n<div>\n<p>O autismo ser\u00e1 tema de uma sess\u00e3o no Plen\u00e1rio da C\u00e2mara Municipal de Jo\u00e3o Pessoa (CMJP), nesta quinta-feira (10), a partir das 14h. A \u2018Sess\u00e3o Especial em prol dos Autistas\u2019 acontece dentro da programa\u00e7\u00e3o do \u2018Abril Azul\u2019, m\u00eas de conscientiza\u00e7\u00e3o sobre o autismo, e conta com a parceria da Prefeitura de Jo\u00e3o Pessoa \u2013 por meio da Funda\u00e7\u00e3o Cultural de Jo\u00e3o Pessoa (Funjope) -, Associa\u00e7\u00e3o Paraibana de Autismo (APA), AC Social e Turma T\u00e1 Blz.<\/p>\n<figure class=\"wp-block-gallery has-nested-images columns-default is-cropped wp-block-gallery-1 is-layout-flex wp-block-gallery-is-layout-flex\">\n<figure class=\"wp-block-image\"><\/figure>\n<figure class=\"wp-block-image\"><\/figure>\n<figure class=\"wp-block-image\"><\/figure>\n<\/figure>\n<p>O diretor executivo da Funjope, Marcus Alves, afirma que a sess\u00e3o especial, proposta pelos vereadores Dinho Dowsley e Carl\u00e3o Pelo Bem, \u00e9 muito importante porque marca, no campo da pol\u00edtica, essa agenda que a gest\u00e3o conseguiu instaurar na cidade de Jo\u00e3o Pessoa em defesa de uma pol\u00edtica de inclus\u00e3o social e de prote\u00e7\u00e3o das pessoas autistas. O prefeito C\u00edcero Lucena, inclusive, \u00e9 o \u00fanico gestor brasileiro a ganhar o pr\u00eamio Orgulho Autista Brasil em fun\u00e7\u00e3o do trabalho que a Funjope desenvolve com o projeto Somos Capazes \u2013 Tardezinha Inclusiva.<\/p>\n<p>\u201cNesta quinta-feira, n\u00f3s vamos planificar e dar visibilidade a essa pol\u00edtica de inclus\u00e3o da pessoa autista, sobretudo, a partir da arte e da cultura, que s\u00e3o objetos de trabalho da Funjope. E n\u00f3s ficamos muito contentes porque Jo\u00e3o Pessoa vai se transformando em uma cidade verdadeiramente inclusiva. O prefeito C\u00edcero Lucena est\u00e1 de parab\u00e9ns por todo esse movimento que conseguimos fazer nos \u00faltimos tr\u00eas anos\u201d, afirma o diretor.<\/p>\n<figure class=\"wp-block-gallery has-nested-images columns-default is-cropped wp-block-gallery-2 is-layout-flex wp-block-gallery-is-layout-flex\">\n<figure class=\"wp-block-image\"><\/figure>\n<figure class=\"wp-block-image\"><\/figure>\n<figure class=\"wp-block-image\"><\/figure>\n<figure class=\"wp-block-image\"><\/figure>\n<\/figure>\n<p>Para o presidente da CMJP, Dinho Dowsley, discutir a quest\u00e3o do autismo \u00e9 algo importante e necess\u00e1rio. \u201cA discuss\u00e3o nos permite criar e tamb\u00e9m respeitar uma rotina estruturada e previs\u00edvel, essencial para os autistas. Toda essa sistem\u00e1tica viabiliza uma conviv\u00eancia mais harmoniosa com pessoas com Transtorno do Espectro Autista (TEA). Vejo a Funjope como uma grande parceira em toda essa discuss\u00e3o. A Funda\u00e7\u00e3o vem realizando, com muita frequ\u00eancia, iniciativas de inclus\u00e3o de autistas em diversas atividades. Nada melhor do que se sentir inserido dentro da nossa sociedade\u201d, comenta.<\/p>\n<p>Dinho lembra que a C\u00e2mara tem discutido e legislado bastante em prol dos autistas, destacando que existem diversas normas sancionadas no munic\u00edpio que protegem os Direitos da Pessoa com TEA. \u201cInclusive sou autor da Lei 12.321, de 9 de fevereiro de 2012, que tem como objetivo instituir uma semana dedicada ao autismo na Capital. A iniciativa do nosso mandato \u00e9 garantir uma defini\u00e7\u00e3o de diretrizes para uma pol\u00edtica de aten\u00e7\u00e3o integral, voltada para o diagn\u00f3stico precoce e para o tratamento dos sintomas do autismo\u201d, diz.<\/p>\n<p>O vereador Carl\u00e3o Pelo Bem fez uma an\u00e1lise da discuss\u00e3o cada vez mais intensa sobre o autismo em Jo\u00e3o Pessoa. \u201cVejo com muito entusiasmo e senso de responsabilidade o crescimento dessa discuss\u00e3o. Falar sobre o autismo \u00e9 dar visibilidade a milhares de fam\u00edlias que, por muito tempo, estiveram \u00e0 margem das pol\u00edticas p\u00fablicas. A conscientiza\u00e7\u00e3o \u00e9 o primeiro passo para combater o preconceito e garantir os direitos das pessoas com TEA. Quanto mais falamos sobre o tema, mais avan\u00e7amos na constru\u00e7\u00e3o de uma sociedade inclusiva, emp\u00e1tica e preparada para acolher a diversidade\u201d, observa.<\/p>\n<p>O parlamentar destacou o papel da Funjope, que tem realizado uma s\u00e9rie de a\u00e7\u00f5es nesse cen\u00e1rio. \u201cA Funjope tem uma miss\u00e3o nobre de promover cultura, arte e inclus\u00e3o. Quando a Funda\u00e7\u00e3o se envolve em pautas como o autismo, ela amplia os espa\u00e7os de pertencimento, onde crian\u00e7as, jovens e adultos no espectro podem se expressar, se desenvolver e serem reconhecidos\u201d, disse. Para ele, a cultura \u00e9 uma ferramenta poderosa de transforma\u00e7\u00e3o, e o fato de a Funjope incluir o autismo nas suas a\u00e7\u00f5es \u00e9 uma demonstra\u00e7\u00e3o de sensibilidade e compromisso com a cidadania plena.<\/p>\n<p>Carl\u00e3o do Bem lembra tamb\u00e9m que a C\u00e2mara Municipal de Jo\u00e3o Pessoa tem debatido o tema com cada vez mais frequ\u00eancia, aprovando leis, realizando audi\u00eancias e propondo a\u00e7\u00f5es que atendam \u00e0s necessidades da popula\u00e7\u00e3o autista e de suas fam\u00edlias. Ele enfatiza que a CMJP tem parlamentares engajados com a causa e uma sociedade civil participativa, o que tem ajudado a ampliar o alcance dessas iniciativas. \u201cA C\u00e2mara \u00e9, sem d\u00favida, um espa\u00e7o fundamental para a constru\u00e7\u00e3o de pol\u00edticas p\u00fablicas voltadas \u00e0 inclus\u00e3o\u201d.<\/p>\n<p>O vereador afirmou que tem dedicado seu mandato ao fortalecimento de iniciativas que realmente fa\u00e7am a diferen\u00e7a na vida das pessoas com autismo e de suas fam\u00edlias. Um exemplo disso \u00e9 seu apoio constante ao Instituto Luta Pelo Bem, uma entidade s\u00e9ria e comprometida com essa causa. Atrav\u00e9s da parceria com o instituto, ele tem conseguido garantir a implementa\u00e7\u00e3o de turmas exclusivas para alunos autistas, com atendimento especializado e mais acolhedor.<\/p>\n<p>Al\u00e9m disso, Carl\u00e3o destinou emendas parlamentares importantes para ampliar essas a\u00e7\u00f5es. Em 2025, alocou R$ 130 mil via Secretaria Municipal de Sa\u00fade, com parte significativa dos recursos voltada \u00e0s pol\u00edticas para autistas. Tamb\u00e9m destinou R$ 373.257,87 por meio da Secretaria da Juventude, Esporte e Recrea\u00e7\u00e3o (Sejer), incluindo uma rubrica espec\u00edfica para o atendimento de pais e m\u00e3es de crian\u00e7as autistas dentro das atividades do instituto. \u201cFa\u00e7o isso porque acredito que o poder p\u00fablico deve ser parceiro ativo de quem j\u00e1 trabalha com seriedade pela inclus\u00e3o\u201d, acrescenta.<\/p>\n<p><strong>C\u00e2mara \u2013 <\/strong>A CMJP tem se dedicado aos cuidados com o autista ao longo dos anos. A Lei n\u00ba 12.514, de 21 de fevereiro de 2013, por exemplo, do vereador Zezinho do Botafogo, reconhece os autistas como pessoas com defici\u00eancia para fins de frui\u00e7\u00e3o dos direitos assegurados pela lei org\u00e2nica do munic\u00edpio.<\/p>\n<p>De autoria do vereador Bruno Farias, a Lei n\u00ba 1.989, de 20 de dezembro de 2022, torna obrigat\u00f3ria a inser\u00e7\u00e3o do s\u00edmbolo mundial do autismo na entrada dos banheiros fam\u00edlia, instalados em shopping centers, para uso de pessoas com transtorno do espectro autista independentemente da idade.<\/p>\n<p>A lei n\u00ba15.441, de 30 de janeiro de 2025, de autoria do vereador Zezinho do Botafogo, institui a campanha de conscientiza\u00e7\u00e3o sobre o autismo tardio. O objetivo \u00e9 promover a informa\u00e7\u00e3o, a sensibiliza\u00e7\u00e3o e o diagn\u00f3stico precoce do autismo em adultos, visando garantir o acesso a interven\u00e7\u00f5es e suporte adequados.<\/p>\n<\/p><\/div>\n","protected":false},"excerpt":{"rendered":"<p>O autismo ser\u00e1 tema de uma sess\u00e3o no Plen\u00e1rio da C\u00e2mara Municipal de Jo\u00e3o Pessoa (CMJP), nesta quinta-feira (10), a<\/p>\n","protected":false},"author":2,"featured_media":0,"comment_status":"","ping_status":"","sticky":false,"template":"","format":"standard","meta":{"colormag_page_container_layout":"default_layout","colormag_page_sidebar_layout":"default_layout","footnotes":""},"categories":[1],"tags":[],"class_list":["post-42731","post","type-post","status-publish","format-standard","hentry","category-ejornais"],"aioseo_notices":[],"amp_enabled":true,"_links":{"self":[{"href":"https:\/\/ejornais.com.br\/index.php\/wp-json\/wp\/v2\/posts\/42731","targetHints":{"allow":["GET"]}}],"collection":[{"href":"https:\/\/ejornais.com.br\/index.php\/wp-json\/wp\/v2\/posts"}],"about":[{"href":"https:\/\/ejornais.com.br\/index.php\/wp-json\/wp\/v2\/types\/post"}],"author":[{"embeddable":true,"href":"https:\/\/ejornais.com.br\/index.php\/wp-json\/wp\/v2\/users\/2"}],"replies":[{"embeddable":true,"href":"https:\/\/ejornais.com.br\/index.php\/wp-json\/wp\/v2\/comments?post=42731"}],"version-history":[{"count":0,"href":"https:\/\/ejornais.com.br\/index.php\/wp-json\/wp\/v2\/posts\/42731\/revisions"}],"wp:attachment":[{"href":"https:\/\/ejornais.com.br\/index.php\/wp-json\/wp\/v2\/media?parent=42731"}],"wp:term":[{"taxonomy":"category","embeddable":true,"href":"https:\/\/ejornais.com.br\/index.php\/wp-json\/wp\/v2\/categories?post=42731"},{"taxonomy":"post_tag","embeddable":true,"href":"https:\/\/ejornais.com.br\/index.php\/wp-json\/wp\/v2\/tags?post=42731"}],"curies":[{"name":"wp","href":"https:\/\/api.w.org\/{rel}","templated":true}]}}