{"id":43042,"date":"2025-04-14T18:08:45","date_gmt":"2025-04-14T21:08:45","guid":{"rendered":"https:\/\/ejornais.com.br\/index.php\/2025\/04\/14\/sorocaba-tera-apresentacao-gratuita-do-espetaculo-paixao-de-cristo-no-parque-dos-espanhois-agencia-de-noticias\/"},"modified":"2025-04-14T18:08:45","modified_gmt":"2025-04-14T21:08:45","slug":"sorocaba-tera-apresentacao-gratuita-do-espetaculo-paixao-de-cristo-no-parque-dos-espanhois-agencia-de-noticias","status":"publish","type":"post","link":"https:\/\/ejornais.com.br\/index.php\/2025\/04\/14\/sorocaba-tera-apresentacao-gratuita-do-espetaculo-paixao-de-cristo-no-parque-dos-espanhois-agencia-de-noticias\/","title":{"rendered":"Sorocaba ter\u00e1 apresenta\u00e7\u00e3o gratuita do espet\u00e1culo Paix\u00e3o de Cristo no Parque dos Espanh\u00f3is \u2013 Ag\u00eancia de Not\u00edcias"},"content":{"rendered":"<p><\/p>\n<div>\n<div class=\"col\">\n<p class=\"mt-0\">\n                        <strong><br \/>\n                            <span class=\"far fa-calendar mr-1 mt-2\"\/><br \/>\n                            14 de abril de 2025<br \/>\n                            <span class=\"far fa-clock ml-3 mt-2\"\/><br \/>\n                            17:33<br \/>\n                        <\/strong>\n                    <\/p>\n<p class=\"mb-0\">Por: <strong>Evelyn Azevedo<\/strong><\/p>\n<\/p><\/div>\n<\/p><\/div>\n<div>\n<p><em>Foto: Eduardo Santinon\/ Secom<\/em><\/p>\n<p>A popula\u00e7\u00e3o sorocabana poder\u00e1 conferir, gratuitamente, nesta sexta-feira (18), \u00e0s 19h30, a encena\u00e7\u00e3o, ao ar livre, do tradicional espet\u00e1culo \u201cA dor de uma M\u00e3e: Paix\u00e3o de Cristo pelos olhos de Maria\u201d, com dire\u00e7\u00e3o de Alexandro Giovanni, presidente da Casa de Espa\u00f1a Sorocaba \u201cDom Felipe II\u201d, e dire\u00e7\u00e3o art\u00edstica de Mario P\u00e9rsico, no Parque dos Espanh\u00f3is, na Vila Assis.<\/p>\n<p>Realizado pela Casa de Espa\u00f1a Sorocaba, com apoio da Prefeitura de Sorocaba, por meio da Secretaria de Cultura (Secult) e da Par\u00f3quia S\u00e3o Francisco de Assis, da Vila Assis, o espet\u00e1culo revive epis\u00f3dios marcantes da vida de Jesus Cristo, sua morte e ressurrei\u00e7\u00e3o, em uma encena\u00e7\u00e3o \u00fanica e emocionante, que faz parte do calend\u00e1rio de eventos oficiais da cidade, por meio da Lei Municipal n\u00ba 8.222, de 16 de julho de 2007.<\/p>\n<p>Com tr\u00eas horas de dura\u00e7\u00e3o, \u201cA dor de uma M\u00e3e: Paix\u00e3o de Cristo pelos olhos de Maria\u201d apresenta momentos emblem\u00e1ticos da vida de Jesus, com a apresenta\u00e7\u00e3o de 12 cenas: Anuncia\u00e7\u00e3o do anjo \u00e0 Maria; Nascimento de Jesus; Batismo; Milagres; Serm\u00e3o da Montanha; Entrada triunfal de Jesus em Jerusal\u00e9m; Santa Ceia; Lava-p\u00e9s; Trai\u00e7\u00e3o de Judas; Horto das Oliveiras (Pris\u00e3o de Jesus); Julgamento e Condena\u00e7\u00e3o.<\/p>\n<p>Na sequ\u00eancia, ocorre a Via Crucis, com a peregrina\u00e7\u00e3o pelas ruas do bairro, mostrando outros momentos importantes de sua trajet\u00f3ria de vida, que v\u00e3o desde o instante em que Jesus recebe a cruz para carregar em dire\u00e7\u00e3o ao Calv\u00e1rio at\u00e9 o seu sepultamento e ressurrei\u00e7\u00e3o. Ao todo, cerca de 120 pessoas participar\u00e3o de toda produ\u00e7\u00e3o do espet\u00e1culo.<\/p>\n<p>A Via Crucis percorrer\u00e1 o roteiro: Rua Jo\u00e3o Francisco Neves, Rua Marqu\u00eas de Itu, Rua Campos Salles, Rua Venezuela, Rua Jos\u00e9 Maria Moreira, Rua Mantiqueira, Rua Montevid\u00e9o e Rua Guianas, encerrando no Morro do Garrido, no bairro Parada do Alto.<\/p>\n<p>A classifica\u00e7\u00e3o et\u00e1ria \u00e9 livre e a organiza\u00e7\u00e3o do evento pede a doa\u00e7\u00e3o de um quilo de alimento n\u00e3o perec\u00edvel, que ser\u00e1 destinado \u00e0 campanha em prol das fam\u00edlias assistidas pela Promo\u00e7\u00e3o Humana, da Par\u00f3quia S\u00e3o Francisco de Assis.<\/p>\n<p>O Parque dos Espanh\u00f3is est\u00e1 situado na Rua Campos Salles, na Vila Assis. Mais informa\u00e7\u00f5es sobre as apresenta\u00e7\u00f5es poder\u00e3o ser obtidas pelo telefone: (15) 988113727 ou pelo e-mail: contato@casadeespanasorocaba.org.br.<\/p>\n<\/p><\/div>\n","protected":false},"excerpt":{"rendered":"<p>14 de abril de 2025 17:33 Por: Evelyn Azevedo Foto: Eduardo Santinon\/ Secom A popula\u00e7\u00e3o sorocabana poder\u00e1 conferir, gratuitamente, nesta<\/p>\n","protected":false},"author":2,"featured_media":0,"comment_status":"","ping_status":"","sticky":false,"template":"","format":"standard","meta":{"colormag_page_container_layout":"default_layout","colormag_page_sidebar_layout":"default_layout","footnotes":""},"categories":[1],"tags":[],"class_list":["post-43042","post","type-post","status-publish","format-standard","hentry","category-ejornais"],"aioseo_notices":[],"aioseo_head":"\n\t\t<!-- All in One SEO 5.0.1.1 - aioseo.com -->\n\t<meta name=\"description\" content=\"14 de abril de 2025 17:33 Por: Evelyn Azevedo Foto: Eduardo Santinon\/ Secom A popula\u00e7\u00e3o sorocabana poder\u00e1 conferir, gratuitamente, nesta sexta-feira (18), \u00e0s 19h30, a encena\u00e7\u00e3o, ao ar livre, do tradicional espet\u00e1culo \u201cA dor de uma M\u00e3e: Paix\u00e3o de Cristo pelos olhos de Maria\u201d, com dire\u00e7\u00e3o de Alexandro Giovanni, presidente da Casa de Espa\u00f1a Sorocaba\" \/>\n\t<meta name=\"robots\" content=\"max-image-preview:large\" \/>\n\t<meta name=\"author\" content=\"admin1\"\/>\n\t<link rel=\"canonical\" href=\"https:\/\/ejornais.com.br\/index.php\/2025\/04\/14\/sorocaba-tera-apresentacao-gratuita-do-espetaculo-paixao-de-cristo-no-parque-dos-espanhois-agencia-de-noticias\/\" \/>\n\t<meta name=\"generator\" content=\"All in One SEO (AIOSEO) 5.0.1.1\" \/>\n\t\t<meta property=\"og:locale\" content=\"pt_BR\" \/>\n\t\t<meta property=\"og:site_name\" content=\"eJornais - Cat\u00e1logo de Jornais no mundo, Not\u00edcias, Blog e Esportes ao vivo\" \/>\n\t\t<meta property=\"og:type\" content=\"article\" \/>\n\t\t<meta property=\"og:title\" content=\"Sorocaba ter\u00e1 apresenta\u00e7\u00e3o gratuita do espet\u00e1culo Paix\u00e3o de Cristo no Parque dos Espanh\u00f3is \u2013 Ag\u00eancia de Not\u00edcias - eJornais\" \/>\n\t\t<meta property=\"og:description\" content=\"14 de abril de 2025 17:33 Por: Evelyn Azevedo Foto: Eduardo Santinon\/ Secom A popula\u00e7\u00e3o sorocabana poder\u00e1 conferir, gratuitamente, nesta sexta-feira (18), \u00e0s 19h30, a encena\u00e7\u00e3o, ao ar livre, do tradicional espet\u00e1culo \u201cA dor de uma M\u00e3e: Paix\u00e3o de Cristo pelos olhos de Maria\u201d, com dire\u00e7\u00e3o de Alexandro Giovanni, presidente da Casa de Espa\u00f1a Sorocaba\" \/>\n\t\t<meta property=\"og:url\" content=\"https:\/\/ejornais.com.br\/index.php\/2025\/04\/14\/sorocaba-tera-apresentacao-gratuita-do-espetaculo-paixao-de-cristo-no-parque-dos-espanhois-agencia-de-noticias\/\" \/>\n\t\t<meta property=\"article:published_time\" content=\"2025-04-14T21:08:45+00:00\" \/>\n\t\t<meta property=\"article:modified_time\" content=\"2025-04-14T21:08:45+00:00\" \/>\n\t\t<meta name=\"twitter:card\" content=\"summary_large_image\" \/>\n\t\t<meta name=\"twitter:title\" content=\"Sorocaba ter\u00e1 apresenta\u00e7\u00e3o gratuita do espet\u00e1culo Paix\u00e3o de Cristo no Parque dos Espanh\u00f3is \u2013 Ag\u00eancia de Not\u00edcias - eJornais\" \/>\n\t\t<meta name=\"twitter:description\" content=\"14 de abril de 2025 17:33 Por: Evelyn Azevedo Foto: Eduardo Santinon\/ Secom A popula\u00e7\u00e3o sorocabana poder\u00e1 conferir, gratuitamente, nesta sexta-feira (18), \u00e0s 19h30, a encena\u00e7\u00e3o, ao ar livre, do tradicional espet\u00e1culo \u201cA dor de uma M\u00e3e: Paix\u00e3o de Cristo pelos olhos de Maria\u201d, com dire\u00e7\u00e3o de Alexandro Giovanni, presidente da Casa de Espa\u00f1a Sorocaba\" \/>\n\t\t<script type=\"application\/ld+json\" class=\"aioseo-schema\">\n\t\t\t{\"@context\":\"https:\\\/\\\/schema.org\",\"@graph\":[{\"@type\":\"BlogPosting\",\"@id\":\"https:\\\/\\\/ejornais.com.br\\\/index.php\\\/2025\\\/04\\\/14\\\/sorocaba-tera-apresentacao-gratuita-do-espetaculo-paixao-de-cristo-no-parque-dos-espanhois-agencia-de-noticias\\\/#blogposting\",\"name\":\"Sorocaba ter\\u00e1 apresenta\\u00e7\\u00e3o gratuita do espet\\u00e1culo Paix\\u00e3o de Cristo no Parque dos Espanh\\u00f3is \\u2013 Ag\\u00eancia de Not\\u00edcias - eJornais\",\"headline\":\"Sorocaba ter\\u00e1 apresenta\\u00e7\\u00e3o gratuita do espet\\u00e1culo Paix\\u00e3o de Cristo no Parque dos Espanh\\u00f3is \\u2013 Ag\\u00eancia de Not\\u00edcias\",\"author\":{\"@id\":\"https:\\\/\\\/ejornais.com.br\\\/index.php\\\/author\\\/admin1\\\/#author\"},\"publisher\":{\"@id\":\"https:\\\/\\\/ejornais.com.br\\\/#organization\"},\"datePublished\":\"2025-04-14T18:08:45-03:00\",\"dateModified\":\"2025-04-14T18:08:45-03:00\",\"inLanguage\":\"pt-BR\",\"mainEntityOfPage\":{\"@id\":\"https:\\\/\\\/ejornais.com.br\\\/index.php\\\/2025\\\/04\\\/14\\\/sorocaba-tera-apresentacao-gratuita-do-espetaculo-paixao-de-cristo-no-parque-dos-espanhois-agencia-de-noticias\\\/#webpage\"},\"isPartOf\":{\"@id\":\"https:\\\/\\\/ejornais.com.br\\\/index.php\\\/2025\\\/04\\\/14\\\/sorocaba-tera-apresentacao-gratuita-do-espetaculo-paixao-de-cristo-no-parque-dos-espanhois-agencia-de-noticias\\\/#webpage\"},\"articleSection\":\"Cat\\u00e1logo de Jornais\"},{\"@type\":\"BreadcrumbList\",\"@id\":\"https:\\\/\\\/ejornais.com.br\\\/index.php\\\/2025\\\/04\\\/14\\\/sorocaba-tera-apresentacao-gratuita-do-espetaculo-paixao-de-cristo-no-parque-dos-espanhois-agencia-de-noticias\\\/#breadcrumblist\",\"itemListElement\":[{\"@type\":\"ListItem\",\"@id\":\"https:\\\/\\\/ejornais.com.br#listItem\",\"position\":1,\"name\":\"In\\u00edcio\",\"item\":\"https:\\\/\\\/ejornais.com.br\",\"nextItem\":{\"@type\":\"ListItem\",\"@id\":\"https:\\\/\\\/ejornais.com.br\\\/index.php\\\/category\\\/ejornais\\\/#listItem\",\"name\":\"Cat\\u00e1logo de Jornais\"}},{\"@type\":\"ListItem\",\"@id\":\"https:\\\/\\\/ejornais.com.br\\\/index.php\\\/category\\\/ejornais\\\/#listItem\",\"position\":2,\"name\":\"Cat\\u00e1logo de Jornais\",\"item\":\"https:\\\/\\\/ejornais.com.br\\\/index.php\\\/category\\\/ejornais\\\/\",\"nextItem\":{\"@type\":\"ListItem\",\"@id\":\"https:\\\/\\\/ejornais.com.br\\\/index.php\\\/2025\\\/04\\\/14\\\/sorocaba-tera-apresentacao-gratuita-do-espetaculo-paixao-de-cristo-no-parque-dos-espanhois-agencia-de-noticias\\\/#listItem\",\"name\":\"Sorocaba ter\\u00e1 apresenta\\u00e7\\u00e3o gratuita do espet\\u00e1culo Paix\\u00e3o de Cristo no Parque dos Espanh\\u00f3is \\u2013 Ag\\u00eancia de Not\\u00edcias\"},\"previousItem\":{\"@type\":\"ListItem\",\"@id\":\"https:\\\/\\\/ejornais.com.br#listItem\",\"name\":\"In\\u00edcio\"}},{\"@type\":\"ListItem\",\"@id\":\"https:\\\/\\\/ejornais.com.br\\\/index.php\\\/2025\\\/04\\\/14\\\/sorocaba-tera-apresentacao-gratuita-do-espetaculo-paixao-de-cristo-no-parque-dos-espanhois-agencia-de-noticias\\\/#listItem\",\"position\":3,\"name\":\"Sorocaba ter\\u00e1 apresenta\\u00e7\\u00e3o gratuita do espet\\u00e1culo Paix\\u00e3o de Cristo no Parque dos Espanh\\u00f3is \\u2013 Ag\\u00eancia de Not\\u00edcias\",\"previousItem\":{\"@type\":\"ListItem\",\"@id\":\"https:\\\/\\\/ejornais.com.br\\\/index.php\\\/category\\\/ejornais\\\/#listItem\",\"name\":\"Cat\\u00e1logo de Jornais\"}}]},{\"@type\":\"Organization\",\"@id\":\"https:\\\/\\\/ejornais.com.br\\\/#organization\",\"name\":\"eJornais\",\"description\":\"Cat\\u00e1logo de Jornais no mundo, Not\\u00edcias, Blog e Esportes ao vivo\",\"url\":\"https:\\\/\\\/ejornais.com.br\\\/\"},{\"@type\":\"Person\",\"@id\":\"https:\\\/\\\/ejornais.com.br\\\/index.php\\\/author\\\/admin1\\\/#author\",\"url\":\"https:\\\/\\\/ejornais.com.br\\\/index.php\\\/author\\\/admin1\\\/\",\"name\":\"admin1\",\"image\":{\"@type\":\"ImageObject\",\"@id\":\"https:\\\/\\\/ejornais.com.br\\\/index.php\\\/2025\\\/04\\\/14\\\/sorocaba-tera-apresentacao-gratuita-do-espetaculo-paixao-de-cristo-no-parque-dos-espanhois-agencia-de-noticias\\\/#authorImage\",\"url\":\"https:\\\/\\\/secure.gravatar.com\\\/avatar\\\/04084e6d73c042b8646e7c17b494073bf0ede3ea13c7105cfc45cbbbc28385a4?s=96&d=mm&r=g\",\"width\":96,\"height\":96,\"caption\":\"admin1\"}},{\"@type\":\"WebPage\",\"@id\":\"https:\\\/\\\/ejornais.com.br\\\/index.php\\\/2025\\\/04\\\/14\\\/sorocaba-tera-apresentacao-gratuita-do-espetaculo-paixao-de-cristo-no-parque-dos-espanhois-agencia-de-noticias\\\/#webpage\",\"url\":\"https:\\\/\\\/ejornais.com.br\\\/index.php\\\/2025\\\/04\\\/14\\\/sorocaba-tera-apresentacao-gratuita-do-espetaculo-paixao-de-cristo-no-parque-dos-espanhois-agencia-de-noticias\\\/\",\"name\":\"Sorocaba ter\\u00e1 apresenta\\u00e7\\u00e3o gratuita do espet\\u00e1culo Paix\\u00e3o de Cristo no Parque dos Espanh\\u00f3is \\u2013 Ag\\u00eancia de Not\\u00edcias - eJornais\",\"description\":\"14 de abril de 2025 17:33 Por: Evelyn Azevedo Foto: Eduardo Santinon\\\/ Secom A popula\\u00e7\\u00e3o sorocabana poder\\u00e1 conferir, gratuitamente, nesta sexta-feira (18), \\u00e0s 19h30, a encena\\u00e7\\u00e3o, ao ar livre, do tradicional espet\\u00e1culo \\u201cA dor de uma M\\u00e3e: Paix\\u00e3o de Cristo pelos olhos de Maria\\u201d, com dire\\u00e7\\u00e3o de Alexandro Giovanni, presidente da Casa de Espa\\u00f1a Sorocaba\",\"inLanguage\":\"pt-BR\",\"isPartOf\":{\"@id\":\"https:\\\/\\\/ejornais.com.br\\\/#website\"},\"breadcrumb\":{\"@id\":\"https:\\\/\\\/ejornais.com.br\\\/index.php\\\/2025\\\/04\\\/14\\\/sorocaba-tera-apresentacao-gratuita-do-espetaculo-paixao-de-cristo-no-parque-dos-espanhois-agencia-de-noticias\\\/#breadcrumblist\"},\"author\":{\"@id\":\"https:\\\/\\\/ejornais.com.br\\\/index.php\\\/author\\\/admin1\\\/#author\"},\"creator\":{\"@id\":\"https:\\\/\\\/ejornais.com.br\\\/index.php\\\/author\\\/admin1\\\/#author\"},\"datePublished\":\"2025-04-14T18:08:45-03:00\",\"dateModified\":\"2025-04-14T18:08:45-03:00\"},{\"@type\":\"WebSite\",\"@id\":\"https:\\\/\\\/ejornais.com.br\\\/#website\",\"url\":\"https:\\\/\\\/ejornais.com.br\\\/\",\"name\":\"eJornais\",\"description\":\"Cat\\u00e1logo de Jornais no mundo, Not\\u00edcias, Blog e Esportes ao vivo\",\"inLanguage\":\"pt-BR\",\"publisher\":{\"@id\":\"https:\\\/\\\/ejornais.com.br\\\/#organization\"}}]}\n\t\t<\/script>\n\t\t<!-- All in One SEO -->\n\n","aioseo_head_json":{"title":"Sorocaba ter\u00e1 apresenta\u00e7\u00e3o gratuita do espet\u00e1culo Paix\u00e3o de Cristo no Parque dos Espanh\u00f3is \u2013 Ag\u00eancia de Not\u00edcias - eJornais","description":"14 de abril de 2025 17:33 Por: Evelyn Azevedo Foto: Eduardo Santinon\/ Secom A popula\u00e7\u00e3o sorocabana poder\u00e1 conferir, gratuitamente, nesta sexta-feira (18), \u00e0s 19h30, a encena\u00e7\u00e3o, ao ar livre, do tradicional espet\u00e1culo \u201cA dor de uma M\u00e3e: Paix\u00e3o de Cristo pelos olhos de Maria\u201d, com dire\u00e7\u00e3o de Alexandro Giovanni, presidente da Casa de Espa\u00f1a Sorocaba","canonical_url":"https:\/\/ejornais.com.br\/index.php\/2025\/04\/14\/sorocaba-tera-apresentacao-gratuita-do-espetaculo-paixao-de-cristo-no-parque-dos-espanhois-agencia-de-noticias\/","robots":"max-image-preview:large","keywords":"","webmasterTools":{"miscellaneous":""},"schema":{"@context":"https:\/\/schema.org","@graph":[{"@type":"BlogPosting","@id":"https:\/\/ejornais.com.br\/index.php\/2025\/04\/14\/sorocaba-tera-apresentacao-gratuita-do-espetaculo-paixao-de-cristo-no-parque-dos-espanhois-agencia-de-noticias\/#blogposting","name":"Sorocaba ter\u00e1 apresenta\u00e7\u00e3o gratuita do espet\u00e1culo Paix\u00e3o de Cristo no Parque dos Espanh\u00f3is \u2013 Ag\u00eancia de Not\u00edcias - eJornais","headline":"Sorocaba ter\u00e1 apresenta\u00e7\u00e3o gratuita do espet\u00e1culo Paix\u00e3o de Cristo no Parque dos Espanh\u00f3is \u2013 Ag\u00eancia de Not\u00edcias","author":{"@id":"https:\/\/ejornais.com.br\/index.php\/author\/admin1\/#author"},"publisher":{"@id":"https:\/\/ejornais.com.br\/#organization"},"datePublished":"2025-04-14T18:08:45-03:00","dateModified":"2025-04-14T18:08:45-03:00","inLanguage":"pt-BR","mainEntityOfPage":{"@id":"https:\/\/ejornais.com.br\/index.php\/2025\/04\/14\/sorocaba-tera-apresentacao-gratuita-do-espetaculo-paixao-de-cristo-no-parque-dos-espanhois-agencia-de-noticias\/#webpage"},"isPartOf":{"@id":"https:\/\/ejornais.com.br\/index.php\/2025\/04\/14\/sorocaba-tera-apresentacao-gratuita-do-espetaculo-paixao-de-cristo-no-parque-dos-espanhois-agencia-de-noticias\/#webpage"},"articleSection":"Cat\u00e1logo de Jornais"},{"@type":"BreadcrumbList","@id":"https:\/\/ejornais.com.br\/index.php\/2025\/04\/14\/sorocaba-tera-apresentacao-gratuita-do-espetaculo-paixao-de-cristo-no-parque-dos-espanhois-agencia-de-noticias\/#breadcrumblist","itemListElement":[{"@type":"ListItem","@id":"https:\/\/ejornais.com.br#listItem","position":1,"name":"In\u00edcio","item":"https:\/\/ejornais.com.br","nextItem":{"@type":"ListItem","@id":"https:\/\/ejornais.com.br\/index.php\/category\/ejornais\/#listItem","name":"Cat\u00e1logo de Jornais"}},{"@type":"ListItem","@id":"https:\/\/ejornais.com.br\/index.php\/category\/ejornais\/#listItem","position":2,"name":"Cat\u00e1logo de Jornais","item":"https:\/\/ejornais.com.br\/index.php\/category\/ejornais\/","nextItem":{"@type":"ListItem","@id":"https:\/\/ejornais.com.br\/index.php\/2025\/04\/14\/sorocaba-tera-apresentacao-gratuita-do-espetaculo-paixao-de-cristo-no-parque-dos-espanhois-agencia-de-noticias\/#listItem","name":"Sorocaba ter\u00e1 apresenta\u00e7\u00e3o gratuita do espet\u00e1culo Paix\u00e3o de Cristo no Parque dos Espanh\u00f3is \u2013 Ag\u00eancia de Not\u00edcias"},"previousItem":{"@type":"ListItem","@id":"https:\/\/ejornais.com.br#listItem","name":"In\u00edcio"}},{"@type":"ListItem","@id":"https:\/\/ejornais.com.br\/index.php\/2025\/04\/14\/sorocaba-tera-apresentacao-gratuita-do-espetaculo-paixao-de-cristo-no-parque-dos-espanhois-agencia-de-noticias\/#listItem","position":3,"name":"Sorocaba ter\u00e1 apresenta\u00e7\u00e3o gratuita do espet\u00e1culo Paix\u00e3o de Cristo no Parque dos Espanh\u00f3is \u2013 Ag\u00eancia de Not\u00edcias","previousItem":{"@type":"ListItem","@id":"https:\/\/ejornais.com.br\/index.php\/category\/ejornais\/#listItem","name":"Cat\u00e1logo de Jornais"}}]},{"@type":"Organization","@id":"https:\/\/ejornais.com.br\/#organization","name":"eJornais","description":"Cat\u00e1logo de Jornais no mundo, Not\u00edcias, Blog e Esportes ao vivo","url":"https:\/\/ejornais.com.br\/"},{"@type":"Person","@id":"https:\/\/ejornais.com.br\/index.php\/author\/admin1\/#author","url":"https:\/\/ejornais.com.br\/index.php\/author\/admin1\/","name":"admin1","image":{"@type":"ImageObject","@id":"https:\/\/ejornais.com.br\/index.php\/2025\/04\/14\/sorocaba-tera-apresentacao-gratuita-do-espetaculo-paixao-de-cristo-no-parque-dos-espanhois-agencia-de-noticias\/#authorImage","url":"https:\/\/secure.gravatar.com\/avatar\/04084e6d73c042b8646e7c17b494073bf0ede3ea13c7105cfc45cbbbc28385a4?s=96&d=mm&r=g","width":96,"height":96,"caption":"admin1"}},{"@type":"WebPage","@id":"https:\/\/ejornais.com.br\/index.php\/2025\/04\/14\/sorocaba-tera-apresentacao-gratuita-do-espetaculo-paixao-de-cristo-no-parque-dos-espanhois-agencia-de-noticias\/#webpage","url":"https:\/\/ejornais.com.br\/index.php\/2025\/04\/14\/sorocaba-tera-apresentacao-gratuita-do-espetaculo-paixao-de-cristo-no-parque-dos-espanhois-agencia-de-noticias\/","name":"Sorocaba ter\u00e1 apresenta\u00e7\u00e3o gratuita do espet\u00e1culo Paix\u00e3o de Cristo no Parque dos Espanh\u00f3is \u2013 Ag\u00eancia de Not\u00edcias - eJornais","description":"14 de abril de 2025 17:33 Por: Evelyn Azevedo Foto: Eduardo Santinon\/ Secom A popula\u00e7\u00e3o sorocabana poder\u00e1 conferir, gratuitamente, nesta sexta-feira (18), \u00e0s 19h30, a encena\u00e7\u00e3o, ao ar livre, do tradicional espet\u00e1culo \u201cA dor de uma M\u00e3e: Paix\u00e3o de Cristo pelos olhos de Maria\u201d, com dire\u00e7\u00e3o de Alexandro Giovanni, presidente da Casa de Espa\u00f1a Sorocaba","inLanguage":"pt-BR","isPartOf":{"@id":"https:\/\/ejornais.com.br\/#website"},"breadcrumb":{"@id":"https:\/\/ejornais.com.br\/index.php\/2025\/04\/14\/sorocaba-tera-apresentacao-gratuita-do-espetaculo-paixao-de-cristo-no-parque-dos-espanhois-agencia-de-noticias\/#breadcrumblist"},"author":{"@id":"https:\/\/ejornais.com.br\/index.php\/author\/admin1\/#author"},"creator":{"@id":"https:\/\/ejornais.com.br\/index.php\/author\/admin1\/#author"},"datePublished":"2025-04-14T18:08:45-03:00","dateModified":"2025-04-14T18:08:45-03:00"},{"@type":"WebSite","@id":"https:\/\/ejornais.com.br\/#website","url":"https:\/\/ejornais.com.br\/","name":"eJornais","description":"Cat\u00e1logo de Jornais no mundo, Not\u00edcias, Blog e Esportes ao vivo","inLanguage":"pt-BR","publisher":{"@id":"https:\/\/ejornais.com.br\/#organization"}}]},"og:locale":"pt_BR","og:site_name":"eJornais - Cat\u00e1logo de Jornais no mundo, Not\u00edcias, Blog e Esportes ao vivo","og:type":"article","og:title":"Sorocaba ter\u00e1 apresenta\u00e7\u00e3o gratuita do espet\u00e1culo Paix\u00e3o de Cristo no Parque dos Espanh\u00f3is \u2013 Ag\u00eancia de Not\u00edcias - eJornais","og:description":"14 de abril de 2025 17:33 Por: Evelyn Azevedo Foto: Eduardo Santinon\/ Secom A popula\u00e7\u00e3o sorocabana poder\u00e1 conferir, gratuitamente, nesta sexta-feira (18), \u00e0s 19h30, a encena\u00e7\u00e3o, ao ar livre, do tradicional espet\u00e1culo \u201cA dor de uma M\u00e3e: Paix\u00e3o de Cristo pelos olhos de Maria\u201d, com dire\u00e7\u00e3o de Alexandro Giovanni, presidente da Casa de Espa\u00f1a Sorocaba","og:url":"https:\/\/ejornais.com.br\/index.php\/2025\/04\/14\/sorocaba-tera-apresentacao-gratuita-do-espetaculo-paixao-de-cristo-no-parque-dos-espanhois-agencia-de-noticias\/","article:published_time":"2025-04-14T21:08:45+00:00","article:modified_time":"2025-04-14T21:08:45+00:00","twitter:card":"summary_large_image","twitter:title":"Sorocaba ter\u00e1 apresenta\u00e7\u00e3o gratuita do espet\u00e1culo Paix\u00e3o de Cristo no Parque dos Espanh\u00f3is \u2013 Ag\u00eancia de Not\u00edcias - eJornais","twitter:description":"14 de abril de 2025 17:33 Por: Evelyn Azevedo Foto: Eduardo Santinon\/ Secom A popula\u00e7\u00e3o sorocabana poder\u00e1 conferir, gratuitamente, nesta sexta-feira (18), \u00e0s 19h30, a encena\u00e7\u00e3o, ao ar livre, do tradicional espet\u00e1culo \u201cA dor de uma M\u00e3e: Paix\u00e3o de Cristo pelos olhos de Maria\u201d, com dire\u00e7\u00e3o de Alexandro Giovanni, presidente da Casa de Espa\u00f1a Sorocaba"},"aioseo_meta_data":{"post_id":"43042","title":null,"description":null,"keywords":null,"keyphrases":null,"primary_term":null,"canonical_url":null,"og_title":null,"og_description":null,"og_object_type":"default","og_image_type":"default","og_image_url":null,"og_image_width":null,"og_image_height":null,"og_image_custom_url":null,"og_image_custom_fields":null,"og_video":null,"og_custom_url":null,"og_article_section":null,"og_article_tags":null,"twitter_use_og":false,"twitter_card":"default","twitter_image_type":"default","twitter_image_url":null,"twitter_image_custom_url":null,"twitter_image_custom_fields":null,"twitter_title":null,"twitter_description":null,"schema":{"blockGraphs":[],"customGraphs":[],"default":{"data":{"Article":[],"Course":[],"Dataset":[],"FAQPage":[],"Movie":[],"Person":[],"Product":[],"ProductReview":[],"Car":[],"Recipe":[],"Service":[],"SoftwareApplication":[],"WebPage":[]},"graphName":"","isEnabled":true},"graphs":[]},"schema_type":"default","schema_type_options":null,"pillar_content":false,"robots_default":true,"robots_noindex":false,"robots_noarchive":false,"robots_nosnippet":false,"robots_nofollow":false,"robots_noimageindex":false,"robots_noodp":false,"robots_notranslate":false,"robots_max_snippet":null,"robots_max_videopreview":null,"robots_max_imagepreview":"large","priority":null,"frequency":null,"local_seo":null,"breadcrumb_settings":null,"limit_modified_date":false,"ai":null,"created":"2025-04-14 21:12:49","updated":"2025-06-06 16:41:51","seo_analyzer_scan_date":null,"focus_keyword":null,"additional_keywords":null,"truseo_locale":null},"aioseo_breadcrumb":"<div class=\"aioseo-breadcrumbs\"><span class=\"aioseo-breadcrumb\">\n\t\t\t<a href=\"https:\/\/ejornais.com.br\" title=\"In\u00edcio\">In\u00edcio<\/a>\n\t\t<\/span><span class=\"aioseo-breadcrumb-separator\">&raquo;<\/span><span class=\"aioseo-breadcrumb\">\n\t\t\t<a href=\"https:\/\/ejornais.com.br\/index.php\/category\/ejornais\/\" title=\"Cat\u00e1logo de Jornais\">Cat\u00e1logo de Jornais<\/a>\n\t\t<\/span><span class=\"aioseo-breadcrumb-separator\">&raquo;<\/span><span class=\"aioseo-breadcrumb\">\n\t\t\tSorocaba ter\u00e1 apresenta\u00e7\u00e3o gratuita do espet\u00e1culo Paix\u00e3o de Cristo no Parque dos Espanh\u00f3is \u2013 Ag\u00eancia de Not\u00edcias\n\t\t<\/span><\/div>","aioseo_breadcrumb_json":[{"label":"In\u00edcio","link":"https:\/\/ejornais.com.br"},{"label":"Cat\u00e1logo de Jornais","link":"https:\/\/ejornais.com.br\/index.php\/category\/ejornais\/"},{"label":"Sorocaba ter\u00e1 apresenta\u00e7\u00e3o gratuita do espet\u00e1culo Paix\u00e3o de Cristo no Parque dos Espanh\u00f3is \u2013 Ag\u00eancia de Not\u00edcias","link":"https:\/\/ejornais.com.br\/index.php\/2025\/04\/14\/sorocaba-tera-apresentacao-gratuita-do-espetaculo-paixao-de-cristo-no-parque-dos-espanhois-agencia-de-noticias\/"}],"amp_enabled":true,"_links":{"self":[{"href":"https:\/\/ejornais.com.br\/index.php\/wp-json\/wp\/v2\/posts\/43042","targetHints":{"allow":["GET"]}}],"collection":[{"href":"https:\/\/ejornais.com.br\/index.php\/wp-json\/wp\/v2\/posts"}],"about":[{"href":"https:\/\/ejornais.com.br\/index.php\/wp-json\/wp\/v2\/types\/post"}],"author":[{"embeddable":true,"href":"https:\/\/ejornais.com.br\/index.php\/wp-json\/wp\/v2\/users\/2"}],"replies":[{"embeddable":true,"href":"https:\/\/ejornais.com.br\/index.php\/wp-json\/wp\/v2\/comments?post=43042"}],"version-history":[{"count":0,"href":"https:\/\/ejornais.com.br\/index.php\/wp-json\/wp\/v2\/posts\/43042\/revisions"}],"wp:attachment":[{"href":"https:\/\/ejornais.com.br\/index.php\/wp-json\/wp\/v2\/media?parent=43042"}],"wp:term":[{"taxonomy":"category","embeddable":true,"href":"https:\/\/ejornais.com.br\/index.php\/wp-json\/wp\/v2\/categories?post=43042"},{"taxonomy":"post_tag","embeddable":true,"href":"https:\/\/ejornais.com.br\/index.php\/wp-json\/wp\/v2\/tags?post=43042"}],"curies":[{"name":"wp","href":"https:\/\/api.w.org\/{rel}","templated":true}]}}