{"id":43162,"date":"2025-04-16T11:49:34","date_gmt":"2025-04-16T14:49:34","guid":{"rendered":"https:\/\/ejornais.com.br\/index.php\/2025\/04\/16\/bonito-se-prepara-para-implantar-unidade-sentinela-de-sindrome-gripal-prefeitura-municipal-de-bonito\/"},"modified":"2025-04-16T11:49:34","modified_gmt":"2025-04-16T14:49:34","slug":"bonito-se-prepara-para-implantar-unidade-sentinela-de-sindrome-gripal-prefeitura-municipal-de-bonito","status":"publish","type":"post","link":"https:\/\/ejornais.com.br\/index.php\/2025\/04\/16\/bonito-se-prepara-para-implantar-unidade-sentinela-de-sindrome-gripal-prefeitura-municipal-de-bonito\/","title":{"rendered":"Bonito se prepara para implantar Unidade Sentinela de S\u00edndrome Gripal &#8211; Prefeitura Municipal de Bonito"},"content":{"rendered":"<p><\/p>\n<div>\n<div class=\"td-post-featured-image\"><\/div>\n<p>Com o objetivo de refor\u00e7ar a vigil\u00e2ncia das s\u00edndromes respirat\u00f3rias e melhorar a detec\u00e7\u00e3o precoce de v\u00edrus circulantes entre a popula\u00e7\u00e3o, Bonito est\u00e1 se preparando para implantar uma Unidade Sentinela de S\u00edndrome Gripal (SG). A iniciativa segue as diretrizes do Minist\u00e9rio da Sa\u00fade e da Secretaria de Estado de Sa\u00fade de Mato Grosso do Sul.<\/p>\n<p>A unidade sentinela ser\u00e1 respons\u00e1vel por monitorar, de forma cont\u00ednua e sistem\u00e1tica, os casos de s\u00edndrome gripal no munic\u00edpio, contribuindo com informa\u00e7\u00f5es essenciais para prevenir, controlar e responder rapidamente a surtos de doen\u00e7as respirat\u00f3rias.<\/p>\n<p>Por que isso \u00e9 importante?<br \/>Bonito \u00e9 um dos principais destinos tur\u00edsticos do Brasil, recebendo visitantes de todas as partes do pa\u00eds e do mundo. Essa movimenta\u00e7\u00e3o intensa de pessoas aumenta o risco de introdu\u00e7\u00e3o e dissemina\u00e7\u00e3o de v\u00edrus respirat\u00f3rios na cidade. Por isso, contar com uma estrutura de vigil\u00e2ncia ativa \u00e9 fundamental para proteger a sa\u00fade da popula\u00e7\u00e3o e dos visitantes.<\/p>\n<p>Objetivos da Unidade Sentinela:<br \/>\u2022 Detectar de forma precoce a circula\u00e7\u00e3o de v\u00edrus respirat\u00f3rios como Influenza, V\u00edrus Sincicial Respirat\u00f3rio (VSR) e o Coronav\u00edrus (SARS-CoV-2);<br \/>\u2022 Garantir a notifica\u00e7\u00e3o r\u00e1pida dos casos e a coleta adequada de amostras para diagn\u00f3stico;<br \/>\u2022 Apoiar pol\u00edticas p\u00fablicas com dados locais e regionais;<br \/>\u2022 Integrar o munic\u00edpio ao sistema nacional de vigil\u00e2ncia sentinela de v\u00edrus respirat\u00f3rios.<\/p>\n<p>Como vai funcionar?<br \/>A unidade ser\u00e1 instalada em um servi\u00e7o de aten\u00e7\u00e3o prim\u00e1ria \u00e0 sa\u00fade, com uma equipe treinada para reconhecer os casos, realizar notifica\u00e7\u00f5es imediatas e coletar amostras cl\u00ednicas. Essas amostras ser\u00e3o encaminhadas ao Laborat\u00f3rio Central de Mato Grosso do Sul (LACEN\/MS), seguindo todos os protocolos oficiais. Os dados tamb\u00e9m ser\u00e3o inseridos em sistema espec\u00edfico para monitoramento.<\/p>\n<p>Quais os resultados esperados?<br \/>\u2022 Fortalecimento da capacidade local para identificar v\u00edrus respirat\u00f3rios;<br \/>\u2022 Inser\u00e7\u00e3o de Bonito na Rede Nacional de Vigil\u00e2ncia Sentinela;<br \/>\u2022 Resposta mais \u00e1gil a surtos e epidemias;<br \/>\u2022 Gera\u00e7\u00e3o de informa\u00e7\u00f5es confi\u00e1veis para embasar decis\u00f5es de sa\u00fade p\u00fablica.<\/p>\n<p>A implanta\u00e7\u00e3o da Unidade Sentinela representa um avan\u00e7o importante na prote\u00e7\u00e3o da sa\u00fade coletiva em Bonito, unindo preven\u00e7\u00e3o, tecnologia e estrat\u00e9gia para enfrentar os desafios das doen\u00e7as respirat\u00f3rias.<\/p>\n<\/p><\/div>\n","protected":false},"excerpt":{"rendered":"<p>Com o objetivo de refor\u00e7ar a vigil\u00e2ncia das s\u00edndromes respirat\u00f3rias e melhorar a detec\u00e7\u00e3o precoce de v\u00edrus circulantes entre a<\/p>\n","protected":false},"author":2,"featured_media":0,"comment_status":"","ping_status":"","sticky":false,"template":"","format":"standard","meta":{"colormag_page_container_layout":"default_layout","colormag_page_sidebar_layout":"default_layout","footnotes":""},"categories":[1],"tags":[],"class_list":["post-43162","post","type-post","status-publish","format-standard","hentry","category-ejornais"],"aioseo_notices":[],"amp_enabled":true,"_links":{"self":[{"href":"https:\/\/ejornais.com.br\/index.php\/wp-json\/wp\/v2\/posts\/43162","targetHints":{"allow":["GET"]}}],"collection":[{"href":"https:\/\/ejornais.com.br\/index.php\/wp-json\/wp\/v2\/posts"}],"about":[{"href":"https:\/\/ejornais.com.br\/index.php\/wp-json\/wp\/v2\/types\/post"}],"author":[{"embeddable":true,"href":"https:\/\/ejornais.com.br\/index.php\/wp-json\/wp\/v2\/users\/2"}],"replies":[{"embeddable":true,"href":"https:\/\/ejornais.com.br\/index.php\/wp-json\/wp\/v2\/comments?post=43162"}],"version-history":[{"count":0,"href":"https:\/\/ejornais.com.br\/index.php\/wp-json\/wp\/v2\/posts\/43162\/revisions"}],"wp:attachment":[{"href":"https:\/\/ejornais.com.br\/index.php\/wp-json\/wp\/v2\/media?parent=43162"}],"wp:term":[{"taxonomy":"category","embeddable":true,"href":"https:\/\/ejornais.com.br\/index.php\/wp-json\/wp\/v2\/categories?post=43162"},{"taxonomy":"post_tag","embeddable":true,"href":"https:\/\/ejornais.com.br\/index.php\/wp-json\/wp\/v2\/tags?post=43162"}],"curies":[{"name":"wp","href":"https:\/\/api.w.org\/{rel}","templated":true}]}}