{"id":43229,"date":"2025-04-17T11:14:37","date_gmt":"2025-04-17T14:14:37","guid":{"rendered":"https:\/\/ejornais.com.br\/index.php\/2025\/04\/17\/prefeitura-do-rio-divulga-operacao-para-o-feriado-prolongado-da-semana-santa-ate-o-dia-de-sao-jorge-prefeitura-da-cidade-do-rio-de-janeiro\/"},"modified":"2025-04-17T11:14:37","modified_gmt":"2025-04-17T14:14:37","slug":"prefeitura-do-rio-divulga-operacao-para-o-feriado-prolongado-da-semana-santa-ate-o-dia-de-sao-jorge-prefeitura-da-cidade-do-rio-de-janeiro","status":"publish","type":"post","link":"https:\/\/ejornais.com.br\/index.php\/2025\/04\/17\/prefeitura-do-rio-divulga-operacao-para-o-feriado-prolongado-da-semana-santa-ate-o-dia-de-sao-jorge-prefeitura-da-cidade-do-rio-de-janeiro\/","title":{"rendered":"Prefeitura do Rio divulga opera\u00e7\u00e3o para o feriado prolongado da Semana Santa at\u00e9 o Dia de S\u00e3o Jorge &#8211; Prefeitura da Cidade do Rio de Janeiro"},"content":{"rendered":"<p><\/p>\n<div wp_automatic_readability=\"376.12715792302\">\n<div class=\"image-post\" wp_automatic_readability=\"33\">\n                     Haver\u00e1 interdi\u00e7\u00f5es no entorno da Igreja de S\u00e3o Jorge para a prociss\u00e3o &#8211; Fabio Motta\/Prefeitura do Rio                  <\/div>\n<p style=\"font-weight: 400\">A Prefeitura do Rio montou um esquema operacional para o atendimento da popula\u00e7\u00e3o no feriado prolongado, que vai de 18 a 23 de abril, provocado pela Semana Santa, o feriado de Tiradentes e o feriado de S\u00e3o Jorge.\u00a0 Na ter\u00e7a-feira (22\/04), haver\u00e1 ponto facultativo nas unidades municipais, mas n\u00e3o se aplica aos servi\u00e7os essenciais que n\u00e3o admitem paralisa\u00e7\u00e3o, como sa\u00fade e seguran\u00e7a.<\/p>\n<p style=\"font-weight: 400\">O plano operacional tem como destaque os hor\u00e1rios especiais das unidades de Sa\u00fade e das esta\u00e7\u00f5es de BRT, al\u00e9m das interdi\u00e7\u00f5es previstas para os festejos dos feriados religiosos.<\/p>\n<p style=\"font-weight: 400\">Os parques da cidade estar\u00e3o abertos com uma programa\u00e7\u00e3o especial neste feriad\u00e3o. Na ter\u00e7a-feira, 22\/04, os brinquedos aqu\u00e1ticos de todos os parques estar\u00e3o fechados para manuten\u00e7\u00e3o. O funcionamento das \u00e1reas de lazer ser\u00e1 normal, das 6h \u00e0s 22h.\u00a0 Confira abaixo todas as informa\u00e7\u00f5es do esquema operacional.<\/p>\n<p style=\"font-weight: 400\"><strong>SA\u00daDE<\/strong><\/p>\n<p style=\"font-weight: 400\">As unidades 24 horas da rede municipal de sa\u00fade \u2013 UPAs, hospitais, centros de emerg\u00eancia regional (CERs) e centros de aten\u00e7\u00e3o psicossocial (CAPS) tipo III \u2013\u00a0 v\u00e3o funcionar ininterruptamente durante os feriados da Sexta-feira da Paix\u00e3o (18), Tiradentes (21) e S\u00e3o Jorge (23) e no ponto facultativo da ter\u00e7a-feira (22).<\/p>\n<p style=\"font-weight: 400\">O Super Centro Carioca de Vacina\u00e7\u00e3o funcionar\u00e1 normalmente durante todo esse per\u00edodo, das 8h \u00e0s 22h. O Super Centro Carioca de Vacina\u00e7\u00e3o unidade Campo Grande, localizado no Park Shopping Campo Grande, funcionar\u00e1 de acordo com o hor\u00e1rio do centro comercial.<\/p>\n<p style=\"font-weight: 400\">O Super Centro Carioca de Sa\u00fade, em Benfica, ter\u00e1 funcionamento normal nos dias 19 (s\u00e1bado) e 22 (ter\u00e7a-feira) e n\u00e3o abrir\u00e1 nos dias dos feriados \u2013 18 (sexta-feira), 21 (segunda-feira) e 23 (quarta-feira).<\/p>\n<p style=\"font-weight: 400\">As unidades de Aten\u00e7\u00e3o Prim\u00e1ria \u2013 centros municipais de sa\u00fade, cl\u00ednicas da fam\u00edlia, centros de aten\u00e7\u00e3o psicossocial, policl\u00ednicas e centros municipais de reabilita\u00e7\u00e3o \u2013 n\u00e3o abrir\u00e3o nos dias dos tr\u00eas feriados (18, 21 e 23) e no ponto facultativo do dia 22. No s\u00e1bado (19), as unidades funcionar\u00e3o nos seus respectivos hor\u00e1rios.<\/p>\n<p style=\"font-weight: 400\">No entanto, hospitais, UPAs, Centro de Emerg\u00eancias Regionais e Centro de Aten\u00e7\u00e3o Psicossocial funcionar\u00e3o 24 horas. Confira a lista no fim deste texto.<\/p>\n<p style=\"font-weight: 400\"><strong>TR\u00c2NSITO<\/strong><\/p>\n<p style=\"font-weight: 400\">A Companhia de Engenharia de Tr\u00e1fego do Rio (CET-Rio) preparou esquema de tr\u00e2nsito especial para as comemora\u00e7\u00f5es pelo Dia de S\u00e3o Jorge, que acontecem em Quintino, Zona Norte, e no Centro do Rio.<strong>\u00a0<\/strong>Para minimizar eventuais impactos no tr\u00e1fego da regi\u00e3o, a opera\u00e7\u00e3o de tr\u00e2nsito contar\u00e1 com agentes, apoiadores e Guardas Municipais, que trabalhar\u00e3o para manter a fluidez, coibir o estacionamento irregular, executar os bloqueios e ordenar os cruzamentos, al\u00e9m de orientar pedestres e motoristas. Caso seja necess\u00e1rio, ajustes semaf\u00f3ricos ser\u00e3o implantados. Para chegar e sair dessas regi\u00f5es, \u00e9 recomendada a utiliza\u00e7\u00e3o de transporte p\u00fablico.<\/p>\n<p style=\"font-weight: 400\"><strong>INTERDI\u00c7\u00d5ES EM QUINTINO PARA \u201cFESTA E PROCISS\u00c3O DE S\u00c3O JORGE\u201d<\/strong><\/p>\n<p style=\"font-weight: 400\">A partir das 10h de ter\u00e7a-feira (22\/04) ocorrer\u00e1 a Festa de S\u00e3o Jorge, na rua Clarimundo de Melo, em Quintino, e ser\u00e1 necess\u00e1ria a interdi\u00e7\u00e3o dessa rua, entre as ruas Assis Carneiro e Bernardo Guimar\u00e3es, at\u00e9 as 23h59, de quarta-feira (23). No mesmo per\u00edodo, o tr\u00e1fego estar\u00e1 fechado da rua da Rep\u00fablica, entre a rua Clarimundo de Melo e a pra\u00e7a Quintino Bocai\u00fava, assim como todo o entorno da pra\u00e7a, exceto o trecho da rua Nerval de Gouveia.<\/p>\n<p style=\"font-weight: 400\"><strong>DESVIOS<\/strong><\/p>\n<ul>\n<li style=\"font-weight: 400\">Procedentes da rua Clarimundo de Melo, com destino \u00e0 avenida Amaro Cavalcanti, seguir\u00e3o pela rua Bernardo Guimar\u00e3es, rua Nerval de Gouveia, rua Elias da Silva, rua Assis Carneiro, rua Clarimundo de Melo e avenida Amaro Cavalcanti;<\/li>\n<li style=\"font-weight: 400\">Procedentes da rua Clarimundo de Melo, com destino \u00e0 rua \u00c2ngelo Dantas, seguir\u00e3o pela rua Assis Carneiro, rua Elias da Silva e rua Nerval de Gouveia.<\/li>\n<li style=\"font-weight: 400\">Procedentes da rua Clarimundo de Melo, com destino \u00e0 rua Padre Tel\u00eamaco, seguir\u00e3o pela rua Assis Carneiro, rua Elias da Silva, rua Nerval de Gouveia e rua Garcia Pires.<\/li>\n<\/ul>\n<p style=\"font-weight: 400\">Al\u00e9m disso, no dia 23 (quarta-feira), a partir das 16h, ocorrer\u00e1 a Prociss\u00e3o de S\u00e3o Jorge. A Rua Padre Tel\u00eamaco, no trecho entre a avenida Ernani Cardoso e a rua Clarimundo de Melo, ser\u00e1 interditada, a partir das 15h.<\/p>\n<p style=\"font-weight: 400\"><strong>DESVIOS<\/strong><\/p>\n<ul>\n<li style=\"font-weight: 400\">Procedentes da avenida Ernani Cardoso, com destino \u00e0 avenida Amaro Cavalcanti seguir\u00e3o pelo viaduto Washington Lu\u00eds (Viaduto de Cascadura), avenida Dom H\u00e9lder C\u00e2mara, rua da Pedreira, rua Goi\u00e1s, rua Euz\u00e9bio de Matos, pra\u00e7a dos Garis, rua Manuel Vitorino, pra\u00e7a Sargento Eud\u00f3xio Passos, rua Clarimundo de Melo e avenida Amaro Cavalcanti;<\/li>\n<li style=\"font-weight: 400\">Procedentes da rua Clarimundo de Melo com destino \u00e0 rua \u00c2ngelo Dantas seguir\u00e3o pela Rua Assis Carneiro, Rua Elias da Silva, Viaduto Compositor Wilson Batista, rua Goi\u00e1s, rua Cupertino, avenida Dom H\u00e9lder C\u00e2mara, viaduto Washington Lu\u00eds (Viaduto de Cascadura) e rua \u00c2ngelo Dantas.<\/li>\n<\/ul>\n<p style=\"font-weight: 400\"><strong>RECOMENDA\u00c7\u00d5ES IMPORTANTES<\/strong><\/p>\n<ul>\n<li style=\"font-weight: 400\">N\u00e3o haver\u00e1 implanta\u00e7\u00e3o de estacionamento para atender ao evento. Portanto, recomenda-se a utiliza\u00e7\u00e3o de transporte p\u00fablico;<\/li>\n<li style=\"font-weight: 400\">\u00c9 recomendado aos motoristas que evitem passar pela regi\u00e3o no hor\u00e1rio da interdi\u00e7\u00e3o. O orienta\u00e7\u00e3o \u00e9 antecipar o hor\u00e1rio dos deslocamentos ou utilizar as rotas alternativas;<\/li>\n<li style=\"font-weight: 400\">Respeitar as orienta\u00e7\u00f5es dos agentes de tr\u00e2nsito e de toda a sinaliza\u00e7\u00e3o implantada na \u00e1rea.<\/li>\n<\/ul>\n<p style=\"font-weight: 400\"><strong>\u00a0<\/strong><\/p>\n<p style=\"font-weight: 400\"><strong>INTERDI\u00c7\u00d5ES NA PRA\u00c7A DA REP\u00daBLICA \u2013 CENTRO<\/strong><\/p>\n<p style=\"font-weight: 400\">Interdi\u00e7\u00e3o das 19h do dia 22 de abril \u00e0s 3h do dia 24 de abril nas seguintes vias:<\/p>\n<p style=\"font-weight: 400\">I \u2013 avenida Presidente Vargas, pista lateral sentido Candel\u00e1ria, ao longo do Campo de Santana at\u00e9 a interse\u00e7\u00e3o com a rua Tom\u00e9 de Souza;<\/p>\n<p style=\"font-weight: 400\">II \u2013 pra\u00e7a da Rep\u00fablica, no trecho compreendido entre a avenida Presidente Vargas e a rua Buenos Aires.<\/p>\n<p style=\"font-weight: 400\">Ser\u00e1 invertido o sentido de tr\u00e1fego da rua Buenos Aires, no trecho entre a Rep\u00fablica do L\u00edbano e Pra\u00e7a da Rep\u00fablica, devendo funcionar no sentido pra\u00e7a da Rep\u00fablica, das 19h do dia 22 de abril \u00e0s 3h do dia 24 de abril de 2024. A rua do Senado tamb\u00e9m ser\u00e1 interditada, no trecho compreendido entre a avenida Gomes Freire e a rua dos Inv\u00e1lidos no dia 23 de abril, das 11h \u00e0s 19h.<\/p>\n<p style=\"font-weight: 400\"><strong>\u00a0<\/strong><\/p>\n<p style=\"font-weight: 400\"><strong>SISTEMA BRT<\/strong><\/p>\n<p style=\"font-weight: 400\">A MOBI-Rio informa que nos dias 18 (sexta-feira), 21 (segunda-feira) e 23 (quarta-feira) a opera\u00e7\u00e3o seguir\u00e1 o planejamento dos s\u00e1bados. J\u00e1 no dia 22\/04 (ter\u00e7a-feira), a opera\u00e7\u00e3o ser\u00e1 normal.<\/p>\n<p style=\"font-weight: 400\"><strong>ORDENAMENTO URBANO<\/strong><\/p>\n<p style=\"font-weight: 400\">A Secretaria Municipal de Ordem P\u00fablica (Seop) e a Guarda Municipal do Rio (GM-Rio) montaram esquema de ordenamento urbano e de tr\u00e2nsito com 331 agentes para os Jogos do Campeonato Brasileiro que acontecer\u00e3o neste final de semana, dias 19 e 20 de abril, durante a P\u00e1scoa. A opera\u00e7\u00e3o tamb\u00e9m vai contar com refor\u00e7o dos grupamentos especiais de Opera\u00e7\u00f5es Especiais, de C\u00e3es e T\u00e1tico M\u00f3vel. O objetivo tamb\u00e9m \u00e9 promover a seguran\u00e7a dos torcedores.<\/p>\n<p style=\"font-weight: 400\">J\u00e1 para os festejos de S\u00e3o Jorge, a GM vai atuar com o total de\u00a0362\u00a0guardas, em turnos no patrulhamento, ordenamento urbano e controle do tr\u00e2nsito na Zona Norte e no Centro do Rio.<\/p>\n<p style=\"font-weight: 400\"><strong>\u00a0<\/strong><\/p>\n<p style=\"font-weight: 400\"><strong>CENTRO DE OPERA\u00c7\u00d5ES RIO\u00a0\u00a0\u00a0\u00a0\u00a0\u00a0\u00a0\u00a0\u00a0\u00a0<\/strong><\/p>\n<p style=\"font-weight: 400\">O Centro de Opera\u00e7\u00f5es e Resili\u00eancia da Prefeitura do Rio (COR-Rio) contar\u00e1 com uma \u00a0mobiliza\u00e7\u00e3o especial. A expectativa \u00e9 de grande aumento no fluxo de sa\u00edda e entrada da cidade. Um layout especial ser\u00e1 implementado no tel\u00e3o do COR-Rio, considerado o maior da Am\u00e9rica Latina, com o objetivo de ampliar o monitoramento nos acessos e nas sa\u00eddas do munic\u00edpio. A opera\u00e7\u00e3o vai priorizar vias como a Avenida Brasil, Linha Vermelha, Linha Amarela, entorno da Rodovi\u00e1ria do Rio e dos aeroportos Santos Dumont e do Gale\u00e3o, entre outros pontos. Existe ainda a expectativa de refor\u00e7o das equipes operacionais no COR-Rio.<\/p>\n<p style=\"font-weight: 400\">Mais de 500 operadores v\u00e3o se revezar em turnos no COR-Rio, com um acr\u00e9scimo de profissionais nos dias 17, 18, 22 e 23 de abril. Para saber todas as informa\u00e7\u00f5es sobre o tr\u00e2nsito dentro do munic\u00edpio do Rio, cariocas e turistas podem e devem seguir as redes sociais do Centro de Opera\u00e7\u00f5es (@operacoesrio) e baixar o aplicativo oficial do COR, que \u00e9 o COR.Rio.<\/p>\n<p style=\"font-weight: 400\"><strong>\u00a0<\/strong><\/p>\n<p style=\"font-weight: 400\"><strong>PLANOS INCLINADOS DE IGREJAS<\/strong><\/p>\n<p style=\"font-weight: 400\">A Rioluz informa que durante o feriad\u00e3o haver\u00e1 ajustes nos hor\u00e1rios dos planos inclinados que levam at\u00e9 as igrejas da cidade.<\/p>\n<p style=\"font-weight: 400\"><strong>\u00a0<\/strong><\/p>\n<p style=\"font-weight: 400\"><strong>Outeiro da Gl\u00f3ria<\/strong><\/p>\n<p style=\"font-weight: 400\">Sexta-feira Santa (18): 7h \u00e0s 19h<\/p>\n<p style=\"font-weight: 400\">S\u00e1bado de Aleluia (19): 7h \u00e0s 14h<\/p>\n<p style=\"font-weight: 400\">Domingo de P\u00e1scoa (20): 7h \u00e0s 13h<\/p>\n<p style=\"font-weight: 400\"><strong>\u00a0<\/strong><\/p>\n<p style=\"font-weight: 400\"><strong>Igreja da Penha<\/strong><\/p>\n<p style=\"font-weight: 400\">Sexta-feira Santa (18): 6h30 \u00e0s 18h30<\/p>\n<p style=\"font-weight: 400\">S\u00e1bado de Aleluia (19): 6h30 \u00e0s 18h30<\/p>\n<p style=\"font-weight: 400\">Domingo de P\u00e1scoa (20): 6h30 \u00e0s 18h30<\/p>\n<p style=\"font-weight: 400\"><strong>\u00a0<\/strong><\/p>\n<p style=\"font-weight: 400\"><strong>Igreja da Penna<\/strong><\/p>\n<p style=\"font-weight: 400\">Sexta-feira Santa (18): N\u00e3o abre<\/p>\n<p style=\"font-weight: 400\">S\u00e1bado de Aleluia (19): 8h \u00e0s 01h<\/p>\n<p style=\"font-weight: 400\">Domingo de P\u00e1scoa (20): 8h \u00e0s 13h<\/p>\n<p style=\"font-weight: 400\"><strong>\u00a0<\/strong><\/p>\n<p style=\"font-weight: 400\"><strong>PARQUES<\/strong><\/p>\n<p style=\"font-weight: 400\">Os parques do Rio funcionar\u00e3o normalmente, das 6h \u00e0s 22h, com agenda atra\u00e7\u00f5es gratuitas para toda a fam\u00edlia. As \u00e1reas contam com pistas de skate, parques aqu\u00e1ticos, espa\u00e7os culturais, pra\u00e7as de alimenta\u00e7\u00e3o e muito verde. No dia 22 (ter\u00e7a), os brinquedos aqu\u00e1ticos de todos os parques estar\u00e3o fechados para manuten\u00e7\u00e3o. O funcionamento das \u00e1reas de lazer ser\u00e1 normal, das 6h \u00e0s 22h.<\/p>\n<p style=\"font-weight: 400\"><strong>Parque Oeste<\/strong>\u00a0\u2013 Em Inhoa\u00edba, a programa\u00e7\u00e3o no dia 19 tem caminhada para m\u00e3es at\u00edpicas e feira de artesanato com tem\u00e1tica do autismo. J\u00e1 no dia 23, a roda de samba do Centro Cultural Fruta no P\u00e9 toma conta do espa\u00e7o, das 12h \u00e0s 21h. As atra\u00e7\u00f5es\u00a0come\u00e7am \u00e0s 10h, com feira de artesanato, comidas e feijoada.<\/p>\n<p style=\"font-weight: 400\">Com mais de 234 mil m\u00b2, o parque tem skate park, gin\u00e1sio, campo de futebol, palco de shows, Escada das \u00c1guas e equipamentos como a Nave do Conhecimento e o Pal\u00e1cio Oeste, s\u00edmbolo da revitaliza\u00e7\u00e3o da antiga Fazenda Inhoa\u00edba.<\/p>\n<p style=\"font-weight: 400\"><strong>Parque Realengo Jornalista Suzana Naspolini<\/strong>\u00a0\u2013 O uso das churrasqueiras estar\u00e1 liberado mediante reserva pr\u00e9via. O espa\u00e7o tem cinco torres que liberam vapor d\u2019\u00e1gua, jardins aqu\u00e1ticos, horta comunit\u00e1ria, trilhas suspensas e estrutura completa para esportes, lazer e conviv\u00eancia. \u00c9 liberado para os animais dom\u00e9sticos.<\/p>\n<p style=\"font-weight: 400\"><strong>Parque Carioca Pavuna<\/strong>\u00a0\u2013 oferece pista de skate, quadras de basquete, v\u00f4lei de praia, futev\u00f4lei, academia ao ar livre e pra\u00e7a molhada com.<\/p>\n<p style=\"font-weight: 400\"><strong>Parque Rita Lee<\/strong>\u00a0\u2013 Na Barra da Tijuca, o dia 19 ter\u00e1 Ca\u00e7ada de P\u00e1scoa com a visita do coelhinho a partir das 17h. O espa\u00e7o conta com parque infantil, parque molhado, muro de escalada, quadras, futemesa e \u00e9 cercado por \u00e1reas verdes que unem lazer, cultura e bem-estar. A entrada de ve\u00edculos, vidros e garrafas \u00e9 proibida.<\/p>\n<p style=\"font-weight: 400\"><strong>Parque Madureira Mestre Monarco<\/strong>\u00a0\u2013 O terceiro maior parque do Rio re\u00fane quadras esportivas, pistas de skate e bike, lagos, fontes, parquinhos, espa\u00e7o fitness, barzinhos com m\u00fasica ao vivo, slackline, bikes para aluguel e muita programa\u00e7\u00e3o cultural ao ar livre. Ap\u00f3s o feriado,\u00a0o parque fecha no dia 24 para manuten\u00e7\u00e3o.<\/p>\n<p style=\"font-weight: 400\"><strong>\u00a0<\/strong><\/p>\n<p style=\"font-weight: 400\"><strong>*Unidades de Sa\u00fade que funcionam 24 horas*<\/strong><\/p>\n<p style=\"font-weight: 400\">\u2013 Hospital Municipal Souza Aguiar \u2013 Centro<\/p>\n<p style=\"font-weight: 400\">\u2013 Hospital Municipal Miguel Couto \u2013 G\u00e1vea<\/p>\n<p style=\"font-weight: 400\">\u2013 Hospital Municipal Salgado Filho \u2013 M\u00e9ier<\/p>\n<p style=\"font-weight: 400\">\u2013 Hospital Municipal Louren\u00e7o Jorge \u2013 Barra da Tijuca<\/p>\n<p style=\"font-weight: 400\">\u2013 Hospital Municipal Pedro II \u2013 Santa Cruz<\/p>\n<p style=\"font-weight: 400\">\u2013 Hospital Municipal Rocha Faria \u2013 Campo Grande<\/p>\n<p style=\"font-weight: 400\">\u2013 Hospital Municipal Albert Schweitzer \u2013 Realengo<\/p>\n<p style=\"font-weight: 400\">\u2013 Hospital Municipal Evandro Freire \u2013 Ilha do Governador<\/p>\n<p style=\"font-weight: 400\">\u2013 Hospital Municipal Rocha Maia \u2013 Botafogo<\/p>\n<p style=\"font-weight: 400\">\u2013 Hospital Municipal Francisco da Silva Telles \u2013 Iraj\u00e1<\/p>\n<p style=\"font-weight: 400\">\u2013 Hospital do Andara\u00ed \u2013 Andara\u00ed<\/p>\n<p style=\"font-weight: 400\">\u2013 Hospital Cardoso Fontes \u2013 Jacarepagu\u00e1<\/p>\n<p style=\"font-weight: 400\">\u2013 Hospital Maternidade Fernando Magalh\u00e3es \u2013 S\u00e3o Crist\u00f3v\u00e3o<\/p>\n<p style=\"font-weight: 400\">\u2013 Hospital Maternidade Carmela Dutra \u2013 Lins de Vasconcelos<\/p>\n<p style=\"font-weight: 400\">\u2013 Hospital Maternidade Herculano Pinheiro \u2013 Madureira<\/p>\n<p style=\"font-weight: 400\">\u2013 Hospital Maternidade Alexander Fleming \u2013 Marechal Hermes<\/p>\n<p style=\"font-weight: 400\">\u2013 Hospital Maternidade Maria Am\u00e9lia Buarque de Hollanda \u2013 Centro<\/p>\n<p style=\"font-weight: 400\">\u2013 Hospital Maternidade Paulino Werneck \u2013 Ilha do Governador<\/p>\n<p style=\"font-weight: 400\">\u2013 Hospital da Mulher Mariska Ribeiro \u2013 Bangu<\/p>\n<p style=\"font-weight: 400\">\u2013 Maternidade Leila Diniz \u2013 Barra da Tijuca<\/p>\n<p style=\"font-weight: 400\">\u2013 Maternidade da Rocinha \u2013 Rocinha<\/p>\n<p style=\"font-weight: 400\">\u2013 Servi\u00e7o de emerg\u00eancia da Policl\u00ednica C\u00e9sar Pernetta \u2013 M\u00e9ier<\/p>\n<p style=\"font-weight: 400\">\u2013 Instituto Municipal Philippe Pinel \u2013 Botafogo<\/p>\n<p style=\"font-weight: 400\">\u2013 UIS Arthur Villaboim \u2013 Paquet\u00e1<\/p>\n<p style=\"font-weight: 400\">\u2013 UPA de Vila Kennedy<\/p>\n<p style=\"font-weight: 400\">\u2013 UPA da Rocinha<\/p>\n<p style=\"font-weight: 400\">\u2013 UPA do Complexo do Alem\u00e3o<\/p>\n<p style=\"font-weight: 400\">\u2013 UPA da Cidade de Deus<\/p>\n<p style=\"font-weight: 400\">\u2013 UPA Manguinhos<\/p>\n<p style=\"font-weight: 400\">\u2013 UPA de Santa Cruz \/ Jo\u00e3o XXIII<\/p>\n<p style=\"font-weight: 400\">\u2013 UPA do Engenho de Dentro<\/p>\n<p style=\"font-weight: 400\">\u2013 UPA de Madureira<\/p>\n<p style=\"font-weight: 400\">\u2013 UPA de Costa Barros<\/p>\n<p style=\"font-weight: 400\">\u2013 UPA de Senador Camar\u00e1<\/p>\n<p style=\"font-weight: 400\">\u2013 UPA Sepetiba<\/p>\n<p style=\"font-weight: 400\">\u2013 UPA Paci\u00eancia<\/p>\n<p style=\"font-weight: 400\">\u2013 UPA Magalh\u00e3es Bastos<\/p>\n<p style=\"font-weight: 400\">\u2013 UPA Rocha Miranda<\/p>\n<p style=\"font-weight: 400\">\u2013 UPA Del Castilho<\/p>\n<p style=\"font-weight: 400\">\u2013 Centro de Emerg\u00eancia Regional Centro<\/p>\n<p style=\"font-weight: 400\">\u2013 Centro de Emerg\u00eancia Regional Leblon<\/p>\n<p style=\"font-weight: 400\">\u2013 Centro de Emerg\u00eancia Regional Barra<\/p>\n<p style=\"font-weight: 400\">\u2013 Centro de Emerg\u00eancia Regional Ilha<\/p>\n<p style=\"font-weight: 400\">\u2013 Centro de Emerg\u00eancia Regional de Realengo<\/p>\n<p style=\"font-weight: 400\">\u2013 Centro de Emerg\u00eancia Regional de Campo Grande<\/p>\n<p style=\"font-weight: 400\">\u2013 Centro de Emerg\u00eancia Regional Santa Cruz<\/p>\n<p style=\"font-weight: 400\">\u2013 Centro de Aten\u00e7\u00e3o Psicossocial Maria do Socorro Santos<\/p>\n<p style=\"font-weight: 400\">\u2013 Centro de Aten\u00e7\u00e3o Psicossocial Franco Basaglia<\/p>\n<p style=\"font-weight: 400\">\u2013 Centro de Aten\u00e7\u00e3o Psicossocial Fernando Diniz<\/p>\n<p style=\"font-weight: 400\">\u2013 Centro de Aten\u00e7\u00e3o Psicossocial Jo\u00e3o Ferreira Filho<\/p>\n<p style=\"font-weight: 400\">\u2013 Centro de Aten\u00e7\u00e3o Psicossocial Profeta Gentileza<\/p>\n<p style=\"font-weight: 400\">\u2013 Centro de Aten\u00e7\u00e3o Psicossocial Severino dos Santos<\/p>\n<p style=\"font-weight: 400\">\u2013 Centro de Aten\u00e7\u00e3o Psicossocial Clarice Lispector<\/p>\n<p style=\"font-weight: 400\">\u2013 Centro de Aten\u00e7\u00e3o Psicossocial Manoel de Barros<\/p>\n<p style=\"font-weight: 400\">\u2013 Centro de Aten\u00e7\u00e3o Psicossocial Arthur Bispo do Ros\u00e1rio<\/p>\n<p style=\"font-weight: 400\">\u2013 Centro de Aten\u00e7\u00e3o Psicossocial Rubens Correa<\/p>\n<p style=\"font-weight: 400\">\u2013 Centro de Aten\u00e7\u00e3o Psicossocial Lima Barreto<\/p>\n<p style=\"font-weight: 400\">\u2013 Centro de Aten\u00e7\u00e3o Psicossocial Torquato Neto<\/p>\n<p style=\"font-weight: 400\">\u2013 Centro de Aten\u00e7\u00e3o Psicossocial Ernesto Nazareth<\/p>\n<p style=\"font-weight: 400\">\u2013 Centro de Aten\u00e7\u00e3o Psicossocial \u00c1lcool e outras Drogas Raul Seixas<\/p>\n<p style=\"font-weight: 400\">\u2013 Centro de Aten\u00e7\u00e3o Psicossocial \u00c1lcool e outras Drogas Paulo da Portela<\/p>\n<p style=\"font-weight: 400\">\u2013 Centro de Aten\u00e7\u00e3o Psicossocial \u00c1lcool e outras Drogas Miriam Makeba<\/p>\n<p style=\"font-weight: 400\">\u2013 Centro de Aten\u00e7\u00e3o Psicossocial \u00c1lcool e outras Drogas Ant\u00f4nio Carlos Mussum<\/p>\n<p style=\"font-weight: 400\">\u2013 Centro de Aten\u00e7\u00e3o Psicossocial \u00c1lcool e outras Drogas Dona Ivone Lara<\/p>\n<p style=\"font-weight: 400\">\u2013 Centro de Aten\u00e7\u00e3o Psicossocial Infanto-juvenil Maria Clara Machado<\/p>\n<p style=\"font-weight: 400\">\u2013 Centro de Aten\u00e7\u00e3o Psicossocial Infanto-juvenil Maur\u00edcio de Souza<\/p>\n<p style=\"font-weight: 400\">\u2013 Centro de Aten\u00e7\u00e3o Psicossocial Infanto-juvenil Eliza Santa Roza<\/p>\n<p>             <!-- Compartilhe ---><\/p>\n<p>\t\t\t <!-- TAGS --><\/p>\n<section class=\"category-tags\">\n<div class=\"marcacao-category\">\n<article class=\"category-post\">\n<p>Categoria: <\/p>\n<\/article>\n<li>17 de abril de 2025<\/li><\/div>\n<article class=\"tags\">\n\t\t\t\t\tMarca\u00e7\u00f5es: Feriado de S\u00e3o Jorge opera\u00e7\u00e3o prefeito Eduardo Paes Prefeitura do Rio prociss\u00e3o Quintino semana santa SMS tr\u00e2nsito UPA<br \/><\/article>\n<\/section>\n<p>            <!-- Mais Not&iacute;cias --><\/p>\n<p>\t\t<!-- Conte&uacute;do SIDEBAR --><\/p><\/div>\n","protected":false},"excerpt":{"rendered":"<p>Haver\u00e1 interdi\u00e7\u00f5es no entorno da Igreja de S\u00e3o Jorge para a prociss\u00e3o &#8211; Fabio Motta\/Prefeitura do Rio A Prefeitura do<\/p>\n","protected":false},"author":2,"featured_media":0,"comment_status":"","ping_status":"","sticky":false,"template":"","format":"standard","meta":{"colormag_page_container_layout":"default_layout","colormag_page_sidebar_layout":"default_layout","footnotes":""},"categories":[1],"tags":[],"class_list":["post-43229","post","type-post","status-publish","format-standard","hentry","category-ejornais"],"aioseo_notices":[],"amp_enabled":true,"_links":{"self":[{"href":"https:\/\/ejornais.com.br\/index.php\/wp-json\/wp\/v2\/posts\/43229","targetHints":{"allow":["GET"]}}],"collection":[{"href":"https:\/\/ejornais.com.br\/index.php\/wp-json\/wp\/v2\/posts"}],"about":[{"href":"https:\/\/ejornais.com.br\/index.php\/wp-json\/wp\/v2\/types\/post"}],"author":[{"embeddable":true,"href":"https:\/\/ejornais.com.br\/index.php\/wp-json\/wp\/v2\/users\/2"}],"replies":[{"embeddable":true,"href":"https:\/\/ejornais.com.br\/index.php\/wp-json\/wp\/v2\/comments?post=43229"}],"version-history":[{"count":0,"href":"https:\/\/ejornais.com.br\/index.php\/wp-json\/wp\/v2\/posts\/43229\/revisions"}],"wp:attachment":[{"href":"https:\/\/ejornais.com.br\/index.php\/wp-json\/wp\/v2\/media?parent=43229"}],"wp:term":[{"taxonomy":"category","embeddable":true,"href":"https:\/\/ejornais.com.br\/index.php\/wp-json\/wp\/v2\/categories?post=43229"},{"taxonomy":"post_tag","embeddable":true,"href":"https:\/\/ejornais.com.br\/index.php\/wp-json\/wp\/v2\/tags?post=43229"}],"curies":[{"name":"wp","href":"https:\/\/api.w.org\/{rel}","templated":true}]}}