{"id":43267,"date":"2025-04-18T03:20:43","date_gmt":"2025-04-18T06:20:43","guid":{"rendered":"https:\/\/ejornais.com.br\/index.php\/2025\/04\/18\/oficina-de-colagem-com-hq-celebra-o-dia-mundial-do-livro-e-do-direito-de-autor-na-biblioteca-infantil-de-sorocaba-agencia-de-noticias\/"},"modified":"2025-04-18T03:20:43","modified_gmt":"2025-04-18T06:20:43","slug":"oficina-de-colagem-com-hq-celebra-o-dia-mundial-do-livro-e-do-direito-de-autor-na-biblioteca-infantil-de-sorocaba-agencia-de-noticias","status":"publish","type":"post","link":"https:\/\/ejornais.com.br\/index.php\/2025\/04\/18\/oficina-de-colagem-com-hq-celebra-o-dia-mundial-do-livro-e-do-direito-de-autor-na-biblioteca-infantil-de-sorocaba-agencia-de-noticias\/","title":{"rendered":"Oficina de colagem com HQ celebra o Dia Mundial do Livro e do Direito de Autor na Biblioteca Infantil de Sorocaba \u2013 Ag\u00eancia de Not\u00edcias"},"content":{"rendered":"<p><\/p>\n<div>\n<div class=\"col\">\n<p class=\"mt-0\">\n                        <strong><br \/>\n                            <span class=\"far fa-calendar mr-1 mt-2\"\/><br \/>\n                            16 de abril de 2025<br \/>\n                            <span class=\"far fa-clock ml-3 mt-2\"\/><br \/>\n                            17:29<br \/>\n                        <\/strong>\n                    <\/p>\n<p class=\"mb-0\">Por: <strong>Evelyn Azevedo<\/strong><\/p>\n<\/p><\/div>\n<\/p><\/div>\n<div>\n<p>Na pr\u00f3xima quarta-feira (23), \u00e0s 14h, crian\u00e7as a partir de 7 anos podem participar da oficina \u201cRecorte e crie sua HQ\u201d, na Biblioteca Infantil Municipal \u201cRenato S\u00eaneca de S\u00e1 Fleury\u201d, localizada no Centro de Sorocaba, em comemora\u00e7\u00e3o ao Dia Mundial do Livro e do Direito de Autor (23 de abril).<\/p>\n<p>Realizada pela Prefeitura de Sorocaba, por meio da Secretaria de Cultura (Secult), a programa\u00e7\u00e3o tem como intuito aproximar a popula\u00e7\u00e3o do equipamento cultural, que possui um rico acervo, incentivando o acesso \u00e0 leitura, com propostas art\u00edsticas e l\u00fadicas.<\/p>\n<p>O encontro proporcionar\u00e1 uma tarde repleta de est\u00edmulos criativos para que os participantes possam criar sua pr\u00f3pria hist\u00f3ria em quadrinhos, por meio de recortes e colagens, enquanto aprendem um pouco sobre a import\u00e2ncia dos direitos autorais.<\/p>\n<p>A atividade \u00e9 gratuita e aberta ao p\u00fablico, sem necessidade de inscri\u00e7\u00e3o pr\u00e9via. A Biblioteca Infantil Municipal est\u00e1 localizada na Rua da Penha, 673, no Centro. Mais informa\u00e7\u00f5es pelo telefone: (15) 3231-5723.<\/p>\n<\/p><\/div>\n","protected":false},"excerpt":{"rendered":"<p>16 de abril de 2025 17:29 Por: Evelyn Azevedo Na pr\u00f3xima quarta-feira (23), \u00e0s 14h, crian\u00e7as a partir de 7<\/p>\n","protected":false},"author":2,"featured_media":0,"comment_status":"","ping_status":"","sticky":false,"template":"","format":"standard","meta":{"colormag_page_container_layout":"default_layout","colormag_page_sidebar_layout":"default_layout","footnotes":""},"categories":[1],"tags":[],"class_list":["post-43267","post","type-post","status-publish","format-standard","hentry","category-ejornais"],"aioseo_notices":[],"amp_enabled":true,"_links":{"self":[{"href":"https:\/\/ejornais.com.br\/index.php\/wp-json\/wp\/v2\/posts\/43267","targetHints":{"allow":["GET"]}}],"collection":[{"href":"https:\/\/ejornais.com.br\/index.php\/wp-json\/wp\/v2\/posts"}],"about":[{"href":"https:\/\/ejornais.com.br\/index.php\/wp-json\/wp\/v2\/types\/post"}],"author":[{"embeddable":true,"href":"https:\/\/ejornais.com.br\/index.php\/wp-json\/wp\/v2\/users\/2"}],"replies":[{"embeddable":true,"href":"https:\/\/ejornais.com.br\/index.php\/wp-json\/wp\/v2\/comments?post=43267"}],"version-history":[{"count":0,"href":"https:\/\/ejornais.com.br\/index.php\/wp-json\/wp\/v2\/posts\/43267\/revisions"}],"wp:attachment":[{"href":"https:\/\/ejornais.com.br\/index.php\/wp-json\/wp\/v2\/media?parent=43267"}],"wp:term":[{"taxonomy":"category","embeddable":true,"href":"https:\/\/ejornais.com.br\/index.php\/wp-json\/wp\/v2\/categories?post=43267"},{"taxonomy":"post_tag","embeddable":true,"href":"https:\/\/ejornais.com.br\/index.php\/wp-json\/wp\/v2\/tags?post=43267"}],"curies":[{"name":"wp","href":"https:\/\/api.w.org\/{rel}","templated":true}]}}