{"id":43284,"date":"2025-04-18T12:26:37","date_gmt":"2025-04-18T15:26:37","guid":{"rendered":"https:\/\/ejornais.com.br\/index.php\/2025\/04\/18\/feriadao-tambem-vale-para-atualizar-a-caderneta-de-vacinacao-prefeitura-da-cidade-do-rio-de-janeiro\/"},"modified":"2025-04-18T12:26:37","modified_gmt":"2025-04-18T15:26:37","slug":"feriadao-tambem-vale-para-atualizar-a-caderneta-de-vacinacao-prefeitura-da-cidade-do-rio-de-janeiro","status":"publish","type":"post","link":"https:\/\/ejornais.com.br\/index.php\/2025\/04\/18\/feriadao-tambem-vale-para-atualizar-a-caderneta-de-vacinacao-prefeitura-da-cidade-do-rio-de-janeiro\/","title":{"rendered":"Feriad\u00e3o tamb\u00e9m vale para atualizar a caderneta de vacina\u00e7\u00e3o &#8211; Prefeitura da Cidade do Rio de Janeiro"},"content":{"rendered":"<p><\/p>\n<div id=\"main\">\n<div class=\"wrapper-breadcrumbs\" wp_automatic_readability=\"26.08040201005\">\n<div class=\"image-post\" wp_automatic_readability=\"33\">\n                     Duas unidades do Super Centro Carioca de Vacina\u00e7\u00e3o v\u00e3o abrir entre os dias 18 e 23 de abril &#8211; Edu Kapps\/SMS                  <\/div>\n<p>Na cidade do Rio de Janeiro, a Sexta-Feira Santa (18) e os dias de Tiradentes (21) e S\u00e3o Jorge na quarta (23) s\u00e3o uma boa oportunidade para dar uma passadinha no Super Centro Carioca de Vacina\u00e7\u00e3o, em Botafogo e em Campo Grande. Isso sem falar no s\u00e1bado (19), no domingo (20) e no ponto facultativo da ter\u00e7a-feira (22). Sem desculpa para n\u00e3o se vacinar.<\/p>\n<p>Todas as vacinas do calend\u00e1rio de crian\u00e7as, adolescentes e adultos est\u00e3o dispon\u00edveis nas duas unidades do Super Centro Carioca de Vacina\u00e7\u00e3o. Em Botafogo (Rua General Severiano, 91), funcionando durante todo o per\u00edodo do feriad\u00e3o das 8h \u00e0s 22h, e no Park Shopping Campo Grande, no hor\u00e1rio do centro comercial.<\/p>\n<p>A ocasi\u00e3o \u00e9 uma chance para o carioca se imunizar com as diversas vacinas disponibilizadas e, inclusive, contra a gripe. Na \u00faltima quarta-feira (16), a campanha de vacina\u00e7\u00e3o contra a influenza foi ampliada para toda a popula\u00e7\u00e3o a partir dos seis meses de idade.<\/p>\n<p>Todas as vacinas s\u00e3o seguras. Para se imunizar, \u00e9 preciso apresentar um documento de identidade e, se dispon\u00edvel, a caderneta de vacina\u00e7\u00e3o.<\/p>\n<p>             <!-- Compartilhe ---><\/p>\n<p>\t\t\t <!-- TAGS --><\/p>\n<section class=\"category-tags\">\n<div class=\"marcacao-category\">\n<article class=\"category-post\">\n<p>Categoria: <\/p>\n<\/article>\n<li>18 de abril de 2025<\/li><\/div>\n<article class=\"tags\">\n\t\t\t\t\tMarca\u00e7\u00f5es: caderneta de vacina\u00e7\u00e3o feriado gripe P\u00e1scoa Prefeitura do Rio vacina\u00e7\u00e3o<br \/><\/article>\n<\/section>\n<p>            <!-- Mais Not&iacute;cias --><\/p>\n<p>\t\t<!-- Conte&uacute;do SIDEBAR --><\/p><\/div>\n<\/p><\/div>\n","protected":false},"excerpt":{"rendered":"<p>Duas unidades do Super Centro Carioca de Vacina\u00e7\u00e3o v\u00e3o abrir entre os dias 18 e 23 de abril &#8211; Edu<\/p>\n","protected":false},"author":2,"featured_media":0,"comment_status":"","ping_status":"","sticky":false,"template":"","format":"standard","meta":{"colormag_page_container_layout":"default_layout","colormag_page_sidebar_layout":"default_layout","footnotes":""},"categories":[1],"tags":[],"class_list":["post-43284","post","type-post","status-publish","format-standard","hentry","category-ejornais"],"aioseo_notices":[],"amp_enabled":true,"_links":{"self":[{"href":"https:\/\/ejornais.com.br\/index.php\/wp-json\/wp\/v2\/posts\/43284","targetHints":{"allow":["GET"]}}],"collection":[{"href":"https:\/\/ejornais.com.br\/index.php\/wp-json\/wp\/v2\/posts"}],"about":[{"href":"https:\/\/ejornais.com.br\/index.php\/wp-json\/wp\/v2\/types\/post"}],"author":[{"embeddable":true,"href":"https:\/\/ejornais.com.br\/index.php\/wp-json\/wp\/v2\/users\/2"}],"replies":[{"embeddable":true,"href":"https:\/\/ejornais.com.br\/index.php\/wp-json\/wp\/v2\/comments?post=43284"}],"version-history":[{"count":0,"href":"https:\/\/ejornais.com.br\/index.php\/wp-json\/wp\/v2\/posts\/43284\/revisions"}],"wp:attachment":[{"href":"https:\/\/ejornais.com.br\/index.php\/wp-json\/wp\/v2\/media?parent=43284"}],"wp:term":[{"taxonomy":"category","embeddable":true,"href":"https:\/\/ejornais.com.br\/index.php\/wp-json\/wp\/v2\/categories?post=43284"},{"taxonomy":"post_tag","embeddable":true,"href":"https:\/\/ejornais.com.br\/index.php\/wp-json\/wp\/v2\/tags?post=43284"}],"curies":[{"name":"wp","href":"https:\/\/api.w.org\/{rel}","templated":true}]}}