{"id":43290,"date":"2025-04-18T15:14:32","date_gmt":"2025-04-18T18:14:32","guid":{"rendered":"https:\/\/ejornais.com.br\/index.php\/2025\/04\/18\/csi-e-gcm-recuperam-moto-vendida-irregularmente\/"},"modified":"2025-04-18T15:14:32","modified_gmt":"2025-04-18T18:14:32","slug":"csi-e-gcm-recuperam-moto-vendida-irregularmente","status":"publish","type":"post","link":"https:\/\/ejornais.com.br\/index.php\/2025\/04\/18\/csi-e-gcm-recuperam-moto-vendida-irregularmente\/","title":{"rendered":"CSI e GCM recuperam moto vendida irregularmente"},"content":{"rendered":"<p><\/p>\n<div>\n<p><b>Paula Paz<\/b><br \/>&#13;<br \/>\n&#13;<br \/>\n                <span style=\"font-weight: bold;\">Secretaria de Prote\u00e7\u00e3o ao Cidad\u00e3o<\/span><\/p>\n<p>A integra\u00e7\u00e3o entre tecnologia e patrulhamento da Guarda Civil Municipal (GCM) de S\u00e3o Jos\u00e9 dos Campos resultou na recupera\u00e7\u00e3o de uma motocicleta furtada no bairro Rio Comprido, neste domingo (13). A a\u00e7\u00e3o teve in\u00edcio ap\u00f3s o Centro de Seguran\u00e7a e Intelig\u00eancia (CSI) identificar, por meio dos fotossensores inteligentes, a passagem de uma moto com registro de furto pela Estrada do Imperador, na regi\u00e3o sul.<\/p>\n<p>A equipe da ROMU (Ronda Ostensiva Municipal) foi acionada e localizou rapidamente o ve\u00edculo estacionado na garagem de um im\u00f3vel misto (resid\u00eancia e com\u00e9rcio) na mesma via. O morador, surpreendido com a abordagem, apresentou-se como dono da moto e autorizou a entrada da equipe para averigua\u00e7\u00e3o.<\/p>\n<p data-sourcepos=\"9:1-9:20\"><span class=\"intertitulo\"><strong>Compra irregular<\/strong><\/span><\/p>\n<p data-sourcepos=\"11:1-11:214\">Durante a abordagem, o homem relatou ter adquirido a motocicleta por meio de um grupo de WhatsApp especializado na venda de ve\u00edculos. A compra, no entanto, foi feita sem a devida checagem da proced\u00eancia do ve\u00edculo.<\/p>\n<p data-sourcepos=\"13:1-13:214\">O susto veio com a constata\u00e7\u00e3o de que a moto havia sido furtada no Paran\u00e1. Apesar de possuir o documento do ve\u00edculo e a chave original, a situa\u00e7\u00e3o foi configurada como recepta\u00e7\u00e3o, conforme previsto no C\u00f3digo Penal.<\/p>\n<p data-sourcepos=\"15:1-15:256\">Sem antecedentes criminais e colaborando com a investiga\u00e7\u00e3o, o comprador foi conduzido \u00e0 Central de Flagrantes, onde foi registrado o boletim de ocorr\u00eancia. A motocicleta foi apreendida e ficou sob investiga\u00e7\u00e3o at\u00e9 sua devolu\u00e7\u00e3o ao verdadeiro propriet\u00e1rio.<\/p>\n<p data-sourcepos=\"17:1-17:27\"><span class=\"intertitulo\"><strong>Alerta para a popula\u00e7\u00e3o<\/strong><\/span><\/p>\n<p data-sourcepos=\"19:1-19:265\">O caso serve de alerta: a compra de ve\u00edculos por canais informais, sem proced\u00eancia clara e sem checagem adequada, pode colocar o comprador em uma situa\u00e7\u00e3o delicada, mesmo sem m\u00e1-f\u00e9. A orienta\u00e7\u00e3o \u00e9 sempre buscar meios oficiais e certificados para qualquer aquisi\u00e7\u00e3o.<\/p>\n<p data-sourcepos=\"21:1-21:35\"><span class=\"intertitulo\"><strong>Tecnologia a favor da seguran\u00e7a<\/strong><\/span><\/p>\n<p data-sourcepos=\"23:1-23:293\">A a\u00e7\u00e3o refor\u00e7a o papel fundamental da tecnologia na Seguran\u00e7a P\u00fablica. As c\u00e2meras inteligentes fazem parte do programa Cidade Inteligente, desenvolvido pela Prefeitura de S\u00e3o Jos\u00e9 dos Campos, e t\u00eam auxiliado diariamente no rastreamento de ve\u00edculos com irregularidades e na preven\u00e7\u00e3o de crimes.<\/p>\n<p>&#13;<br \/>\n                        <strong>MAIS NOT\u00cdCIAS<\/strong><br \/>&#13;<br \/>\n                        Secretaria de Prote\u00e7\u00e3o ao Cidad\u00e3o&#13;\n                    <\/p>\n<\/p><\/div>\n","protected":false},"excerpt":{"rendered":"<p>Paula Paz&#13; &#13; Secretaria de Prote\u00e7\u00e3o ao Cidad\u00e3o A integra\u00e7\u00e3o entre tecnologia e patrulhamento da Guarda Civil Municipal (GCM) de<\/p>\n","protected":false},"author":2,"featured_media":0,"comment_status":"","ping_status":"","sticky":false,"template":"","format":"standard","meta":{"colormag_page_container_layout":"default_layout","colormag_page_sidebar_layout":"default_layout","footnotes":""},"categories":[1],"tags":[],"class_list":["post-43290","post","type-post","status-publish","format-standard","hentry","category-ejornais"],"aioseo_notices":[],"amp_enabled":true,"_links":{"self":[{"href":"https:\/\/ejornais.com.br\/index.php\/wp-json\/wp\/v2\/posts\/43290","targetHints":{"allow":["GET"]}}],"collection":[{"href":"https:\/\/ejornais.com.br\/index.php\/wp-json\/wp\/v2\/posts"}],"about":[{"href":"https:\/\/ejornais.com.br\/index.php\/wp-json\/wp\/v2\/types\/post"}],"author":[{"embeddable":true,"href":"https:\/\/ejornais.com.br\/index.php\/wp-json\/wp\/v2\/users\/2"}],"replies":[{"embeddable":true,"href":"https:\/\/ejornais.com.br\/index.php\/wp-json\/wp\/v2\/comments?post=43290"}],"version-history":[{"count":0,"href":"https:\/\/ejornais.com.br\/index.php\/wp-json\/wp\/v2\/posts\/43290\/revisions"}],"wp:attachment":[{"href":"https:\/\/ejornais.com.br\/index.php\/wp-json\/wp\/v2\/media?parent=43290"}],"wp:term":[{"taxonomy":"category","embeddable":true,"href":"https:\/\/ejornais.com.br\/index.php\/wp-json\/wp\/v2\/categories?post=43290"},{"taxonomy":"post_tag","embeddable":true,"href":"https:\/\/ejornais.com.br\/index.php\/wp-json\/wp\/v2\/tags?post=43290"}],"curies":[{"name":"wp","href":"https:\/\/api.w.org\/{rel}","templated":true}]}}