{"id":43380,"date":"2025-04-21T02:44:32","date_gmt":"2025-04-21T05:44:32","guid":{"rendered":"https:\/\/ejornais.com.br\/index.php\/2025\/04\/21\/area-de-boxes-atingidos-por-incendio-no-mercado-de-mangabeira-sera-interditada-para-reparos\/"},"modified":"2025-04-21T02:44:32","modified_gmt":"2025-04-21T05:44:32","slug":"area-de-boxes-atingidos-por-incendio-no-mercado-de-mangabeira-sera-interditada-para-reparos","status":"publish","type":"post","link":"https:\/\/ejornais.com.br\/index.php\/2025\/04\/21\/area-de-boxes-atingidos-por-incendio-no-mercado-de-mangabeira-sera-interditada-para-reparos\/","title":{"rendered":"\u00c1rea de boxes atingidos por inc\u00eandio no Mercado de Mangabeira ser\u00e1 interditada para reparos"},"content":{"rendered":"<p><\/p>\n<div>\n<h5 class=\"text-primary\">Nota<\/h5>\n<p>                        <!-- Mostra o t&iacute;tulo como um link para o link permanente do post --><\/p>\n<h2 class=\"mb-3\">\u00c1rea de boxes atingidos por inc\u00eandio no Mercado de Mangabeira ser\u00e1 interditada para reparos<\/h2>\n<p class=\"text-secondary font-italic mb-3 p-0\">&#13;<br \/>\n                            <i class=\"fa fa-calendar\"\/> 20\/04\/2025 | &#13;<br \/>\n                            <i class=\"fa fa-clock-o\"\/> 16:00 |&#13;<br \/>\n                            <i class=\"fa fa-eye\"\/> 251                        <\/p>\n<p>                        <!-- Mostra o conte&uacute;do do post em uma DIV --><\/p>\n<div class=\"\">\n<p>A Secretaria de Desenvolvimento Urbano de Jo\u00e3o Pessoa (Sedurb) informa que, na tarde deste domingo (20), foi registrado um princ\u00edpio de inc\u00eandio em um dos boxes do Mercado Municipal de Mangabeira. As chamas se alastraram rapidamente, atingindo um segundo box. A dire\u00e7\u00e3o do mercado acionou imediatamente o Corpo de Bombeiros, que controlou o foco do inc\u00eandio.\u00a0<\/p>\n<p>No momento do ocorrido, o mercado estava fechado ao p\u00fablico, e apenas alguns comerciantes realizavam servi\u00e7os internos em seus estabelecimentos. Felizmente, n\u00e3o houve feridos.\u00a0<\/p>\n<p>A \u00e1rea dos boxes atingidos ser\u00e1 interditada para reparos, conforme informado pela dire\u00e7\u00e3o do mercado.<\/p>\n<p>A causa do incidente ainda n\u00e3o foi identificada e a Sedurb aguarda laudo do Corpo de Bombeiros.<\/p>\n<\/p><\/div>\n<\/p><\/div>\n","protected":false},"excerpt":{"rendered":"<p>Nota \u00c1rea de boxes atingidos por inc\u00eandio no Mercado de Mangabeira ser\u00e1 interditada para reparos &#13; 20\/04\/2025 | &#13; 16:00<\/p>\n","protected":false},"author":2,"featured_media":0,"comment_status":"","ping_status":"","sticky":false,"template":"","format":"standard","meta":{"colormag_page_container_layout":"default_layout","colormag_page_sidebar_layout":"default_layout","footnotes":""},"categories":[1],"tags":[],"class_list":["post-43380","post","type-post","status-publish","format-standard","hentry","category-ejornais"],"aioseo_notices":[],"aioseo_head":"\n\t\t<!-- All in One SEO 5.0.1.1 - aioseo.com -->\n\t<meta name=\"description\" content=\"Nota \u00c1rea de boxes atingidos por inc\u00eandio no Mercado de Mangabeira ser\u00e1 interditada para reparos 20\/04\/2025 | 16:00 | 251 A Secretaria de Desenvolvimento Urbano de Jo\u00e3o Pessoa (Sedurb) informa que, na tarde deste domingo (20), foi registrado um princ\u00edpio de inc\u00eandio em um dos boxes do Mercado Municipal de Mangabeira. As chamas\" \/>\n\t<meta name=\"robots\" content=\"max-image-preview:large\" \/>\n\t<meta name=\"author\" content=\"admin1\"\/>\n\t<link rel=\"canonical\" href=\"https:\/\/ejornais.com.br\/index.php\/2025\/04\/21\/area-de-boxes-atingidos-por-incendio-no-mercado-de-mangabeira-sera-interditada-para-reparos\/\" \/>\n\t<meta name=\"generator\" content=\"All in One SEO (AIOSEO) 5.0.1.1\" \/>\n\t\t<meta property=\"og:locale\" content=\"pt_BR\" \/>\n\t\t<meta property=\"og:site_name\" content=\"eJornais - Cat\u00e1logo de Jornais no mundo, Not\u00edcias, Blog e Esportes ao vivo\" \/>\n\t\t<meta property=\"og:type\" content=\"article\" \/>\n\t\t<meta property=\"og:title\" content=\"\u00c1rea de boxes atingidos por inc\u00eandio no Mercado de Mangabeira ser\u00e1 interditada para reparos - eJornais\" \/>\n\t\t<meta property=\"og:description\" content=\"Nota \u00c1rea de boxes atingidos por inc\u00eandio no Mercado de Mangabeira ser\u00e1 interditada para reparos 20\/04\/2025 | 16:00 | 251 A Secretaria de Desenvolvimento Urbano de Jo\u00e3o Pessoa (Sedurb) informa que, na tarde deste domingo (20), foi registrado um princ\u00edpio de inc\u00eandio em um dos boxes do Mercado Municipal de Mangabeira. As chamas\" \/>\n\t\t<meta property=\"og:url\" content=\"https:\/\/ejornais.com.br\/index.php\/2025\/04\/21\/area-de-boxes-atingidos-por-incendio-no-mercado-de-mangabeira-sera-interditada-para-reparos\/\" \/>\n\t\t<meta property=\"article:published_time\" content=\"2025-04-21T05:44:32+00:00\" \/>\n\t\t<meta property=\"article:modified_time\" content=\"2025-04-21T05:44:32+00:00\" \/>\n\t\t<meta name=\"twitter:card\" content=\"summary_large_image\" \/>\n\t\t<meta name=\"twitter:title\" content=\"\u00c1rea de boxes atingidos por inc\u00eandio no Mercado de Mangabeira ser\u00e1 interditada para reparos - eJornais\" \/>\n\t\t<meta name=\"twitter:description\" content=\"Nota \u00c1rea de boxes atingidos por inc\u00eandio no Mercado de Mangabeira ser\u00e1 interditada para reparos 20\/04\/2025 | 16:00 | 251 A Secretaria de Desenvolvimento Urbano de Jo\u00e3o Pessoa (Sedurb) informa que, na tarde deste domingo (20), foi registrado um princ\u00edpio de inc\u00eandio em um dos boxes do Mercado Municipal de Mangabeira. As chamas\" \/>\n\t\t<script type=\"application\/ld+json\" class=\"aioseo-schema\">\n\t\t\t{\"@context\":\"https:\\\/\\\/schema.org\",\"@graph\":[{\"@type\":\"BlogPosting\",\"@id\":\"https:\\\/\\\/ejornais.com.br\\\/index.php\\\/2025\\\/04\\\/21\\\/area-de-boxes-atingidos-por-incendio-no-mercado-de-mangabeira-sera-interditada-para-reparos\\\/#blogposting\",\"name\":\"\\u00c1rea de boxes atingidos por inc\\u00eandio no Mercado de Mangabeira ser\\u00e1 interditada para reparos - eJornais\",\"headline\":\"\\u00c1rea de boxes atingidos por inc\\u00eandio no Mercado de Mangabeira ser\\u00e1 interditada para reparos\",\"author\":{\"@id\":\"https:\\\/\\\/ejornais.com.br\\\/index.php\\\/author\\\/admin1\\\/#author\"},\"publisher\":{\"@id\":\"https:\\\/\\\/ejornais.com.br\\\/#organization\"},\"datePublished\":\"2025-04-21T02:44:32-03:00\",\"dateModified\":\"2025-04-21T02:44:32-03:00\",\"inLanguage\":\"pt-BR\",\"mainEntityOfPage\":{\"@id\":\"https:\\\/\\\/ejornais.com.br\\\/index.php\\\/2025\\\/04\\\/21\\\/area-de-boxes-atingidos-por-incendio-no-mercado-de-mangabeira-sera-interditada-para-reparos\\\/#webpage\"},\"isPartOf\":{\"@id\":\"https:\\\/\\\/ejornais.com.br\\\/index.php\\\/2025\\\/04\\\/21\\\/area-de-boxes-atingidos-por-incendio-no-mercado-de-mangabeira-sera-interditada-para-reparos\\\/#webpage\"},\"articleSection\":\"Cat\\u00e1logo de Jornais\"},{\"@type\":\"BreadcrumbList\",\"@id\":\"https:\\\/\\\/ejornais.com.br\\\/index.php\\\/2025\\\/04\\\/21\\\/area-de-boxes-atingidos-por-incendio-no-mercado-de-mangabeira-sera-interditada-para-reparos\\\/#breadcrumblist\",\"itemListElement\":[{\"@type\":\"ListItem\",\"@id\":\"https:\\\/\\\/ejornais.com.br#listItem\",\"position\":1,\"name\":\"In\\u00edcio\",\"item\":\"https:\\\/\\\/ejornais.com.br\",\"nextItem\":{\"@type\":\"ListItem\",\"@id\":\"https:\\\/\\\/ejornais.com.br\\\/index.php\\\/category\\\/ejornais\\\/#listItem\",\"name\":\"Cat\\u00e1logo de Jornais\"}},{\"@type\":\"ListItem\",\"@id\":\"https:\\\/\\\/ejornais.com.br\\\/index.php\\\/category\\\/ejornais\\\/#listItem\",\"position\":2,\"name\":\"Cat\\u00e1logo de Jornais\",\"item\":\"https:\\\/\\\/ejornais.com.br\\\/index.php\\\/category\\\/ejornais\\\/\",\"nextItem\":{\"@type\":\"ListItem\",\"@id\":\"https:\\\/\\\/ejornais.com.br\\\/index.php\\\/2025\\\/04\\\/21\\\/area-de-boxes-atingidos-por-incendio-no-mercado-de-mangabeira-sera-interditada-para-reparos\\\/#listItem\",\"name\":\"\\u00c1rea de boxes atingidos por inc\\u00eandio no Mercado de Mangabeira ser\\u00e1 interditada para reparos\"},\"previousItem\":{\"@type\":\"ListItem\",\"@id\":\"https:\\\/\\\/ejornais.com.br#listItem\",\"name\":\"In\\u00edcio\"}},{\"@type\":\"ListItem\",\"@id\":\"https:\\\/\\\/ejornais.com.br\\\/index.php\\\/2025\\\/04\\\/21\\\/area-de-boxes-atingidos-por-incendio-no-mercado-de-mangabeira-sera-interditada-para-reparos\\\/#listItem\",\"position\":3,\"name\":\"\\u00c1rea de boxes atingidos por inc\\u00eandio no Mercado de Mangabeira ser\\u00e1 interditada para reparos\",\"previousItem\":{\"@type\":\"ListItem\",\"@id\":\"https:\\\/\\\/ejornais.com.br\\\/index.php\\\/category\\\/ejornais\\\/#listItem\",\"name\":\"Cat\\u00e1logo de Jornais\"}}]},{\"@type\":\"Organization\",\"@id\":\"https:\\\/\\\/ejornais.com.br\\\/#organization\",\"name\":\"eJornais\",\"description\":\"Cat\\u00e1logo de Jornais no mundo, Not\\u00edcias, Blog e Esportes ao vivo\",\"url\":\"https:\\\/\\\/ejornais.com.br\\\/\"},{\"@type\":\"Person\",\"@id\":\"https:\\\/\\\/ejornais.com.br\\\/index.php\\\/author\\\/admin1\\\/#author\",\"url\":\"https:\\\/\\\/ejornais.com.br\\\/index.php\\\/author\\\/admin1\\\/\",\"name\":\"admin1\",\"image\":{\"@type\":\"ImageObject\",\"@id\":\"https:\\\/\\\/ejornais.com.br\\\/index.php\\\/2025\\\/04\\\/21\\\/area-de-boxes-atingidos-por-incendio-no-mercado-de-mangabeira-sera-interditada-para-reparos\\\/#authorImage\",\"url\":\"https:\\\/\\\/secure.gravatar.com\\\/avatar\\\/04084e6d73c042b8646e7c17b494073bf0ede3ea13c7105cfc45cbbbc28385a4?s=96&d=mm&r=g\",\"width\":96,\"height\":96,\"caption\":\"admin1\"}},{\"@type\":\"WebPage\",\"@id\":\"https:\\\/\\\/ejornais.com.br\\\/index.php\\\/2025\\\/04\\\/21\\\/area-de-boxes-atingidos-por-incendio-no-mercado-de-mangabeira-sera-interditada-para-reparos\\\/#webpage\",\"url\":\"https:\\\/\\\/ejornais.com.br\\\/index.php\\\/2025\\\/04\\\/21\\\/area-de-boxes-atingidos-por-incendio-no-mercado-de-mangabeira-sera-interditada-para-reparos\\\/\",\"name\":\"\\u00c1rea de boxes atingidos por inc\\u00eandio no Mercado de Mangabeira ser\\u00e1 interditada para reparos - eJornais\",\"description\":\"Nota \\u00c1rea de boxes atingidos por inc\\u00eandio no Mercado de Mangabeira ser\\u00e1 interditada para reparos 20\\\/04\\\/2025 | 16:00 | 251 A Secretaria de Desenvolvimento Urbano de Jo\\u00e3o Pessoa (Sedurb) informa que, na tarde deste domingo (20), foi registrado um princ\\u00edpio de inc\\u00eandio em um dos boxes do Mercado Municipal de Mangabeira. As chamas\",\"inLanguage\":\"pt-BR\",\"isPartOf\":{\"@id\":\"https:\\\/\\\/ejornais.com.br\\\/#website\"},\"breadcrumb\":{\"@id\":\"https:\\\/\\\/ejornais.com.br\\\/index.php\\\/2025\\\/04\\\/21\\\/area-de-boxes-atingidos-por-incendio-no-mercado-de-mangabeira-sera-interditada-para-reparos\\\/#breadcrumblist\"},\"author\":{\"@id\":\"https:\\\/\\\/ejornais.com.br\\\/index.php\\\/author\\\/admin1\\\/#author\"},\"creator\":{\"@id\":\"https:\\\/\\\/ejornais.com.br\\\/index.php\\\/author\\\/admin1\\\/#author\"},\"datePublished\":\"2025-04-21T02:44:32-03:00\",\"dateModified\":\"2025-04-21T02:44:32-03:00\"},{\"@type\":\"WebSite\",\"@id\":\"https:\\\/\\\/ejornais.com.br\\\/#website\",\"url\":\"https:\\\/\\\/ejornais.com.br\\\/\",\"name\":\"eJornais\",\"description\":\"Cat\\u00e1logo de Jornais no mundo, Not\\u00edcias, Blog e Esportes ao vivo\",\"inLanguage\":\"pt-BR\",\"publisher\":{\"@id\":\"https:\\\/\\\/ejornais.com.br\\\/#organization\"}}]}\n\t\t<\/script>\n\t\t<!-- All in One SEO -->\n\n","aioseo_head_json":{"title":"\u00c1rea de boxes atingidos por inc\u00eandio no Mercado de Mangabeira ser\u00e1 interditada para reparos - eJornais","description":"Nota \u00c1rea de boxes atingidos por inc\u00eandio no Mercado de Mangabeira ser\u00e1 interditada para reparos 20\/04\/2025 | 16:00 | 251 A Secretaria de Desenvolvimento Urbano de Jo\u00e3o Pessoa (Sedurb) informa que, na tarde deste domingo (20), foi registrado um princ\u00edpio de inc\u00eandio em um dos boxes do Mercado Municipal de Mangabeira. As chamas","canonical_url":"https:\/\/ejornais.com.br\/index.php\/2025\/04\/21\/area-de-boxes-atingidos-por-incendio-no-mercado-de-mangabeira-sera-interditada-para-reparos\/","robots":"max-image-preview:large","keywords":"","webmasterTools":{"miscellaneous":""},"schema":{"@context":"https:\/\/schema.org","@graph":[{"@type":"BlogPosting","@id":"https:\/\/ejornais.com.br\/index.php\/2025\/04\/21\/area-de-boxes-atingidos-por-incendio-no-mercado-de-mangabeira-sera-interditada-para-reparos\/#blogposting","name":"\u00c1rea de boxes atingidos por inc\u00eandio no Mercado de Mangabeira ser\u00e1 interditada para reparos - eJornais","headline":"\u00c1rea de boxes atingidos por inc\u00eandio no Mercado de Mangabeira ser\u00e1 interditada para reparos","author":{"@id":"https:\/\/ejornais.com.br\/index.php\/author\/admin1\/#author"},"publisher":{"@id":"https:\/\/ejornais.com.br\/#organization"},"datePublished":"2025-04-21T02:44:32-03:00","dateModified":"2025-04-21T02:44:32-03:00","inLanguage":"pt-BR","mainEntityOfPage":{"@id":"https:\/\/ejornais.com.br\/index.php\/2025\/04\/21\/area-de-boxes-atingidos-por-incendio-no-mercado-de-mangabeira-sera-interditada-para-reparos\/#webpage"},"isPartOf":{"@id":"https:\/\/ejornais.com.br\/index.php\/2025\/04\/21\/area-de-boxes-atingidos-por-incendio-no-mercado-de-mangabeira-sera-interditada-para-reparos\/#webpage"},"articleSection":"Cat\u00e1logo de Jornais"},{"@type":"BreadcrumbList","@id":"https:\/\/ejornais.com.br\/index.php\/2025\/04\/21\/area-de-boxes-atingidos-por-incendio-no-mercado-de-mangabeira-sera-interditada-para-reparos\/#breadcrumblist","itemListElement":[{"@type":"ListItem","@id":"https:\/\/ejornais.com.br#listItem","position":1,"name":"In\u00edcio","item":"https:\/\/ejornais.com.br","nextItem":{"@type":"ListItem","@id":"https:\/\/ejornais.com.br\/index.php\/category\/ejornais\/#listItem","name":"Cat\u00e1logo de Jornais"}},{"@type":"ListItem","@id":"https:\/\/ejornais.com.br\/index.php\/category\/ejornais\/#listItem","position":2,"name":"Cat\u00e1logo de Jornais","item":"https:\/\/ejornais.com.br\/index.php\/category\/ejornais\/","nextItem":{"@type":"ListItem","@id":"https:\/\/ejornais.com.br\/index.php\/2025\/04\/21\/area-de-boxes-atingidos-por-incendio-no-mercado-de-mangabeira-sera-interditada-para-reparos\/#listItem","name":"\u00c1rea de boxes atingidos por inc\u00eandio no Mercado de Mangabeira ser\u00e1 interditada para reparos"},"previousItem":{"@type":"ListItem","@id":"https:\/\/ejornais.com.br#listItem","name":"In\u00edcio"}},{"@type":"ListItem","@id":"https:\/\/ejornais.com.br\/index.php\/2025\/04\/21\/area-de-boxes-atingidos-por-incendio-no-mercado-de-mangabeira-sera-interditada-para-reparos\/#listItem","position":3,"name":"\u00c1rea de boxes atingidos por inc\u00eandio no Mercado de Mangabeira ser\u00e1 interditada para reparos","previousItem":{"@type":"ListItem","@id":"https:\/\/ejornais.com.br\/index.php\/category\/ejornais\/#listItem","name":"Cat\u00e1logo de Jornais"}}]},{"@type":"Organization","@id":"https:\/\/ejornais.com.br\/#organization","name":"eJornais","description":"Cat\u00e1logo de Jornais no mundo, Not\u00edcias, Blog e Esportes ao vivo","url":"https:\/\/ejornais.com.br\/"},{"@type":"Person","@id":"https:\/\/ejornais.com.br\/index.php\/author\/admin1\/#author","url":"https:\/\/ejornais.com.br\/index.php\/author\/admin1\/","name":"admin1","image":{"@type":"ImageObject","@id":"https:\/\/ejornais.com.br\/index.php\/2025\/04\/21\/area-de-boxes-atingidos-por-incendio-no-mercado-de-mangabeira-sera-interditada-para-reparos\/#authorImage","url":"https:\/\/secure.gravatar.com\/avatar\/04084e6d73c042b8646e7c17b494073bf0ede3ea13c7105cfc45cbbbc28385a4?s=96&d=mm&r=g","width":96,"height":96,"caption":"admin1"}},{"@type":"WebPage","@id":"https:\/\/ejornais.com.br\/index.php\/2025\/04\/21\/area-de-boxes-atingidos-por-incendio-no-mercado-de-mangabeira-sera-interditada-para-reparos\/#webpage","url":"https:\/\/ejornais.com.br\/index.php\/2025\/04\/21\/area-de-boxes-atingidos-por-incendio-no-mercado-de-mangabeira-sera-interditada-para-reparos\/","name":"\u00c1rea de boxes atingidos por inc\u00eandio no Mercado de Mangabeira ser\u00e1 interditada para reparos - eJornais","description":"Nota \u00c1rea de boxes atingidos por inc\u00eandio no Mercado de Mangabeira ser\u00e1 interditada para reparos 20\/04\/2025 | 16:00 | 251 A Secretaria de Desenvolvimento Urbano de Jo\u00e3o Pessoa (Sedurb) informa que, na tarde deste domingo (20), foi registrado um princ\u00edpio de inc\u00eandio em um dos boxes do Mercado Municipal de Mangabeira. As chamas","inLanguage":"pt-BR","isPartOf":{"@id":"https:\/\/ejornais.com.br\/#website"},"breadcrumb":{"@id":"https:\/\/ejornais.com.br\/index.php\/2025\/04\/21\/area-de-boxes-atingidos-por-incendio-no-mercado-de-mangabeira-sera-interditada-para-reparos\/#breadcrumblist"},"author":{"@id":"https:\/\/ejornais.com.br\/index.php\/author\/admin1\/#author"},"creator":{"@id":"https:\/\/ejornais.com.br\/index.php\/author\/admin1\/#author"},"datePublished":"2025-04-21T02:44:32-03:00","dateModified":"2025-04-21T02:44:32-03:00"},{"@type":"WebSite","@id":"https:\/\/ejornais.com.br\/#website","url":"https:\/\/ejornais.com.br\/","name":"eJornais","description":"Cat\u00e1logo de Jornais no mundo, Not\u00edcias, Blog e Esportes ao vivo","inLanguage":"pt-BR","publisher":{"@id":"https:\/\/ejornais.com.br\/#organization"}}]},"og:locale":"pt_BR","og:site_name":"eJornais - Cat\u00e1logo de Jornais no mundo, Not\u00edcias, Blog e Esportes ao vivo","og:type":"article","og:title":"\u00c1rea de boxes atingidos por inc\u00eandio no Mercado de Mangabeira ser\u00e1 interditada para reparos - eJornais","og:description":"Nota \u00c1rea de boxes atingidos por inc\u00eandio no Mercado de Mangabeira ser\u00e1 interditada para reparos 20\/04\/2025 | 16:00 | 251 A Secretaria de Desenvolvimento Urbano de Jo\u00e3o Pessoa (Sedurb) informa que, na tarde deste domingo (20), foi registrado um princ\u00edpio de inc\u00eandio em um dos boxes do Mercado Municipal de Mangabeira. As chamas","og:url":"https:\/\/ejornais.com.br\/index.php\/2025\/04\/21\/area-de-boxes-atingidos-por-incendio-no-mercado-de-mangabeira-sera-interditada-para-reparos\/","article:published_time":"2025-04-21T05:44:32+00:00","article:modified_time":"2025-04-21T05:44:32+00:00","twitter:card":"summary_large_image","twitter:title":"\u00c1rea de boxes atingidos por inc\u00eandio no Mercado de Mangabeira ser\u00e1 interditada para reparos - eJornais","twitter:description":"Nota \u00c1rea de boxes atingidos por inc\u00eandio no Mercado de Mangabeira ser\u00e1 interditada para reparos 20\/04\/2025 | 16:00 | 251 A Secretaria de Desenvolvimento Urbano de Jo\u00e3o Pessoa (Sedurb) informa que, na tarde deste domingo (20), foi registrado um princ\u00edpio de inc\u00eandio em um dos boxes do Mercado Municipal de Mangabeira. As chamas"},"aioseo_meta_data":{"post_id":"43380","title":null,"description":null,"keywords":null,"keyphrases":null,"primary_term":null,"canonical_url":null,"og_title":null,"og_description":null,"og_object_type":"default","og_image_type":"default","og_image_url":null,"og_image_width":null,"og_image_height":null,"og_image_custom_url":null,"og_image_custom_fields":null,"og_video":null,"og_custom_url":null,"og_article_section":null,"og_article_tags":null,"twitter_use_og":false,"twitter_card":"default","twitter_image_type":"default","twitter_image_url":null,"twitter_image_custom_url":null,"twitter_image_custom_fields":null,"twitter_title":null,"twitter_description":null,"schema":{"blockGraphs":[],"customGraphs":[],"default":{"data":{"Article":[],"Course":[],"Dataset":[],"FAQPage":[],"Movie":[],"Person":[],"Product":[],"ProductReview":[],"Car":[],"Recipe":[],"Service":[],"SoftwareApplication":[],"WebPage":[]},"graphName":"","isEnabled":true},"graphs":[]},"schema_type":"default","schema_type_options":null,"pillar_content":false,"robots_default":true,"robots_noindex":false,"robots_noarchive":false,"robots_nosnippet":false,"robots_nofollow":false,"robots_noimageindex":false,"robots_noodp":false,"robots_notranslate":false,"robots_max_snippet":null,"robots_max_videopreview":null,"robots_max_imagepreview":"large","priority":null,"frequency":null,"local_seo":null,"breadcrumb_settings":null,"limit_modified_date":false,"ai":null,"created":"2025-04-21 05:56:03","updated":"2025-06-06 17:14:51","seo_analyzer_scan_date":null,"focus_keyword":null,"additional_keywords":null,"truseo_locale":null},"aioseo_breadcrumb":"<div class=\"aioseo-breadcrumbs\"><span class=\"aioseo-breadcrumb\">\n\t\t\t<a href=\"https:\/\/ejornais.com.br\" title=\"In\u00edcio\">In\u00edcio<\/a>\n\t\t<\/span><span class=\"aioseo-breadcrumb-separator\">&raquo;<\/span><span class=\"aioseo-breadcrumb\">\n\t\t\t<a href=\"https:\/\/ejornais.com.br\/index.php\/category\/ejornais\/\" title=\"Cat\u00e1logo de Jornais\">Cat\u00e1logo de Jornais<\/a>\n\t\t<\/span><span class=\"aioseo-breadcrumb-separator\">&raquo;<\/span><span class=\"aioseo-breadcrumb\">\n\t\t\t\u00c1rea de boxes atingidos por inc\u00eandio no Mercado de Mangabeira ser\u00e1 interditada para reparos\n\t\t<\/span><\/div>","aioseo_breadcrumb_json":[{"label":"In\u00edcio","link":"https:\/\/ejornais.com.br"},{"label":"Cat\u00e1logo de Jornais","link":"https:\/\/ejornais.com.br\/index.php\/category\/ejornais\/"},{"label":"\u00c1rea de boxes atingidos por inc\u00eandio no Mercado de Mangabeira ser\u00e1 interditada para reparos","link":"https:\/\/ejornais.com.br\/index.php\/2025\/04\/21\/area-de-boxes-atingidos-por-incendio-no-mercado-de-mangabeira-sera-interditada-para-reparos\/"}],"amp_enabled":true,"_links":{"self":[{"href":"https:\/\/ejornais.com.br\/index.php\/wp-json\/wp\/v2\/posts\/43380","targetHints":{"allow":["GET"]}}],"collection":[{"href":"https:\/\/ejornais.com.br\/index.php\/wp-json\/wp\/v2\/posts"}],"about":[{"href":"https:\/\/ejornais.com.br\/index.php\/wp-json\/wp\/v2\/types\/post"}],"author":[{"embeddable":true,"href":"https:\/\/ejornais.com.br\/index.php\/wp-json\/wp\/v2\/users\/2"}],"replies":[{"embeddable":true,"href":"https:\/\/ejornais.com.br\/index.php\/wp-json\/wp\/v2\/comments?post=43380"}],"version-history":[{"count":0,"href":"https:\/\/ejornais.com.br\/index.php\/wp-json\/wp\/v2\/posts\/43380\/revisions"}],"wp:attachment":[{"href":"https:\/\/ejornais.com.br\/index.php\/wp-json\/wp\/v2\/media?parent=43380"}],"wp:term":[{"taxonomy":"category","embeddable":true,"href":"https:\/\/ejornais.com.br\/index.php\/wp-json\/wp\/v2\/categories?post=43380"},{"taxonomy":"post_tag","embeddable":true,"href":"https:\/\/ejornais.com.br\/index.php\/wp-json\/wp\/v2\/tags?post=43380"}],"curies":[{"name":"wp","href":"https:\/\/api.w.org\/{rel}","templated":true}]}}