{"id":43384,"date":"2025-04-21T05:34:38","date_gmt":"2025-04-21T08:34:38","guid":{"rendered":"https:\/\/ejornais.com.br\/index.php\/2025\/04\/21\/cnj-afasta-desembargador-por-mensagens-publicas-de-apoio-a-bolsonaro\/"},"modified":"2025-04-21T05:34:38","modified_gmt":"2025-04-21T08:34:38","slug":"cnj-afasta-desembargador-por-mensagens-publicas-de-apoio-a-bolsonaro","status":"publish","type":"post","link":"https:\/\/ejornais.com.br\/index.php\/2025\/04\/21\/cnj-afasta-desembargador-por-mensagens-publicas-de-apoio-a-bolsonaro\/","title":{"rendered":"CNJ afasta desembargador por mensagens p\u00fablicas de apoio a Bolsonaro"},"content":{"rendered":"<p> Por MRNews<br \/>\n<\/p>\n<div wp_automatic_readability=\"53.890146750524\">\n<p><strong>O plen\u00e1rio do Conselho Nacional de Justi\u00e7a (CNJ) afastou por 60 dias o desembargador Marcelo Lima Buhatem, do Tribunal de Justi\u00e7a do Rio de Janeiro, pela publica\u00e7\u00e3o de mensagens pol\u00edtico-partid\u00e1rias nas redes sociais.<\/strong> Pela decis\u00e3o, Buhatem fica em disponibilidade, afastado de suas fun\u00e7\u00f5es, mas continua recebendo vencimentos proporcionais ao tempo de servi\u00e7o.<\/p>\n<p>O desembargador, que respondia a processo administrativo disciplinar por poss\u00edveis infra\u00e7\u00f5es, foi acusado de tr\u00e1fico de influ\u00eancia, paralisa\u00e7\u00e3o irregular de processos e de n\u00e3o comunicar suspei\u00e7\u00e3o em processos onde uma familiar atuava como advogada. No entanto, o relator do processo, conselheiro Alexandre Teixeira, defendeu puni\u00e7\u00e3o apenas para as publica\u00e7\u00f5es pol\u00edtico-partid\u00e1rias, por entender que n\u00e3o h\u00e1 provas de conduta il\u00edcita nas outras acusa\u00e7\u00f5es.<\/p>\n<p><strong>Buhatem compartilhou por diversas vezes publica\u00e7\u00f5es de apoio ao ex-presidente Jair Bolsonaro em seu perfil na rede Linkedin. Al\u00e9m disso, conforme noticiado pela imprensa, o desembargador aparece em uma foto, jantando com o ex-presidente e sua comitiva durante uma viagem a Dubai. Ele tamb\u00e9m enviou mensagem a uma lista de transmiss\u00e3o no WhatsApp associando o presidente Luiz In\u00e1cio Lula da Silva \u00e0 fac\u00e7\u00e3o criminosa Comando Vermelho.<\/strong><\/p>\n<p><strong><a href=\"https:\/\/mrnews.com.br\/index.php\/2025\/04\/20\/tres-homens-sao-presos-suspeitos-de-planejar-matar-morador-de-rua\/\">Tr\u00eas homens s\u00e3o presos suspeitos de planejar matar morador de rua<\/a><\/strong><\/p>\n<p><strong><a href=\"https:\/\/mrnews.com.br\/index.php\/2025\/04\/19\/estado-de-sao-paulo-registra-primeiro-caso-de-sarampo-neste-ano\/\">Estado de S\u00e3o Paulo registra primeiro caso de sarampo neste ano<\/a><\/strong><\/p>\n<p>Segundo a defesa do desembargador, ele apenas \u201ccurtiu\u201d postagens institucionais feitas pelo ent\u00e3o presidente Jair Bolsonaro, \u201csem tecer manifesta\u00e7\u00e3o pessoal sobre o conte\u00fado das\u00a0publica\u00e7\u00f5es em redes sociais\u201d. O plen\u00e1rio do CNJ entendeu, no entanto, que as mensagens tiveram grande alcance e fomentaram a desconfian\u00e7a social acerca da justi\u00e7a, seguran\u00e7a e transpar\u00eancia das elei\u00e7\u00f5es.<\/p>\n<p><strong>O relator do processo votou pelo afastamento por 90 dias, mas a maioria dos conselheiros decidiu reduzir a pena a 60 dias, acompanhando a puni\u00e7\u00e3o aplicada em casos semelhantes.<\/strong> O ac\u00f3rd\u00e3o da vota\u00e7\u00e3o destaca que \u201cas mensagens divulgadas pelo desembargador em seus perfis nas redes sociais caracterizam indevida publicidade de prefer\u00eancia pol\u00edtico-partid\u00e1ria, conduta impr\u00f3pria, nos termos da Constitui\u00e7\u00e3o Federal e das demais normas legais e regulamentares que disciplinam os deveres da magistratura\u201d.<\/p>\n<\/div>\n","protected":false},"excerpt":{"rendered":"<p>Por MRNews O plen\u00e1rio do Conselho Nacional de Justi\u00e7a (CNJ) afastou por 60 dias o desembargador Marcelo Lima Buhatem, do<\/p>\n","protected":false},"author":2,"featured_media":0,"comment_status":"","ping_status":"","sticky":false,"template":"","format":"standard","meta":{"colormag_page_container_layout":"default_layout","colormag_page_sidebar_layout":"default_layout","footnotes":""},"categories":[1],"tags":[],"class_list":["post-43384","post","type-post","status-publish","format-standard","hentry","category-ejornais"],"aioseo_notices":[],"amp_enabled":true,"_links":{"self":[{"href":"https:\/\/ejornais.com.br\/index.php\/wp-json\/wp\/v2\/posts\/43384","targetHints":{"allow":["GET"]}}],"collection":[{"href":"https:\/\/ejornais.com.br\/index.php\/wp-json\/wp\/v2\/posts"}],"about":[{"href":"https:\/\/ejornais.com.br\/index.php\/wp-json\/wp\/v2\/types\/post"}],"author":[{"embeddable":true,"href":"https:\/\/ejornais.com.br\/index.php\/wp-json\/wp\/v2\/users\/2"}],"replies":[{"embeddable":true,"href":"https:\/\/ejornais.com.br\/index.php\/wp-json\/wp\/v2\/comments?post=43384"}],"version-history":[{"count":0,"href":"https:\/\/ejornais.com.br\/index.php\/wp-json\/wp\/v2\/posts\/43384\/revisions"}],"wp:attachment":[{"href":"https:\/\/ejornais.com.br\/index.php\/wp-json\/wp\/v2\/media?parent=43384"}],"wp:term":[{"taxonomy":"category","embeddable":true,"href":"https:\/\/ejornais.com.br\/index.php\/wp-json\/wp\/v2\/categories?post=43384"},{"taxonomy":"post_tag","embeddable":true,"href":"https:\/\/ejornais.com.br\/index.php\/wp-json\/wp\/v2\/tags?post=43384"}],"curies":[{"name":"wp","href":"https:\/\/api.w.org\/{rel}","templated":true}]}}