{"id":43395,"date":"2025-04-21T12:32:35","date_gmt":"2025-04-21T15:32:35","guid":{"rendered":"https:\/\/ejornais.com.br\/index.php\/2025\/04\/21\/agencia-minas-gerais-rede-minas-transmite-a-cerimonia-do-dia-da-inconfidencia-mineira\/"},"modified":"2025-04-21T12:32:35","modified_gmt":"2025-04-21T15:32:35","slug":"agencia-minas-gerais-rede-minas-transmite-a-cerimonia-do-dia-da-inconfidencia-mineira","status":"publish","type":"post","link":"https:\/\/ejornais.com.br\/index.php\/2025\/04\/21\/agencia-minas-gerais-rede-minas-transmite-a-cerimonia-do-dia-da-inconfidencia-mineira\/","title":{"rendered":"Ag\u00eancia Minas Gerais | Rede Minas transmite a cerim\u00f4nia do Dia da Inconfid\u00eancia Mineira"},"content":{"rendered":"<p><\/p>\n<div>\n<p>A Rede Minas transmitiu, nesta segunda-feira (21\/4), diretamente da cidade hist\u00f3rica de Ouro Preto, a cerim\u00f4nia de entrega da Medalha da Inconfid\u00eancia. A comenda &#8211; a maior concedida pelo Governo de Minas &#8211;\u00a0\u00a0\u00e9 entregue a pessoas\u00a0e institui\u00e7\u00f5es com atua\u00e7\u00e3o em prol do desenvolvimento de Minas e do Brasil.<\/p>\n<p>\u00a0<\/p>\n<blockquote><p>&#13;<\/p>\n<p><em>Em fun\u00e7\u00e3o do decreto de luto oficial vigente em Minas Gerais em refer\u00eancia ao falecimento do Papa Francisco, a cerim\u00f4nia da Medalha da Inconfid\u00eancia deste ano sofreu mudan\u00e7as. As m\u00fasicas n\u00e3o foram\u00a0executadas, incluindo o Hino Nacional, por exemplo, e a bandeira de Minas Gerais foi hasteada a meio mastro. Houve um minuto de sil\u00eancio na Pra\u00e7a Tiradentes.<\/em><\/p>\n<p>&#13;\n<\/p><\/blockquote>\n<p>\u00a0<\/p>\n<p>Veja, abaixo, os v\u00eddeos dos dois momentos exibidos na programa\u00e7\u00e3o da emissora p\u00fablica:<\/p>\n<p><strong>Cerim\u00f4nia de entrega da Medalha da Inconfid\u00eancia<\/strong><\/p>\n<p><iframe loading=\"lazy\" title=\"Cerim\u00f4nia de entrega da Medalha da Inconfid\u00eancia 2025\" width=\"800\" height=\"450\" src=\"https:\/\/www.youtube.com\/embed\/u7BjofqOzAg?feature=oembed\" frameborder=\"0\" allow=\"accelerometer; autoplay; clipboard-write; encrypted-media; gyroscope; picture-in-picture; web-share\" referrerpolicy=\"strict-origin-when-cross-origin\" allowfullscreen><\/iframe><\/p>\n<p><strong>Honra militar &#8211; Pra\u00e7a Tiradentes<\/strong><\/p>\n<p><iframe loading=\"lazy\" title=\"Governo de Minas celebra Dia da Inconfid\u00eancia Mineira\" width=\"800\" height=\"600\" src=\"https:\/\/www.youtube.com\/embed\/nAuDdf6n4lA?feature=oembed\" frameborder=\"0\" allow=\"accelerometer; autoplay; clipboard-write; encrypted-media; gyroscope; picture-in-picture; web-share\" referrerpolicy=\"strict-origin-when-cross-origin\" allowfullscreen><\/iframe><\/p>\n<p>\u00a0<\/p>\n<\/p><\/div>\n","protected":false},"excerpt":{"rendered":"<p>A Rede Minas transmitiu, nesta segunda-feira (21\/4), diretamente da cidade hist\u00f3rica de Ouro Preto, a cerim\u00f4nia de entrega da Medalha<\/p>\n","protected":false},"author":2,"featured_media":0,"comment_status":"","ping_status":"","sticky":false,"template":"","format":"standard","meta":{"colormag_page_container_layout":"default_layout","colormag_page_sidebar_layout":"default_layout","footnotes":""},"categories":[1],"tags":[],"class_list":["post-43395","post","type-post","status-publish","format-standard","hentry","category-ejornais"],"aioseo_notices":[],"amp_enabled":true,"_links":{"self":[{"href":"https:\/\/ejornais.com.br\/index.php\/wp-json\/wp\/v2\/posts\/43395","targetHints":{"allow":["GET"]}}],"collection":[{"href":"https:\/\/ejornais.com.br\/index.php\/wp-json\/wp\/v2\/posts"}],"about":[{"href":"https:\/\/ejornais.com.br\/index.php\/wp-json\/wp\/v2\/types\/post"}],"author":[{"embeddable":true,"href":"https:\/\/ejornais.com.br\/index.php\/wp-json\/wp\/v2\/users\/2"}],"replies":[{"embeddable":true,"href":"https:\/\/ejornais.com.br\/index.php\/wp-json\/wp\/v2\/comments?post=43395"}],"version-history":[{"count":0,"href":"https:\/\/ejornais.com.br\/index.php\/wp-json\/wp\/v2\/posts\/43395\/revisions"}],"wp:attachment":[{"href":"https:\/\/ejornais.com.br\/index.php\/wp-json\/wp\/v2\/media?parent=43395"}],"wp:term":[{"taxonomy":"category","embeddable":true,"href":"https:\/\/ejornais.com.br\/index.php\/wp-json\/wp\/v2\/categories?post=43395"},{"taxonomy":"post_tag","embeddable":true,"href":"https:\/\/ejornais.com.br\/index.php\/wp-json\/wp\/v2\/tags?post=43395"}],"curies":[{"name":"wp","href":"https:\/\/api.w.org\/{rel}","templated":true}]}}