{"id":43479,"date":"2025-04-23T05:49:37","date_gmt":"2025-04-23T08:49:37","guid":{"rendered":"https:\/\/ejornais.com.br\/index.php\/2025\/04\/23\/agencia-minas-gerais-jogos-escolares-de-minas-abrem-edicao-historica-com-100-dos-municipios-inscritos\/"},"modified":"2025-04-23T05:49:37","modified_gmt":"2025-04-23T08:49:37","slug":"agencia-minas-gerais-jogos-escolares-de-minas-abrem-edicao-historica-com-100-dos-municipios-inscritos","status":"publish","type":"post","link":"https:\/\/ejornais.com.br\/index.php\/2025\/04\/23\/agencia-minas-gerais-jogos-escolares-de-minas-abrem-edicao-historica-com-100-dos-municipios-inscritos\/","title":{"rendered":"Ag\u00eancia Minas Gerais | Jogos Escolares de Minas abrem edi\u00e7\u00e3o hist\u00f3rica com 100% dos munic\u00edpios inscritos\u00a0"},"content":{"rendered":"<p><\/p>\n<div>\n<p>A maior competi\u00e7\u00e3o estudantil do pa\u00eds come\u00e7a com marca in\u00e9dita: todos os 853 munic\u00edpios mineiros se inscreveram na edi\u00e7\u00e3o 2025 dos Jogos Escolares de Minas Gerais (Jemg). O evento teve in\u00edcio nessa segunda-feira (21\/4)\u00a0e segue at\u00e9 24\/8, envolvendo estudantes de 12 a 17 anos das redes p\u00fablica e privada em disputas esportivas por todo o estado.\u00a0<\/p>\n<p>Realizado pela Secretaria de Estado de Desenvolvimento Social (Sedese), em parceria com a Secretaria de Estado de Educa\u00e7\u00e3o (SEE), o Jemg se consolida como uma das principais pol\u00edticas p\u00fablicas voltadas para a juventude, promovendo educa\u00e7\u00e3o, cidadania e inclus\u00e3o por meio do esporte.\u00a0<\/p>\n<p>Para a secret\u00e1ria de Desenvolvimento Social, Al\u00ea Portela, o alcance in\u00e9dito do evento refor\u00e7a o papel estrat\u00e9gico da competi\u00e7\u00e3o. \u201cEssa marca hist\u00f3rica refor\u00e7a a import\u00e2ncia do Jemg para a forma\u00e7\u00e3o integral dos nossos jovens. \u00c9 o esporte chegando a cada canto de Minas\u201d, afirma.\u00a0<\/p>\n<p>J\u00e1 o secret\u00e1rio de Estado de Educa\u00e7\u00e3o, Igor de Alvarenga, destaca que o Jemg vai muito al\u00e9m de uma competi\u00e7\u00e3o. &#8220;Os Jogos Escolares de Minas Gerais se transformaram em uma plataforma essencial para que os estudantes desenvolvam compet\u00eancias fundamentais, como trabalho em equipe, disciplina e resili\u00eancia&#8221;, ressalta.\u00a0<\/p>\n<p><b>Novidades desta edi\u00e7\u00e3o\u00a0<\/b>\u00a0<\/p>\n<p>A edi\u00e7\u00e3o 2025 chega com inova\u00e7\u00f5es importantes. Uma delas \u00e9 a inclus\u00e3o do atletismo convencional j\u00e1 na etapa regional, modalidade que at\u00e9 ent\u00e3o era exclusiva da fase estadual. Outra novidade \u00e9 a estreia do basquete 3&#215;3, que promete atrair novos atletas e ampliar a diversidade de perfis participantes.\u00a0<\/p>\n<p>As disputas s\u00e3o divididas em dois m\u00f3dulos: o M\u00f3dulo I re\u00fane estudantes nascidos entre 2013 e 2011, e o M\u00f3dulo II contempla os nascidos entre 2010 e 2008.\u00a0\u00a0<\/p>\n<p>A etapa microrregional, dividida em sete semanas de execu\u00e7\u00e3o, com in\u00edcio previsto para os pr\u00f3ximos dias, ser\u00e1 realizada em 54 cidades-sede espalhadas por todas as regi\u00f5es de Minas. As equipes campe\u00e3s nas modalidades coletivas e os quatro primeiros colocados no xadrez seguem para a fase regional. J\u00e1 os campe\u00f5es regionais avan\u00e7am para a etapa estadual.\u00a0<\/p>\n<p>O cronograma completo das etapas do Jemg 2025 est\u00e1 dispon\u00edvel <u>neste link<\/u>.\u00a0<\/p>\n<p>Nas fases seguintes, os jovens atletas competem em modalidades individuais como atletismo, nata\u00e7\u00e3o, jud\u00f4, gin\u00e1stica, ciclismo, xadrez, entre outras, al\u00e9m das coletivas como basquete, futsal, handebol e v\u00f4lei \u2014 incluindo o v\u00f4lei de praia.\u00a0<\/p>\n<p>O atleta de lan\u00e7amento de peso e aluno da rede estadual em Baependi, no Sul de Minas, Lucas Alves Cruz, v\u00ea nos jogos do Governo de Minas um impulso decisivo.\u00a0<\/p>\n<p>&#8220;Foi no Jemg que tudo come\u00e7ou. Ele abriu as portas para o Jebs, o Sul-Americano e o Mundial, sem o Jemg, eu n\u00e3o teria chegado t\u00e3o longe\u201d, afirma o atleta.\u00a0<\/p>\n<p><b>Inclus\u00e3o e representatividade<\/b>\u00a0<\/p>\n<p>O Jemg tamb\u00e9m valoriza o esporte como ferramenta de inclus\u00e3o. A fase estadual paral\u00edmpica contempla diversas modalidades para pessoas com defici\u00eancia (PCD), como goalball, bocha, nata\u00e7\u00e3o PCD, jud\u00f4 PCD, parataekwondo, futebol de cegos, entre outras.\u00a0<\/p>\n<p>Al\u00e9m de promover integra\u00e7\u00e3o e desenvolvimento, o Jemg \u00e9 a porta de entrada para os principais torneios nacionais da categoria. Os campe\u00f5es das competi\u00e7\u00f5es representar\u00e3o Minas Gerais nos Jogos Escolares Brasileiros (JEBs), nos Jogos da Juventude e nas Paralimp\u00edadas Escolares.\u00a0<\/p>\n<p>A execu\u00e7\u00e3o t\u00e9cnica do evento \u00e9 realizada pela Federa\u00e7\u00e3o de Esportes Estudantis de Minas Gerais (Feemg).\u00a0<\/p>\n<p>\u00a0<\/p>\n<p>\u00a0<\/p>\n<\/p><\/div>\n","protected":false},"excerpt":{"rendered":"<p>A maior competi\u00e7\u00e3o estudantil do pa\u00eds come\u00e7a com marca in\u00e9dita: todos os 853 munic\u00edpios mineiros se inscreveram na edi\u00e7\u00e3o 2025<\/p>\n","protected":false},"author":2,"featured_media":0,"comment_status":"","ping_status":"","sticky":false,"template":"","format":"standard","meta":{"colormag_page_container_layout":"default_layout","colormag_page_sidebar_layout":"default_layout","footnotes":""},"categories":[1],"tags":[],"class_list":["post-43479","post","type-post","status-publish","format-standard","hentry","category-ejornais"],"aioseo_notices":[],"aioseo_head":"\n\t\t<!-- All in One SEO 5.0.1.1 - aioseo.com -->\n\t<meta name=\"description\" content=\"A maior competi\u00e7\u00e3o estudantil do pa\u00eds come\u00e7a com marca in\u00e9dita: todos os 853 munic\u00edpios mineiros se inscreveram na edi\u00e7\u00e3o 2025 dos Jogos Escolares de Minas Gerais (Jemg). O evento teve in\u00edcio nessa segunda-feira (21\/4) e segue at\u00e9 24\/8, envolvendo estudantes de 12 a 17 anos das redes p\u00fablica e privada em disputas esportivas por todo o\" \/>\n\t<meta name=\"robots\" content=\"max-image-preview:large\" \/>\n\t<meta name=\"author\" content=\"admin1\"\/>\n\t<link rel=\"canonical\" href=\"https:\/\/ejornais.com.br\/index.php\/2025\/04\/23\/agencia-minas-gerais-jogos-escolares-de-minas-abrem-edicao-historica-com-100-dos-municipios-inscritos\/\" \/>\n\t<meta name=\"generator\" content=\"All in One SEO (AIOSEO) 5.0.1.1\" \/>\n\t\t<meta property=\"og:locale\" content=\"pt_BR\" \/>\n\t\t<meta property=\"og:site_name\" content=\"eJornais - Cat\u00e1logo de Jornais no mundo, Not\u00edcias, Blog e Esportes ao vivo\" \/>\n\t\t<meta property=\"og:type\" content=\"article\" \/>\n\t\t<meta property=\"og:title\" content=\"Ag\u00eancia Minas Gerais | Jogos Escolares de Minas abrem edi\u00e7\u00e3o hist\u00f3rica com 100% dos munic\u00edpios inscritos - eJornais\" \/>\n\t\t<meta property=\"og:description\" content=\"A maior competi\u00e7\u00e3o estudantil do pa\u00eds come\u00e7a com marca in\u00e9dita: todos os 853 munic\u00edpios mineiros se inscreveram na edi\u00e7\u00e3o 2025 dos Jogos Escolares de Minas Gerais (Jemg). O evento teve in\u00edcio nessa segunda-feira (21\/4) e segue at\u00e9 24\/8, envolvendo estudantes de 12 a 17 anos das redes p\u00fablica e privada em disputas esportivas por todo o\" \/>\n\t\t<meta property=\"og:url\" content=\"https:\/\/ejornais.com.br\/index.php\/2025\/04\/23\/agencia-minas-gerais-jogos-escolares-de-minas-abrem-edicao-historica-com-100-dos-municipios-inscritos\/\" \/>\n\t\t<meta property=\"article:published_time\" content=\"2025-04-23T08:49:37+00:00\" \/>\n\t\t<meta property=\"article:modified_time\" content=\"2025-04-23T08:49:37+00:00\" \/>\n\t\t<meta name=\"twitter:card\" content=\"summary_large_image\" \/>\n\t\t<meta name=\"twitter:title\" content=\"Ag\u00eancia Minas Gerais | Jogos Escolares de Minas abrem edi\u00e7\u00e3o hist\u00f3rica com 100% dos munic\u00edpios inscritos - eJornais\" \/>\n\t\t<meta name=\"twitter:description\" content=\"A maior competi\u00e7\u00e3o estudantil do pa\u00eds come\u00e7a com marca in\u00e9dita: todos os 853 munic\u00edpios mineiros se inscreveram na edi\u00e7\u00e3o 2025 dos Jogos Escolares de Minas Gerais (Jemg). O evento teve in\u00edcio nessa segunda-feira (21\/4) e segue at\u00e9 24\/8, envolvendo estudantes de 12 a 17 anos das redes p\u00fablica e privada em disputas esportivas por todo o\" \/>\n\t\t<script type=\"application\/ld+json\" class=\"aioseo-schema\">\n\t\t\t{\"@context\":\"https:\\\/\\\/schema.org\",\"@graph\":[{\"@type\":\"BlogPosting\",\"@id\":\"https:\\\/\\\/ejornais.com.br\\\/index.php\\\/2025\\\/04\\\/23\\\/agencia-minas-gerais-jogos-escolares-de-minas-abrem-edicao-historica-com-100-dos-municipios-inscritos\\\/#blogposting\",\"name\":\"Ag\\u00eancia Minas Gerais | Jogos Escolares de Minas abrem edi\\u00e7\\u00e3o hist\\u00f3rica com 100% dos munic\\u00edpios inscritos - eJornais\",\"headline\":\"Ag\\u00eancia Minas Gerais | Jogos Escolares de Minas abrem edi\\u00e7\\u00e3o hist\\u00f3rica com 100% dos munic\\u00edpios inscritos\\u00a0\",\"author\":{\"@id\":\"https:\\\/\\\/ejornais.com.br\\\/index.php\\\/author\\\/admin1\\\/#author\"},\"publisher\":{\"@id\":\"https:\\\/\\\/ejornais.com.br\\\/#organization\"},\"datePublished\":\"2025-04-23T05:49:37-03:00\",\"dateModified\":\"2025-04-23T05:49:37-03:00\",\"inLanguage\":\"pt-BR\",\"mainEntityOfPage\":{\"@id\":\"https:\\\/\\\/ejornais.com.br\\\/index.php\\\/2025\\\/04\\\/23\\\/agencia-minas-gerais-jogos-escolares-de-minas-abrem-edicao-historica-com-100-dos-municipios-inscritos\\\/#webpage\"},\"isPartOf\":{\"@id\":\"https:\\\/\\\/ejornais.com.br\\\/index.php\\\/2025\\\/04\\\/23\\\/agencia-minas-gerais-jogos-escolares-de-minas-abrem-edicao-historica-com-100-dos-municipios-inscritos\\\/#webpage\"},\"articleSection\":\"Cat\\u00e1logo de Jornais\"},{\"@type\":\"BreadcrumbList\",\"@id\":\"https:\\\/\\\/ejornais.com.br\\\/index.php\\\/2025\\\/04\\\/23\\\/agencia-minas-gerais-jogos-escolares-de-minas-abrem-edicao-historica-com-100-dos-municipios-inscritos\\\/#breadcrumblist\",\"itemListElement\":[{\"@type\":\"ListItem\",\"@id\":\"https:\\\/\\\/ejornais.com.br#listItem\",\"position\":1,\"name\":\"In\\u00edcio\",\"item\":\"https:\\\/\\\/ejornais.com.br\",\"nextItem\":{\"@type\":\"ListItem\",\"@id\":\"https:\\\/\\\/ejornais.com.br\\\/index.php\\\/category\\\/ejornais\\\/#listItem\",\"name\":\"Cat\\u00e1logo de Jornais\"}},{\"@type\":\"ListItem\",\"@id\":\"https:\\\/\\\/ejornais.com.br\\\/index.php\\\/category\\\/ejornais\\\/#listItem\",\"position\":2,\"name\":\"Cat\\u00e1logo de Jornais\",\"item\":\"https:\\\/\\\/ejornais.com.br\\\/index.php\\\/category\\\/ejornais\\\/\",\"nextItem\":{\"@type\":\"ListItem\",\"@id\":\"https:\\\/\\\/ejornais.com.br\\\/index.php\\\/2025\\\/04\\\/23\\\/agencia-minas-gerais-jogos-escolares-de-minas-abrem-edicao-historica-com-100-dos-municipios-inscritos\\\/#listItem\",\"name\":\"Ag\\u00eancia Minas Gerais | Jogos Escolares de Minas abrem edi\\u00e7\\u00e3o hist\\u00f3rica com 100% dos munic\\u00edpios inscritos\\u00a0\"},\"previousItem\":{\"@type\":\"ListItem\",\"@id\":\"https:\\\/\\\/ejornais.com.br#listItem\",\"name\":\"In\\u00edcio\"}},{\"@type\":\"ListItem\",\"@id\":\"https:\\\/\\\/ejornais.com.br\\\/index.php\\\/2025\\\/04\\\/23\\\/agencia-minas-gerais-jogos-escolares-de-minas-abrem-edicao-historica-com-100-dos-municipios-inscritos\\\/#listItem\",\"position\":3,\"name\":\"Ag\\u00eancia Minas Gerais | Jogos Escolares de Minas abrem edi\\u00e7\\u00e3o hist\\u00f3rica com 100% dos munic\\u00edpios inscritos\\u00a0\",\"previousItem\":{\"@type\":\"ListItem\",\"@id\":\"https:\\\/\\\/ejornais.com.br\\\/index.php\\\/category\\\/ejornais\\\/#listItem\",\"name\":\"Cat\\u00e1logo de Jornais\"}}]},{\"@type\":\"Organization\",\"@id\":\"https:\\\/\\\/ejornais.com.br\\\/#organization\",\"name\":\"eJornais\",\"description\":\"Cat\\u00e1logo de Jornais no mundo, Not\\u00edcias, Blog e Esportes ao vivo\",\"url\":\"https:\\\/\\\/ejornais.com.br\\\/\"},{\"@type\":\"Person\",\"@id\":\"https:\\\/\\\/ejornais.com.br\\\/index.php\\\/author\\\/admin1\\\/#author\",\"url\":\"https:\\\/\\\/ejornais.com.br\\\/index.php\\\/author\\\/admin1\\\/\",\"name\":\"admin1\",\"image\":{\"@type\":\"ImageObject\",\"@id\":\"https:\\\/\\\/ejornais.com.br\\\/index.php\\\/2025\\\/04\\\/23\\\/agencia-minas-gerais-jogos-escolares-de-minas-abrem-edicao-historica-com-100-dos-municipios-inscritos\\\/#authorImage\",\"url\":\"https:\\\/\\\/secure.gravatar.com\\\/avatar\\\/04084e6d73c042b8646e7c17b494073bf0ede3ea13c7105cfc45cbbbc28385a4?s=96&d=mm&r=g\",\"width\":96,\"height\":96,\"caption\":\"admin1\"}},{\"@type\":\"WebPage\",\"@id\":\"https:\\\/\\\/ejornais.com.br\\\/index.php\\\/2025\\\/04\\\/23\\\/agencia-minas-gerais-jogos-escolares-de-minas-abrem-edicao-historica-com-100-dos-municipios-inscritos\\\/#webpage\",\"url\":\"https:\\\/\\\/ejornais.com.br\\\/index.php\\\/2025\\\/04\\\/23\\\/agencia-minas-gerais-jogos-escolares-de-minas-abrem-edicao-historica-com-100-dos-municipios-inscritos\\\/\",\"name\":\"Ag\\u00eancia Minas Gerais | Jogos Escolares de Minas abrem edi\\u00e7\\u00e3o hist\\u00f3rica com 100% dos munic\\u00edpios inscritos - eJornais\",\"description\":\"A maior competi\\u00e7\\u00e3o estudantil do pa\\u00eds come\\u00e7a com marca in\\u00e9dita: todos os 853 munic\\u00edpios mineiros se inscreveram na edi\\u00e7\\u00e3o 2025 dos Jogos Escolares de Minas Gerais (Jemg). O evento teve in\\u00edcio nessa segunda-feira (21\\\/4) e segue at\\u00e9 24\\\/8, envolvendo estudantes de 12 a 17 anos das redes p\\u00fablica e privada em disputas esportivas por todo o\",\"inLanguage\":\"pt-BR\",\"isPartOf\":{\"@id\":\"https:\\\/\\\/ejornais.com.br\\\/#website\"},\"breadcrumb\":{\"@id\":\"https:\\\/\\\/ejornais.com.br\\\/index.php\\\/2025\\\/04\\\/23\\\/agencia-minas-gerais-jogos-escolares-de-minas-abrem-edicao-historica-com-100-dos-municipios-inscritos\\\/#breadcrumblist\"},\"author\":{\"@id\":\"https:\\\/\\\/ejornais.com.br\\\/index.php\\\/author\\\/admin1\\\/#author\"},\"creator\":{\"@id\":\"https:\\\/\\\/ejornais.com.br\\\/index.php\\\/author\\\/admin1\\\/#author\"},\"datePublished\":\"2025-04-23T05:49:37-03:00\",\"dateModified\":\"2025-04-23T05:49:37-03:00\"},{\"@type\":\"WebSite\",\"@id\":\"https:\\\/\\\/ejornais.com.br\\\/#website\",\"url\":\"https:\\\/\\\/ejornais.com.br\\\/\",\"name\":\"eJornais\",\"description\":\"Cat\\u00e1logo de Jornais no mundo, Not\\u00edcias, Blog e Esportes ao vivo\",\"inLanguage\":\"pt-BR\",\"publisher\":{\"@id\":\"https:\\\/\\\/ejornais.com.br\\\/#organization\"}}]}\n\t\t<\/script>\n\t\t<!-- All in One SEO -->\n\n","aioseo_head_json":{"title":"Ag\u00eancia Minas Gerais | Jogos Escolares de Minas abrem edi\u00e7\u00e3o hist\u00f3rica com 100% dos munic\u00edpios inscritos - eJornais","description":"A maior competi\u00e7\u00e3o estudantil do pa\u00eds come\u00e7a com marca in\u00e9dita: todos os 853 munic\u00edpios mineiros se inscreveram na edi\u00e7\u00e3o 2025 dos Jogos Escolares de Minas Gerais (Jemg). O evento teve in\u00edcio nessa segunda-feira (21\/4) e segue at\u00e9 24\/8, envolvendo estudantes de 12 a 17 anos das redes p\u00fablica e privada em disputas esportivas por todo o","canonical_url":"https:\/\/ejornais.com.br\/index.php\/2025\/04\/23\/agencia-minas-gerais-jogos-escolares-de-minas-abrem-edicao-historica-com-100-dos-municipios-inscritos\/","robots":"max-image-preview:large","keywords":"","webmasterTools":{"miscellaneous":""},"schema":{"@context":"https:\/\/schema.org","@graph":[{"@type":"BlogPosting","@id":"https:\/\/ejornais.com.br\/index.php\/2025\/04\/23\/agencia-minas-gerais-jogos-escolares-de-minas-abrem-edicao-historica-com-100-dos-municipios-inscritos\/#blogposting","name":"Ag\u00eancia Minas Gerais | Jogos Escolares de Minas abrem edi\u00e7\u00e3o hist\u00f3rica com 100% dos munic\u00edpios inscritos - eJornais","headline":"Ag\u00eancia Minas Gerais | Jogos Escolares de Minas abrem edi\u00e7\u00e3o hist\u00f3rica com 100% dos munic\u00edpios inscritos\u00a0","author":{"@id":"https:\/\/ejornais.com.br\/index.php\/author\/admin1\/#author"},"publisher":{"@id":"https:\/\/ejornais.com.br\/#organization"},"datePublished":"2025-04-23T05:49:37-03:00","dateModified":"2025-04-23T05:49:37-03:00","inLanguage":"pt-BR","mainEntityOfPage":{"@id":"https:\/\/ejornais.com.br\/index.php\/2025\/04\/23\/agencia-minas-gerais-jogos-escolares-de-minas-abrem-edicao-historica-com-100-dos-municipios-inscritos\/#webpage"},"isPartOf":{"@id":"https:\/\/ejornais.com.br\/index.php\/2025\/04\/23\/agencia-minas-gerais-jogos-escolares-de-minas-abrem-edicao-historica-com-100-dos-municipios-inscritos\/#webpage"},"articleSection":"Cat\u00e1logo de Jornais"},{"@type":"BreadcrumbList","@id":"https:\/\/ejornais.com.br\/index.php\/2025\/04\/23\/agencia-minas-gerais-jogos-escolares-de-minas-abrem-edicao-historica-com-100-dos-municipios-inscritos\/#breadcrumblist","itemListElement":[{"@type":"ListItem","@id":"https:\/\/ejornais.com.br#listItem","position":1,"name":"In\u00edcio","item":"https:\/\/ejornais.com.br","nextItem":{"@type":"ListItem","@id":"https:\/\/ejornais.com.br\/index.php\/category\/ejornais\/#listItem","name":"Cat\u00e1logo de Jornais"}},{"@type":"ListItem","@id":"https:\/\/ejornais.com.br\/index.php\/category\/ejornais\/#listItem","position":2,"name":"Cat\u00e1logo de Jornais","item":"https:\/\/ejornais.com.br\/index.php\/category\/ejornais\/","nextItem":{"@type":"ListItem","@id":"https:\/\/ejornais.com.br\/index.php\/2025\/04\/23\/agencia-minas-gerais-jogos-escolares-de-minas-abrem-edicao-historica-com-100-dos-municipios-inscritos\/#listItem","name":"Ag\u00eancia Minas Gerais | Jogos Escolares de Minas abrem edi\u00e7\u00e3o hist\u00f3rica com 100% dos munic\u00edpios inscritos\u00a0"},"previousItem":{"@type":"ListItem","@id":"https:\/\/ejornais.com.br#listItem","name":"In\u00edcio"}},{"@type":"ListItem","@id":"https:\/\/ejornais.com.br\/index.php\/2025\/04\/23\/agencia-minas-gerais-jogos-escolares-de-minas-abrem-edicao-historica-com-100-dos-municipios-inscritos\/#listItem","position":3,"name":"Ag\u00eancia Minas Gerais | Jogos Escolares de Minas abrem edi\u00e7\u00e3o hist\u00f3rica com 100% dos munic\u00edpios inscritos\u00a0","previousItem":{"@type":"ListItem","@id":"https:\/\/ejornais.com.br\/index.php\/category\/ejornais\/#listItem","name":"Cat\u00e1logo de Jornais"}}]},{"@type":"Organization","@id":"https:\/\/ejornais.com.br\/#organization","name":"eJornais","description":"Cat\u00e1logo de Jornais no mundo, Not\u00edcias, Blog e Esportes ao vivo","url":"https:\/\/ejornais.com.br\/"},{"@type":"Person","@id":"https:\/\/ejornais.com.br\/index.php\/author\/admin1\/#author","url":"https:\/\/ejornais.com.br\/index.php\/author\/admin1\/","name":"admin1","image":{"@type":"ImageObject","@id":"https:\/\/ejornais.com.br\/index.php\/2025\/04\/23\/agencia-minas-gerais-jogos-escolares-de-minas-abrem-edicao-historica-com-100-dos-municipios-inscritos\/#authorImage","url":"https:\/\/secure.gravatar.com\/avatar\/04084e6d73c042b8646e7c17b494073bf0ede3ea13c7105cfc45cbbbc28385a4?s=96&d=mm&r=g","width":96,"height":96,"caption":"admin1"}},{"@type":"WebPage","@id":"https:\/\/ejornais.com.br\/index.php\/2025\/04\/23\/agencia-minas-gerais-jogos-escolares-de-minas-abrem-edicao-historica-com-100-dos-municipios-inscritos\/#webpage","url":"https:\/\/ejornais.com.br\/index.php\/2025\/04\/23\/agencia-minas-gerais-jogos-escolares-de-minas-abrem-edicao-historica-com-100-dos-municipios-inscritos\/","name":"Ag\u00eancia Minas Gerais | Jogos Escolares de Minas abrem edi\u00e7\u00e3o hist\u00f3rica com 100% dos munic\u00edpios inscritos - eJornais","description":"A maior competi\u00e7\u00e3o estudantil do pa\u00eds come\u00e7a com marca in\u00e9dita: todos os 853 munic\u00edpios mineiros se inscreveram na edi\u00e7\u00e3o 2025 dos Jogos Escolares de Minas Gerais (Jemg). O evento teve in\u00edcio nessa segunda-feira (21\/4) e segue at\u00e9 24\/8, envolvendo estudantes de 12 a 17 anos das redes p\u00fablica e privada em disputas esportivas por todo o","inLanguage":"pt-BR","isPartOf":{"@id":"https:\/\/ejornais.com.br\/#website"},"breadcrumb":{"@id":"https:\/\/ejornais.com.br\/index.php\/2025\/04\/23\/agencia-minas-gerais-jogos-escolares-de-minas-abrem-edicao-historica-com-100-dos-municipios-inscritos\/#breadcrumblist"},"author":{"@id":"https:\/\/ejornais.com.br\/index.php\/author\/admin1\/#author"},"creator":{"@id":"https:\/\/ejornais.com.br\/index.php\/author\/admin1\/#author"},"datePublished":"2025-04-23T05:49:37-03:00","dateModified":"2025-04-23T05:49:37-03:00"},{"@type":"WebSite","@id":"https:\/\/ejornais.com.br\/#website","url":"https:\/\/ejornais.com.br\/","name":"eJornais","description":"Cat\u00e1logo de Jornais no mundo, Not\u00edcias, Blog e Esportes ao vivo","inLanguage":"pt-BR","publisher":{"@id":"https:\/\/ejornais.com.br\/#organization"}}]},"og:locale":"pt_BR","og:site_name":"eJornais - Cat\u00e1logo de Jornais no mundo, Not\u00edcias, Blog e Esportes ao vivo","og:type":"article","og:title":"Ag\u00eancia Minas Gerais | Jogos Escolares de Minas abrem edi\u00e7\u00e3o hist\u00f3rica com 100% dos munic\u00edpios inscritos - eJornais","og:description":"A maior competi\u00e7\u00e3o estudantil do pa\u00eds come\u00e7a com marca in\u00e9dita: todos os 853 munic\u00edpios mineiros se inscreveram na edi\u00e7\u00e3o 2025 dos Jogos Escolares de Minas Gerais (Jemg). O evento teve in\u00edcio nessa segunda-feira (21\/4) e segue at\u00e9 24\/8, envolvendo estudantes de 12 a 17 anos das redes p\u00fablica e privada em disputas esportivas por todo o","og:url":"https:\/\/ejornais.com.br\/index.php\/2025\/04\/23\/agencia-minas-gerais-jogos-escolares-de-minas-abrem-edicao-historica-com-100-dos-municipios-inscritos\/","article:published_time":"2025-04-23T08:49:37+00:00","article:modified_time":"2025-04-23T08:49:37+00:00","twitter:card":"summary_large_image","twitter:title":"Ag\u00eancia Minas Gerais | Jogos Escolares de Minas abrem edi\u00e7\u00e3o hist\u00f3rica com 100% dos munic\u00edpios inscritos - eJornais","twitter:description":"A maior competi\u00e7\u00e3o estudantil do pa\u00eds come\u00e7a com marca in\u00e9dita: todos os 853 munic\u00edpios mineiros se inscreveram na edi\u00e7\u00e3o 2025 dos Jogos Escolares de Minas Gerais (Jemg). O evento teve in\u00edcio nessa segunda-feira (21\/4) e segue at\u00e9 24\/8, envolvendo estudantes de 12 a 17 anos das redes p\u00fablica e privada em disputas esportivas por todo o"},"aioseo_meta_data":{"post_id":"43479","title":null,"description":null,"keywords":null,"keyphrases":null,"primary_term":null,"canonical_url":null,"og_title":null,"og_description":null,"og_object_type":"default","og_image_type":"default","og_image_url":null,"og_image_width":null,"og_image_height":null,"og_image_custom_url":null,"og_image_custom_fields":null,"og_video":null,"og_custom_url":null,"og_article_section":null,"og_article_tags":null,"twitter_use_og":false,"twitter_card":"default","twitter_image_type":"default","twitter_image_url":null,"twitter_image_custom_url":null,"twitter_image_custom_fields":null,"twitter_title":null,"twitter_description":null,"schema":{"blockGraphs":[],"customGraphs":[],"default":{"data":{"Article":[],"Course":[],"Dataset":[],"FAQPage":[],"Movie":[],"Person":[],"Product":[],"ProductReview":[],"Car":[],"Recipe":[],"Service":[],"SoftwareApplication":[],"WebPage":[]},"graphName":"","isEnabled":true},"graphs":[]},"schema_type":"default","schema_type_options":null,"pillar_content":false,"robots_default":true,"robots_noindex":false,"robots_noarchive":false,"robots_nosnippet":false,"robots_nofollow":false,"robots_noimageindex":false,"robots_noodp":false,"robots_notranslate":false,"robots_max_snippet":null,"robots_max_videopreview":null,"robots_max_imagepreview":"large","priority":null,"frequency":null,"local_seo":null,"breadcrumb_settings":null,"limit_modified_date":false,"ai":null,"created":"2025-04-23 08:51:44","updated":"2025-06-06 17:26:04","seo_analyzer_scan_date":null,"focus_keyword":null,"additional_keywords":null,"truseo_locale":null},"aioseo_breadcrumb":"<div class=\"aioseo-breadcrumbs\"><span class=\"aioseo-breadcrumb\">\n\t\t\t<a href=\"https:\/\/ejornais.com.br\" title=\"In\u00edcio\">In\u00edcio<\/a>\n\t\t<\/span><span class=\"aioseo-breadcrumb-separator\">&raquo;<\/span><span class=\"aioseo-breadcrumb\">\n\t\t\t<a href=\"https:\/\/ejornais.com.br\/index.php\/category\/ejornais\/\" title=\"Cat\u00e1logo de Jornais\">Cat\u00e1logo de Jornais<\/a>\n\t\t<\/span><span class=\"aioseo-breadcrumb-separator\">&raquo;<\/span><span class=\"aioseo-breadcrumb\">\n\t\t\tAg\u00eancia Minas Gerais | Jogos Escolares de Minas abrem edi\u00e7\u00e3o hist\u00f3rica com 100% dos munic\u00edpios inscritos \n\t\t<\/span><\/div>","aioseo_breadcrumb_json":[{"label":"In\u00edcio","link":"https:\/\/ejornais.com.br"},{"label":"Cat\u00e1logo de Jornais","link":"https:\/\/ejornais.com.br\/index.php\/category\/ejornais\/"},{"label":"Ag\u00eancia Minas Gerais | Jogos Escolares de Minas abrem edi\u00e7\u00e3o hist\u00f3rica com 100% dos munic\u00edpios inscritos\u00a0","link":"https:\/\/ejornais.com.br\/index.php\/2025\/04\/23\/agencia-minas-gerais-jogos-escolares-de-minas-abrem-edicao-historica-com-100-dos-municipios-inscritos\/"}],"amp_enabled":true,"_links":{"self":[{"href":"https:\/\/ejornais.com.br\/index.php\/wp-json\/wp\/v2\/posts\/43479","targetHints":{"allow":["GET"]}}],"collection":[{"href":"https:\/\/ejornais.com.br\/index.php\/wp-json\/wp\/v2\/posts"}],"about":[{"href":"https:\/\/ejornais.com.br\/index.php\/wp-json\/wp\/v2\/types\/post"}],"author":[{"embeddable":true,"href":"https:\/\/ejornais.com.br\/index.php\/wp-json\/wp\/v2\/users\/2"}],"replies":[{"embeddable":true,"href":"https:\/\/ejornais.com.br\/index.php\/wp-json\/wp\/v2\/comments?post=43479"}],"version-history":[{"count":0,"href":"https:\/\/ejornais.com.br\/index.php\/wp-json\/wp\/v2\/posts\/43479\/revisions"}],"wp:attachment":[{"href":"https:\/\/ejornais.com.br\/index.php\/wp-json\/wp\/v2\/media?parent=43479"}],"wp:term":[{"taxonomy":"category","embeddable":true,"href":"https:\/\/ejornais.com.br\/index.php\/wp-json\/wp\/v2\/categories?post=43479"},{"taxonomy":"post_tag","embeddable":true,"href":"https:\/\/ejornais.com.br\/index.php\/wp-json\/wp\/v2\/tags?post=43479"}],"curies":[{"name":"wp","href":"https:\/\/api.w.org\/{rel}","templated":true}]}}