{"id":43480,"date":"2025-04-23T06:10:47","date_gmt":"2025-04-23T09:10:47","guid":{"rendered":"https:\/\/ejornais.com.br\/index.php\/2025\/04\/23\/corpo-de-piloto-desaparecido-na-amazonia-e-encontrado\/"},"modified":"2025-04-23T06:10:47","modified_gmt":"2025-04-23T09:10:47","slug":"corpo-de-piloto-desaparecido-na-amazonia-e-encontrado","status":"publish","type":"post","link":"https:\/\/ejornais.com.br\/index.php\/2025\/04\/23\/corpo-de-piloto-desaparecido-na-amazonia-e-encontrado\/","title":{"rendered":"Corpo de piloto desaparecido na Amaz\u00f4nia \u00e9 encontrado"},"content":{"rendered":"<p> Por MRNews<br \/>\n<\/p>\n<div wp_automatic_readability=\"50.506059137179\">\n<p>O piloto Marcelo Noronha Muniz\u00a0foi encontrado morto na manh\u00e3 desta ter\u00e7a-feira\u00a0(22) em Oriximin\u00e1, no Par\u00e1.\u00a0<strong>Muniz estava desaparecido na regi\u00e3o Amaz\u00f4nica desde a \u00faltima quarta-feira (16)<\/strong>,\u00a0ap\u00f3s decolar com um avi\u00e3o de pequeno porte do garimpo Ol\u00edmpia rumo \u00e0 pista conhecida como \u201cNova\u201d, localizada a 61 quil\u00f4metros do ponto de origem, no munic\u00edpio paraense.<\/p>\n<p>Segundo o prefeito de Oriximin\u00e1, Jos\u00e9 William Fonseca,<strong> o corpo foi encontrado junto aos destro\u00e7os da aeronave<\/strong> por bombeiros que faziam buscas na regi\u00e3o.<\/p>\n<p>\u201cA opera\u00e7\u00e3o agora se concentra no resgate do corpo\u201d, escreveu Fonseca em uma rede social.<\/p>\n<p><strong><a href=\"https:\/\/mrnews.com.br\/index.php\/2025\/04\/22\/entidades-e-representantes-de-outras-religioes-lamentam-morte-do-papa\/\">Entidades e representantes de outras religi\u00f5es lamentam morte do papa<\/a><\/strong><\/p>\n<p><strong><a href=\"https:\/\/mrnews.com.br\/index.php\/2025\/04\/22\/mercado-financeiro-reduz-previsao-da-inflacao-para-557\/\">Mercado financeiro reduz previs\u00e3o da infla\u00e7\u00e3o para 5,57%<\/a><\/strong><\/p>\n<p>\u00a0<\/p>\n<blockquote class=\"instagram-media\" data-instgrm-captioned=\"\" data-instgrm-permalink=\"https:\/\/www.instagram.com\/p\/DIwGwG3sPE9\/?utm_source=ig_embed&amp;utm_campaign=loading\" data-instgrm-version=\"14\" style=\" background:#FFF; border:0; border-radius:3px; box-shadow:0 0 1px 0 rgba(0,0,0,0.5),0 1px 10px 0 rgba(0,0,0,0.15); margin: 1px; max-width:540px; min-width:326px; padding:0; width:99.375%; width:-webkit-calc(100% - 2px); width:calc(100% - 2px);\"><\/blockquote>\n<h2>Falha de motor<\/h2>\n<p>O Departamento de Controle do Espa\u00e7o A\u00e9reo (DECEA) buscava a aeronave, identificada como de matr\u00edcula PT-IVN, modelo Cessna 182. A regi\u00e3o onde ocorreu a queda do avi\u00e3o \u00e9 caracterizada por vegeta\u00e7\u00e3o densa, relevo acidentado e por condi\u00e7\u00f5es meteorol\u00f3gicas adversas, o que imp\u00f5e desafios \u00e0s miss\u00f5es de busca.<\/p>\n<p><strong>A For\u00e7a A\u00e9rea Brasileira (FAB) informou que o\u00a0piloto teria utilizado um telefone por sat\u00e9lite para avisar que a aeronave apresentava falha de motor<\/strong> e que estaria caindo nas proximidades da Pista Nova.\u00a0A comunica\u00e7\u00e3o sobre o desaparecimento foi recebida pelo Centro de Coordena\u00e7\u00e3o de Salvamento Aeron\u00e1utico Amaz\u00f4nico (ARCC-AZ).<\/p>\n<p>A primeira leva de buscas com uma aeronave C-105 Amazonas, pertencente ao Segundo Esquadr\u00e3o do D\u00e9cimo Grupo de Avia\u00e7\u00e3o (2\u00ba\/10\u00ba GAV), na sexta-feira (18), cobriu uma \u00e1rea de 190,9 milhas n\u00e1uticas quadradas. No mesmo dia, um helic\u00f3ptero H-36 Caracal, do Primeiro Esquadr\u00e3o do Oitavo Grupo de Avia\u00e7\u00e3o (1\u00ba\/8\u00ba GAV), tamb\u00e9m foi deslocado para a localidade de Tiri\u00f3s (PA), com o objetivo de apoiar nas miss\u00f5es de busca e poss\u00edvel resgate.<br \/>\u00a0<\/p>\n<p><strong><a href=\"https:\/\/mrnews.com.br\/index.php\/2025\/04\/22\/china-envia-esta-semana-nova-missao-tripulada-ao-espaco\/\">China envia esta semana nova miss\u00e3o tripulada ao espa\u00e7o<\/a><\/strong><\/p>\n<p><strong><a href=\"https:\/\/mrnews.com.br\/index.php\/2025\/04\/22\/morte-do-papa-francisco-tudo-aconteceu-muito-rapido-diz-vaticano\/\">Morte do papa Francisco: \u201cTudo aconteceu muito r\u00e1pido\u201d, diz Vaticano<\/a><\/strong><\/p>\n<p>\u00a0<\/p>\n<\/div>\n<p><script async src=\"\/\/www.instagram.com\/embed.js\"><\/script><\/p>\n","protected":false},"excerpt":{"rendered":"<p>Por MRNews O piloto Marcelo Noronha Muniz\u00a0foi encontrado morto na manh\u00e3 desta ter\u00e7a-feira\u00a0(22) em Oriximin\u00e1, no Par\u00e1.\u00a0Muniz estava desaparecido na<\/p>\n","protected":false},"author":2,"featured_media":0,"comment_status":"","ping_status":"","sticky":false,"template":"","format":"standard","meta":{"colormag_page_container_layout":"default_layout","colormag_page_sidebar_layout":"default_layout","footnotes":""},"categories":[1],"tags":[],"class_list":["post-43480","post","type-post","status-publish","format-standard","hentry","category-ejornais"],"aioseo_notices":[],"aioseo_head":"\n\t\t<!-- All in One SEO 5.0.1.1 - aioseo.com -->\n\t<meta name=\"description\" content=\"Por MRNews O piloto Marcelo Noronha Muniz foi encontrado morto na manh\u00e3 desta ter\u00e7a-feira (22) em Oriximin\u00e1, no Par\u00e1. Muniz estava desaparecido na regi\u00e3o Amaz\u00f4nica desde a \u00faltima quarta-feira (16), ap\u00f3s decolar com um avi\u00e3o de pequeno porte do garimpo Ol\u00edmpia rumo \u00e0 pista conhecida como \u201cNova\u201d, localizada a 61 quil\u00f4metros do ponto de origem, no munic\u00edpio paraense. Segundo\" \/>\n\t<meta name=\"robots\" content=\"max-image-preview:large\" \/>\n\t<meta name=\"author\" content=\"admin1\"\/>\n\t<link rel=\"canonical\" href=\"https:\/\/ejornais.com.br\/index.php\/2025\/04\/23\/corpo-de-piloto-desaparecido-na-amazonia-e-encontrado\/\" \/>\n\t<meta name=\"generator\" content=\"All in One SEO (AIOSEO) 5.0.1.1\" \/>\n\t\t<meta property=\"og:locale\" content=\"pt_BR\" \/>\n\t\t<meta property=\"og:site_name\" content=\"eJornais - Cat\u00e1logo de Jornais no mundo, Not\u00edcias, Blog e Esportes ao vivo\" \/>\n\t\t<meta property=\"og:type\" content=\"article\" \/>\n\t\t<meta property=\"og:title\" content=\"Corpo de piloto desaparecido na Amaz\u00f4nia \u00e9 encontrado - eJornais\" \/>\n\t\t<meta property=\"og:description\" content=\"Por MRNews O piloto Marcelo Noronha Muniz foi encontrado morto na manh\u00e3 desta ter\u00e7a-feira (22) em Oriximin\u00e1, no Par\u00e1. Muniz estava desaparecido na regi\u00e3o Amaz\u00f4nica desde a \u00faltima quarta-feira (16), ap\u00f3s decolar com um avi\u00e3o de pequeno porte do garimpo Ol\u00edmpia rumo \u00e0 pista conhecida como \u201cNova\u201d, localizada a 61 quil\u00f4metros do ponto de origem, no munic\u00edpio paraense. Segundo\" \/>\n\t\t<meta property=\"og:url\" content=\"https:\/\/ejornais.com.br\/index.php\/2025\/04\/23\/corpo-de-piloto-desaparecido-na-amazonia-e-encontrado\/\" \/>\n\t\t<meta property=\"article:published_time\" content=\"2025-04-23T09:10:47+00:00\" \/>\n\t\t<meta property=\"article:modified_time\" content=\"2025-04-23T09:10:47+00:00\" \/>\n\t\t<meta name=\"twitter:card\" content=\"summary_large_image\" \/>\n\t\t<meta name=\"twitter:title\" content=\"Corpo de piloto desaparecido na Amaz\u00f4nia \u00e9 encontrado - eJornais\" \/>\n\t\t<meta name=\"twitter:description\" content=\"Por MRNews O piloto Marcelo Noronha Muniz foi encontrado morto na manh\u00e3 desta ter\u00e7a-feira (22) em Oriximin\u00e1, no Par\u00e1. Muniz estava desaparecido na regi\u00e3o Amaz\u00f4nica desde a \u00faltima quarta-feira (16), ap\u00f3s decolar com um avi\u00e3o de pequeno porte do garimpo Ol\u00edmpia rumo \u00e0 pista conhecida como \u201cNova\u201d, localizada a 61 quil\u00f4metros do ponto de origem, no munic\u00edpio paraense. Segundo\" \/>\n\t\t<script type=\"application\/ld+json\" class=\"aioseo-schema\">\n\t\t\t{\"@context\":\"https:\\\/\\\/schema.org\",\"@graph\":[{\"@type\":\"BlogPosting\",\"@id\":\"https:\\\/\\\/ejornais.com.br\\\/index.php\\\/2025\\\/04\\\/23\\\/corpo-de-piloto-desaparecido-na-amazonia-e-encontrado\\\/#blogposting\",\"name\":\"Corpo de piloto desaparecido na Amaz\\u00f4nia \\u00e9 encontrado - eJornais\",\"headline\":\"Corpo de piloto desaparecido na Amaz\\u00f4nia \\u00e9 encontrado\",\"author\":{\"@id\":\"https:\\\/\\\/ejornais.com.br\\\/index.php\\\/author\\\/admin1\\\/#author\"},\"publisher\":{\"@id\":\"https:\\\/\\\/ejornais.com.br\\\/#organization\"},\"datePublished\":\"2025-04-23T06:10:47-03:00\",\"dateModified\":\"2025-04-23T06:10:47-03:00\",\"inLanguage\":\"pt-BR\",\"mainEntityOfPage\":{\"@id\":\"https:\\\/\\\/ejornais.com.br\\\/index.php\\\/2025\\\/04\\\/23\\\/corpo-de-piloto-desaparecido-na-amazonia-e-encontrado\\\/#webpage\"},\"isPartOf\":{\"@id\":\"https:\\\/\\\/ejornais.com.br\\\/index.php\\\/2025\\\/04\\\/23\\\/corpo-de-piloto-desaparecido-na-amazonia-e-encontrado\\\/#webpage\"},\"articleSection\":\"Cat\\u00e1logo de Jornais\"},{\"@type\":\"BreadcrumbList\",\"@id\":\"https:\\\/\\\/ejornais.com.br\\\/index.php\\\/2025\\\/04\\\/23\\\/corpo-de-piloto-desaparecido-na-amazonia-e-encontrado\\\/#breadcrumblist\",\"itemListElement\":[{\"@type\":\"ListItem\",\"@id\":\"https:\\\/\\\/ejornais.com.br#listItem\",\"position\":1,\"name\":\"In\\u00edcio\",\"item\":\"https:\\\/\\\/ejornais.com.br\",\"nextItem\":{\"@type\":\"ListItem\",\"@id\":\"https:\\\/\\\/ejornais.com.br\\\/index.php\\\/category\\\/ejornais\\\/#listItem\",\"name\":\"Cat\\u00e1logo de Jornais\"}},{\"@type\":\"ListItem\",\"@id\":\"https:\\\/\\\/ejornais.com.br\\\/index.php\\\/category\\\/ejornais\\\/#listItem\",\"position\":2,\"name\":\"Cat\\u00e1logo de Jornais\",\"item\":\"https:\\\/\\\/ejornais.com.br\\\/index.php\\\/category\\\/ejornais\\\/\",\"nextItem\":{\"@type\":\"ListItem\",\"@id\":\"https:\\\/\\\/ejornais.com.br\\\/index.php\\\/2025\\\/04\\\/23\\\/corpo-de-piloto-desaparecido-na-amazonia-e-encontrado\\\/#listItem\",\"name\":\"Corpo de piloto desaparecido na Amaz\\u00f4nia \\u00e9 encontrado\"},\"previousItem\":{\"@type\":\"ListItem\",\"@id\":\"https:\\\/\\\/ejornais.com.br#listItem\",\"name\":\"In\\u00edcio\"}},{\"@type\":\"ListItem\",\"@id\":\"https:\\\/\\\/ejornais.com.br\\\/index.php\\\/2025\\\/04\\\/23\\\/corpo-de-piloto-desaparecido-na-amazonia-e-encontrado\\\/#listItem\",\"position\":3,\"name\":\"Corpo de piloto desaparecido na Amaz\\u00f4nia \\u00e9 encontrado\",\"previousItem\":{\"@type\":\"ListItem\",\"@id\":\"https:\\\/\\\/ejornais.com.br\\\/index.php\\\/category\\\/ejornais\\\/#listItem\",\"name\":\"Cat\\u00e1logo de Jornais\"}}]},{\"@type\":\"Organization\",\"@id\":\"https:\\\/\\\/ejornais.com.br\\\/#organization\",\"name\":\"eJornais\",\"description\":\"Cat\\u00e1logo de Jornais no mundo, Not\\u00edcias, Blog e Esportes ao vivo\",\"url\":\"https:\\\/\\\/ejornais.com.br\\\/\"},{\"@type\":\"Person\",\"@id\":\"https:\\\/\\\/ejornais.com.br\\\/index.php\\\/author\\\/admin1\\\/#author\",\"url\":\"https:\\\/\\\/ejornais.com.br\\\/index.php\\\/author\\\/admin1\\\/\",\"name\":\"admin1\",\"image\":{\"@type\":\"ImageObject\",\"@id\":\"https:\\\/\\\/ejornais.com.br\\\/index.php\\\/2025\\\/04\\\/23\\\/corpo-de-piloto-desaparecido-na-amazonia-e-encontrado\\\/#authorImage\",\"url\":\"https:\\\/\\\/secure.gravatar.com\\\/avatar\\\/04084e6d73c042b8646e7c17b494073bf0ede3ea13c7105cfc45cbbbc28385a4?s=96&d=mm&r=g\",\"width\":96,\"height\":96,\"caption\":\"admin1\"}},{\"@type\":\"WebPage\",\"@id\":\"https:\\\/\\\/ejornais.com.br\\\/index.php\\\/2025\\\/04\\\/23\\\/corpo-de-piloto-desaparecido-na-amazonia-e-encontrado\\\/#webpage\",\"url\":\"https:\\\/\\\/ejornais.com.br\\\/index.php\\\/2025\\\/04\\\/23\\\/corpo-de-piloto-desaparecido-na-amazonia-e-encontrado\\\/\",\"name\":\"Corpo de piloto desaparecido na Amaz\\u00f4nia \\u00e9 encontrado - eJornais\",\"description\":\"Por MRNews O piloto Marcelo Noronha Muniz foi encontrado morto na manh\\u00e3 desta ter\\u00e7a-feira (22) em Oriximin\\u00e1, no Par\\u00e1. Muniz estava desaparecido na regi\\u00e3o Amaz\\u00f4nica desde a \\u00faltima quarta-feira (16), ap\\u00f3s decolar com um avi\\u00e3o de pequeno porte do garimpo Ol\\u00edmpia rumo \\u00e0 pista conhecida como \\u201cNova\\u201d, localizada a 61 quil\\u00f4metros do ponto de origem, no munic\\u00edpio paraense. Segundo\",\"inLanguage\":\"pt-BR\",\"isPartOf\":{\"@id\":\"https:\\\/\\\/ejornais.com.br\\\/#website\"},\"breadcrumb\":{\"@id\":\"https:\\\/\\\/ejornais.com.br\\\/index.php\\\/2025\\\/04\\\/23\\\/corpo-de-piloto-desaparecido-na-amazonia-e-encontrado\\\/#breadcrumblist\"},\"author\":{\"@id\":\"https:\\\/\\\/ejornais.com.br\\\/index.php\\\/author\\\/admin1\\\/#author\"},\"creator\":{\"@id\":\"https:\\\/\\\/ejornais.com.br\\\/index.php\\\/author\\\/admin1\\\/#author\"},\"datePublished\":\"2025-04-23T06:10:47-03:00\",\"dateModified\":\"2025-04-23T06:10:47-03:00\"},{\"@type\":\"WebSite\",\"@id\":\"https:\\\/\\\/ejornais.com.br\\\/#website\",\"url\":\"https:\\\/\\\/ejornais.com.br\\\/\",\"name\":\"eJornais\",\"description\":\"Cat\\u00e1logo de Jornais no mundo, Not\\u00edcias, Blog e Esportes ao vivo\",\"inLanguage\":\"pt-BR\",\"publisher\":{\"@id\":\"https:\\\/\\\/ejornais.com.br\\\/#organization\"}}]}\n\t\t<\/script>\n\t\t<!-- All in One SEO -->\n\n","aioseo_head_json":{"title":"Corpo de piloto desaparecido na Amaz\u00f4nia \u00e9 encontrado - eJornais","description":"Por MRNews O piloto Marcelo Noronha Muniz foi encontrado morto na manh\u00e3 desta ter\u00e7a-feira (22) em Oriximin\u00e1, no Par\u00e1. Muniz estava desaparecido na regi\u00e3o Amaz\u00f4nica desde a \u00faltima quarta-feira (16), ap\u00f3s decolar com um avi\u00e3o de pequeno porte do garimpo Ol\u00edmpia rumo \u00e0 pista conhecida como \u201cNova\u201d, localizada a 61 quil\u00f4metros do ponto de origem, no munic\u00edpio paraense. Segundo","canonical_url":"https:\/\/ejornais.com.br\/index.php\/2025\/04\/23\/corpo-de-piloto-desaparecido-na-amazonia-e-encontrado\/","robots":"max-image-preview:large","keywords":"","webmasterTools":{"miscellaneous":""},"schema":{"@context":"https:\/\/schema.org","@graph":[{"@type":"BlogPosting","@id":"https:\/\/ejornais.com.br\/index.php\/2025\/04\/23\/corpo-de-piloto-desaparecido-na-amazonia-e-encontrado\/#blogposting","name":"Corpo de piloto desaparecido na Amaz\u00f4nia \u00e9 encontrado - eJornais","headline":"Corpo de piloto desaparecido na Amaz\u00f4nia \u00e9 encontrado","author":{"@id":"https:\/\/ejornais.com.br\/index.php\/author\/admin1\/#author"},"publisher":{"@id":"https:\/\/ejornais.com.br\/#organization"},"datePublished":"2025-04-23T06:10:47-03:00","dateModified":"2025-04-23T06:10:47-03:00","inLanguage":"pt-BR","mainEntityOfPage":{"@id":"https:\/\/ejornais.com.br\/index.php\/2025\/04\/23\/corpo-de-piloto-desaparecido-na-amazonia-e-encontrado\/#webpage"},"isPartOf":{"@id":"https:\/\/ejornais.com.br\/index.php\/2025\/04\/23\/corpo-de-piloto-desaparecido-na-amazonia-e-encontrado\/#webpage"},"articleSection":"Cat\u00e1logo de Jornais"},{"@type":"BreadcrumbList","@id":"https:\/\/ejornais.com.br\/index.php\/2025\/04\/23\/corpo-de-piloto-desaparecido-na-amazonia-e-encontrado\/#breadcrumblist","itemListElement":[{"@type":"ListItem","@id":"https:\/\/ejornais.com.br#listItem","position":1,"name":"In\u00edcio","item":"https:\/\/ejornais.com.br","nextItem":{"@type":"ListItem","@id":"https:\/\/ejornais.com.br\/index.php\/category\/ejornais\/#listItem","name":"Cat\u00e1logo de Jornais"}},{"@type":"ListItem","@id":"https:\/\/ejornais.com.br\/index.php\/category\/ejornais\/#listItem","position":2,"name":"Cat\u00e1logo de Jornais","item":"https:\/\/ejornais.com.br\/index.php\/category\/ejornais\/","nextItem":{"@type":"ListItem","@id":"https:\/\/ejornais.com.br\/index.php\/2025\/04\/23\/corpo-de-piloto-desaparecido-na-amazonia-e-encontrado\/#listItem","name":"Corpo de piloto desaparecido na Amaz\u00f4nia \u00e9 encontrado"},"previousItem":{"@type":"ListItem","@id":"https:\/\/ejornais.com.br#listItem","name":"In\u00edcio"}},{"@type":"ListItem","@id":"https:\/\/ejornais.com.br\/index.php\/2025\/04\/23\/corpo-de-piloto-desaparecido-na-amazonia-e-encontrado\/#listItem","position":3,"name":"Corpo de piloto desaparecido na Amaz\u00f4nia \u00e9 encontrado","previousItem":{"@type":"ListItem","@id":"https:\/\/ejornais.com.br\/index.php\/category\/ejornais\/#listItem","name":"Cat\u00e1logo de Jornais"}}]},{"@type":"Organization","@id":"https:\/\/ejornais.com.br\/#organization","name":"eJornais","description":"Cat\u00e1logo de Jornais no mundo, Not\u00edcias, Blog e Esportes ao vivo","url":"https:\/\/ejornais.com.br\/"},{"@type":"Person","@id":"https:\/\/ejornais.com.br\/index.php\/author\/admin1\/#author","url":"https:\/\/ejornais.com.br\/index.php\/author\/admin1\/","name":"admin1","image":{"@type":"ImageObject","@id":"https:\/\/ejornais.com.br\/index.php\/2025\/04\/23\/corpo-de-piloto-desaparecido-na-amazonia-e-encontrado\/#authorImage","url":"https:\/\/secure.gravatar.com\/avatar\/04084e6d73c042b8646e7c17b494073bf0ede3ea13c7105cfc45cbbbc28385a4?s=96&d=mm&r=g","width":96,"height":96,"caption":"admin1"}},{"@type":"WebPage","@id":"https:\/\/ejornais.com.br\/index.php\/2025\/04\/23\/corpo-de-piloto-desaparecido-na-amazonia-e-encontrado\/#webpage","url":"https:\/\/ejornais.com.br\/index.php\/2025\/04\/23\/corpo-de-piloto-desaparecido-na-amazonia-e-encontrado\/","name":"Corpo de piloto desaparecido na Amaz\u00f4nia \u00e9 encontrado - eJornais","description":"Por MRNews O piloto Marcelo Noronha Muniz foi encontrado morto na manh\u00e3 desta ter\u00e7a-feira (22) em Oriximin\u00e1, no Par\u00e1. Muniz estava desaparecido na regi\u00e3o Amaz\u00f4nica desde a \u00faltima quarta-feira (16), ap\u00f3s decolar com um avi\u00e3o de pequeno porte do garimpo Ol\u00edmpia rumo \u00e0 pista conhecida como \u201cNova\u201d, localizada a 61 quil\u00f4metros do ponto de origem, no munic\u00edpio paraense. Segundo","inLanguage":"pt-BR","isPartOf":{"@id":"https:\/\/ejornais.com.br\/#website"},"breadcrumb":{"@id":"https:\/\/ejornais.com.br\/index.php\/2025\/04\/23\/corpo-de-piloto-desaparecido-na-amazonia-e-encontrado\/#breadcrumblist"},"author":{"@id":"https:\/\/ejornais.com.br\/index.php\/author\/admin1\/#author"},"creator":{"@id":"https:\/\/ejornais.com.br\/index.php\/author\/admin1\/#author"},"datePublished":"2025-04-23T06:10:47-03:00","dateModified":"2025-04-23T06:10:47-03:00"},{"@type":"WebSite","@id":"https:\/\/ejornais.com.br\/#website","url":"https:\/\/ejornais.com.br\/","name":"eJornais","description":"Cat\u00e1logo de Jornais no mundo, Not\u00edcias, Blog e Esportes ao vivo","inLanguage":"pt-BR","publisher":{"@id":"https:\/\/ejornais.com.br\/#organization"}}]},"og:locale":"pt_BR","og:site_name":"eJornais - Cat\u00e1logo de Jornais no mundo, Not\u00edcias, Blog e Esportes ao vivo","og:type":"article","og:title":"Corpo de piloto desaparecido na Amaz\u00f4nia \u00e9 encontrado - eJornais","og:description":"Por MRNews O piloto Marcelo Noronha Muniz foi encontrado morto na manh\u00e3 desta ter\u00e7a-feira (22) em Oriximin\u00e1, no Par\u00e1. Muniz estava desaparecido na regi\u00e3o Amaz\u00f4nica desde a \u00faltima quarta-feira (16), ap\u00f3s decolar com um avi\u00e3o de pequeno porte do garimpo Ol\u00edmpia rumo \u00e0 pista conhecida como \u201cNova\u201d, localizada a 61 quil\u00f4metros do ponto de origem, no munic\u00edpio paraense. Segundo","og:url":"https:\/\/ejornais.com.br\/index.php\/2025\/04\/23\/corpo-de-piloto-desaparecido-na-amazonia-e-encontrado\/","article:published_time":"2025-04-23T09:10:47+00:00","article:modified_time":"2025-04-23T09:10:47+00:00","twitter:card":"summary_large_image","twitter:title":"Corpo de piloto desaparecido na Amaz\u00f4nia \u00e9 encontrado - eJornais","twitter:description":"Por MRNews O piloto Marcelo Noronha Muniz foi encontrado morto na manh\u00e3 desta ter\u00e7a-feira (22) em Oriximin\u00e1, no Par\u00e1. Muniz estava desaparecido na regi\u00e3o Amaz\u00f4nica desde a \u00faltima quarta-feira (16), ap\u00f3s decolar com um avi\u00e3o de pequeno porte do garimpo Ol\u00edmpia rumo \u00e0 pista conhecida como \u201cNova\u201d, localizada a 61 quil\u00f4metros do ponto de origem, no munic\u00edpio paraense. Segundo"},"aioseo_meta_data":{"post_id":"43480","title":null,"description":null,"keywords":null,"keyphrases":null,"primary_term":null,"canonical_url":null,"og_title":null,"og_description":null,"og_object_type":"default","og_image_type":"default","og_image_url":null,"og_image_width":null,"og_image_height":null,"og_image_custom_url":null,"og_image_custom_fields":null,"og_video":null,"og_custom_url":null,"og_article_section":null,"og_article_tags":null,"twitter_use_og":false,"twitter_card":"default","twitter_image_type":"default","twitter_image_url":null,"twitter_image_custom_url":null,"twitter_image_custom_fields":null,"twitter_title":null,"twitter_description":null,"schema":{"blockGraphs":[],"customGraphs":[],"default":{"data":{"Article":[],"Course":[],"Dataset":[],"FAQPage":[],"Movie":[],"Person":[],"Product":[],"ProductReview":[],"Car":[],"Recipe":[],"Service":[],"SoftwareApplication":[],"WebPage":[]},"graphName":"","isEnabled":true},"graphs":[]},"schema_type":"default","schema_type_options":null,"pillar_content":false,"robots_default":true,"robots_noindex":false,"robots_noarchive":false,"robots_nosnippet":false,"robots_nofollow":false,"robots_noimageindex":false,"robots_noodp":false,"robots_notranslate":false,"robots_max_snippet":null,"robots_max_videopreview":null,"robots_max_imagepreview":"large","priority":null,"frequency":null,"local_seo":null,"breadcrumb_settings":null,"limit_modified_date":false,"ai":null,"created":"2025-04-23 09:23:59","updated":"2025-06-06 17:26:04","seo_analyzer_scan_date":null,"focus_keyword":null,"additional_keywords":null,"truseo_locale":null},"aioseo_breadcrumb":"<div class=\"aioseo-breadcrumbs\"><span class=\"aioseo-breadcrumb\">\n\t\t\t<a href=\"https:\/\/ejornais.com.br\" title=\"In\u00edcio\">In\u00edcio<\/a>\n\t\t<\/span><span class=\"aioseo-breadcrumb-separator\">&raquo;<\/span><span class=\"aioseo-breadcrumb\">\n\t\t\t<a href=\"https:\/\/ejornais.com.br\/index.php\/category\/ejornais\/\" title=\"Cat\u00e1logo de Jornais\">Cat\u00e1logo de Jornais<\/a>\n\t\t<\/span><span class=\"aioseo-breadcrumb-separator\">&raquo;<\/span><span class=\"aioseo-breadcrumb\">\n\t\t\tCorpo de piloto desaparecido na Amaz\u00f4nia \u00e9 encontrado\n\t\t<\/span><\/div>","aioseo_breadcrumb_json":[{"label":"In\u00edcio","link":"https:\/\/ejornais.com.br"},{"label":"Cat\u00e1logo de Jornais","link":"https:\/\/ejornais.com.br\/index.php\/category\/ejornais\/"},{"label":"Corpo de piloto desaparecido na Amaz\u00f4nia \u00e9 encontrado","link":"https:\/\/ejornais.com.br\/index.php\/2025\/04\/23\/corpo-de-piloto-desaparecido-na-amazonia-e-encontrado\/"}],"amp_enabled":true,"_links":{"self":[{"href":"https:\/\/ejornais.com.br\/index.php\/wp-json\/wp\/v2\/posts\/43480","targetHints":{"allow":["GET"]}}],"collection":[{"href":"https:\/\/ejornais.com.br\/index.php\/wp-json\/wp\/v2\/posts"}],"about":[{"href":"https:\/\/ejornais.com.br\/index.php\/wp-json\/wp\/v2\/types\/post"}],"author":[{"embeddable":true,"href":"https:\/\/ejornais.com.br\/index.php\/wp-json\/wp\/v2\/users\/2"}],"replies":[{"embeddable":true,"href":"https:\/\/ejornais.com.br\/index.php\/wp-json\/wp\/v2\/comments?post=43480"}],"version-history":[{"count":0,"href":"https:\/\/ejornais.com.br\/index.php\/wp-json\/wp\/v2\/posts\/43480\/revisions"}],"wp:attachment":[{"href":"https:\/\/ejornais.com.br\/index.php\/wp-json\/wp\/v2\/media?parent=43480"}],"wp:term":[{"taxonomy":"category","embeddable":true,"href":"https:\/\/ejornais.com.br\/index.php\/wp-json\/wp\/v2\/categories?post=43480"},{"taxonomy":"post_tag","embeddable":true,"href":"https:\/\/ejornais.com.br\/index.php\/wp-json\/wp\/v2\/tags?post=43480"}],"curies":[{"name":"wp","href":"https:\/\/api.w.org\/{rel}","templated":true}]}}