{"id":43785,"date":"2025-04-27T20:55:36","date_gmt":"2025-04-27T23:55:36","guid":{"rendered":"https:\/\/ejornais.com.br\/index.php\/2025\/04\/27\/sessao-de-sabado-exibe-hoje-26-04-na-globo-o-album-da-grande-familia-que-horas-comeca-sinopse\/"},"modified":"2025-04-27T20:55:36","modified_gmt":"2025-04-27T23:55:36","slug":"sessao-de-sabado-exibe-hoje-26-04-na-globo-o-album-da-grande-familia-que-horas-comeca-sinopse","status":"publish","type":"post","link":"https:\/\/ejornais.com.br\/index.php\/2025\/04\/27\/sessao-de-sabado-exibe-hoje-26-04-na-globo-o-album-da-grande-familia-que-horas-comeca-sinopse\/","title":{"rendered":"Sess\u00e3o de S\u00c1BADO exibe Hoje (26\/04) na Globo; O \u00c1lbum Da Grande Fam\u00edlia, QUE HORAS COME\u00c7A, Sinopse"},"content":{"rendered":"<p> Por MRNews<br \/>\n<\/p>\n<div wp_automatic_readability=\"261.22556081498\">\n<p>COnfira a programa\u00e7\u00e3o da Globo\u00a0 <strong>hoje, 26\/04 <\/strong><strong>e que horas come\u00e7am os filmes de hoje.\u00a0<\/strong><\/p>\n<p><strong>S\u00e1bado, 26\/04\/2025<\/strong><\/p>\n<p><strong>\u00a0<\/strong><\/p>\n<p>Coruj\u00e3o II<\/p>\n<p>For\u00e7a-Tarefa \u2013 O Filme<\/p>\n<p>T\u00edtulo Original: For\u00e7a-Tarefa \u2013 O Filme<\/p>\n<p>Pa\u00eds de Origem: Brasileira<\/p>\n<p>Ano de Produ\u00e7\u00e3o: 2009<\/p>\n<p>Diretor: Jos\u00e9 Alvarenga Jr.<\/p>\n<p>Elenco: Murilo Ben\u00edcio, Fabiula Nascimento, Rog\u00e9rio Trindade<\/p>\n<p>Classe: A\u00e7\u00e3o<\/p>\n<p>Wilson \u00e9 um policial que trabalha para uma ag\u00eancia da lei que investiga crimes<\/p>\n<p>cometidos dentro da corpora\u00e7\u00e3o.<\/p>\n<p>Sess\u00e3o de S\u00e1bado<\/p>\n<p>O \u00c1lbum Da Grande Fam\u00edlia<\/p>\n<p>T\u00edtulo Original: O \u00c1lbum da Grande Fam\u00edlia<\/p>\n<p>Pa\u00eds de Origem: Brasileira<\/p>\n<p>Ano de Produ\u00e7\u00e3o: 2025<\/p>\n<p>Diretor: Lu\u00eds Felipe S\u00e1<\/p>\n<p>Elenco: Marco Nanini, Marieta Severo, Guta Stresser, Pedro Cardoso, Lucio<\/p>\n<p>Mauro Filho<\/p>\n<p>Classe: Com\u00e9dia<\/p>\n<p>Conhe\u00e7a a trajet\u00f3ria de cada um dos personagens inesquec\u00edveis de A Grande<\/p>\n<p>Fam\u00edlia, atrav\u00e9s desta sele\u00e7\u00e3o de epis\u00f3dios de uma das s\u00e9ries mais queridas do pa\u00eds.<\/p>\n<p>Supercine<\/p>\n<p>O Auto da Compadecida<\/p>\n<p>T\u00edtulo Original: O Auto da Compadecida<\/p>\n<p>Pa\u00eds de Origem: Brasileira<\/p>\n<p>Ano de Produ\u00e7\u00e3o: 1999<\/p>\n<p>Diretor: Guel Arraes<\/p>\n<p>Elenco: Fernanda Montenegro, Matheus Nachtergaele, Denise Fraga, Lima<\/p>\n<p>Duarte, Marco Nanini, Virginia Cavendish, Diogo Vilela, Paulo Goulart, Bruno<\/p>\n<p>Garcia, Selton Mello, Rog\u00e9rio Cardoso, Maur\u00edcio Gon\u00e7alves, Luis Melo, Enrique<\/p>\n<p>Diaz<\/p>\n<p>Classe: Com\u00e9dia<\/p>\n<p>Jo\u00e3o Grilo e Chic\u00f3 passam a perna em moradores de uma cidade do Nordeste.<\/p>\n<p>At\u00e9 que Grilo presta contas de seus atos. Baseado na obra de Ariano Suassuna.<\/p>\n<p>Coruj\u00e3o I<\/p>\n<p>A F\u00f3rmula<\/p>\n<p>T\u00edtulo Original: A F\u00f3rmula<\/p>\n<p>Pa\u00eds de Origem: Brasileira<\/p>\n<p>Ano de Produ\u00e7\u00e3o: 2017<\/p>\n<p>Diretor: Fl\u00e1via Lacerda, Patricia Pedrosa<\/p>\n<p>Elenco: Drica Moraes, Fabio Assuncao, Luisa Arraes, Klebber Toledo, Em\u00edlio de Mello, Joelson Medeiros, Tony Tornado<\/p>\n<p>Classe: Com\u00e9dia, drama<\/p>\n<p>Cientista de prest\u00edgio, Ang\u00e9lica quer descobrir a f\u00f3rmula da juventude eterna.<\/p>\n<p>Cobaia de seu pr\u00f3prio experimento, ela volta \u00e0 apar\u00eancia que tinha aos 20 anos.<\/p>\n<hr\/>\n<h2>Filmes da Globo no Final de Semana: Confira a Programa\u00e7\u00e3o de S\u00e1bado (26\/04) e Domingo (27\/04)<\/h2>\n<p>Se voc\u00ea \u00e9 f\u00e3 de cinema e gosta de curtir um bom filme na TV aberta, prepare-se para um final de semana repleto de grandes t\u00edtulos na tela da <strong>TV Globo<\/strong>. De cl\u00e1ssicos brasileiros a superprodu\u00e7\u00f5es internacionais, a emissora traz uma sele\u00e7\u00e3o variada que promete agradar diferentes gostos.<\/p>\n<p>Confira agora a programa\u00e7\u00e3o completa do <strong>Coruj\u00e3o, Sess\u00e3o de S\u00e1bado, Supercine, Temperatura M\u00e1xima e Domingo Maior<\/strong>, com sinopses, elencos e todas as informa\u00e7\u00f5es que voc\u00ea precisa para n\u00e3o perder nada!<\/p>\n<hr\/>\n<h2>Coruj\u00e3o II de S\u00e1bado (26\/04): For\u00e7a-Tarefa \u2013 O Filme<\/h2>\n<p><strong>T\u00edtulo Original:<\/strong> For\u00e7a-Tarefa \u2013 O Filme<br \/><strong>Pa\u00eds de Origem:<\/strong> Brasil<br \/><strong>Ano de Produ\u00e7\u00e3o:<\/strong> 2009<br \/><strong>Dire\u00e7\u00e3o:<\/strong> Jos\u00e9 Alvarenga Jr.<br \/><strong>Elenco:<\/strong> Murilo Ben\u00edcio, Fabiula Nascimento, Rog\u00e9rio Trindade<br \/><strong>G\u00eanero:<\/strong> A\u00e7\u00e3o<\/p>\n<p><strong><a href=\"https:\/\/mrnews.com.br\/index.php\/2025\/04\/26\/corujao-exibe-hoje-26-04-na-globo-a-formula-que-horas-comeca-sinopse\/\">Coruj\u00e3o exibe Hoje (26\/04) na Globo; A F\u00f3rmula, QUE HORAS COME\u00c7A, Sinopse<\/a><\/strong><\/p>\n<p><strong><a href=\"https:\/\/mrnews.com.br\/index.php\/2025\/04\/26\/supercine-exibe-hoje-26-04-na-globo-o-auto-da-compadecida-que-horas-comeca-sinopse\/\">Supercine exibe Hoje (26\/04) na Globo; O Auto da Compadecida, QUE HORAS COME\u00c7A, Sinopse<\/a><\/strong><\/p>\n<p><strong>Sinopse:<\/strong><br \/>\u201c<strong>For\u00e7a-Tarefa \u2013 O Filme<\/strong>\u201d acompanha a trajet\u00f3ria do policial Wilson, que atua em uma ag\u00eancia especializada em investigar crimes cometidos dentro da pr\u00f3pria corpora\u00e7\u00e3o. O longa \u00e9 baseado na s\u00e9rie de mesmo nome exibida na TV Globo e mostra os dilemas morais e os riscos enfrentados por aqueles que decidem combater a corrup\u00e7\u00e3o dentro da pol\u00edcia. Um thriller nacional que mistura a\u00e7\u00e3o e drama com um enredo intenso e realista.<\/p>\n<hr\/>\n<h2>Sess\u00e3o de S\u00e1bado: O \u00c1lbum da Grande Fam\u00edlia<\/h2>\n<p><strong>T\u00edtulo Original:<\/strong> O \u00c1lbum da Grande Fam\u00edlia<br \/><strong>Pa\u00eds de Origem:<\/strong> Brasil<br \/><strong>Ano de Produ\u00e7\u00e3o:<\/strong> 2025<br \/><strong>Dire\u00e7\u00e3o:<\/strong> Lu\u00eds Felipe S\u00e1<br \/><strong>Elenco:<\/strong> Marco Nanini, Marieta Severo, Guta Stresser, Pedro Cardoso, Lucio Mauro Filho<br \/><strong>G\u00eanero:<\/strong> Com\u00e9dia<\/p>\n<p><strong>Sinopse:<\/strong><br \/>Para os nost\u00e1lgicos e f\u00e3s de longa data de uma das s\u00e9ries mais queridas da televis\u00e3o brasileira, \u201cO \u00c1lbum da Grande Fam\u00edlia\u201d traz uma colet\u00e2nea de epis\u00f3dios cl\u00e1ssicos e momentos inesquec\u00edveis dos personagens Lineu, Nen\u00ea, Tuco, Bebel, Agostinho e toda a trupe do sub\u00farbio carioca. Uma verdadeira homenagem \u00e0 trajet\u00f3ria da s\u00e9rie que marcou gera\u00e7\u00f5es com seu humor familiar e inteligente.<\/p>\n<hr\/>\n<h2>Supercine de S\u00e1bado: O Auto da Compadecida<\/h2>\n<p><strong>T\u00edtulo Original:<\/strong> O Auto da Compadecida<br \/><strong>Pa\u00eds de Origem:<\/strong> Brasil<br \/><strong>Ano de Produ\u00e7\u00e3o:<\/strong> 1999<br \/><strong>Dire\u00e7\u00e3o:<\/strong> Guel Arraes<br \/><strong>Elenco:<\/strong> Fernanda Montenegro, Matheus Nachtergaele, Denise Fraga, Lima Duarte, Marco Nanini, Virginia Cavendish, Diogo Vilela, Paulo Goulart, Bruno Garcia, Selton Mello, Rog\u00e9rio Cardoso, Maur\u00edcio Gon\u00e7alves, Luis Melo, Enrique Diaz<br \/><strong>G\u00eanero:<\/strong> Com\u00e9dia<\/p>\n<p><strong><a href=\"https:\/\/mrnews.com.br\/index.php\/2025\/04\/25\/quais-filmes-vao-passar-hoje-27-04-na-globo-temperatura-maxima-cinemaco-e-domingo-maior-corujao-que-horas-comeca-sinopse\/\">Quais Filmes v\u00e3o passar HOJE (27\/04) na Globo? TEMPERATURA M\u00c1XIMA, CINEMA\u00c7O E DOMINGO MAIOR, CORUJ\u00c3O; QUE HORAS COME\u00c7A, Sinopse<\/a><\/strong><\/p>\n<p><strong><a href=\"https:\/\/mrnews.com.br\/index.php\/2025\/04\/25\/quais-filmes-vao-passar-sabado-26-04-na-globo-corujao-sessao-de-sabado-e-supercine-que-horas-comeca-sinopse\/\">Quais filmes v\u00e3o passar S\u00c1BADO (26\/04) na Globo? CORUJ\u00c3O,  SESS\u00c3O DE S\u00c1BADO E SUPERCINE, QUE HORAS COME\u00c7A, Sinopse<\/a><\/strong><\/p>\n<p><strong>Sinopse:<\/strong><br \/>Baseado na obra de Ariano Suassuna, \u201cO Auto da Compadecida\u201d \u00e9 um cl\u00e1ssico do cinema nacional que mistura humor, cr\u00edtica social e religiosidade em uma hist\u00f3ria ambientada no sert\u00e3o nordestino. A trama segue os insepar\u00e1veis Jo\u00e3o Grilo (Matheus Nachtergaele) e Chic\u00f3 (Selton Mello), que vivem de trambiques e armadilhas para sobreviver. Mas quando os dois se envolvem em um assalto a uma padaria, a hist\u00f3ria ganha contornos de julgamento divino, com direito \u00e0 presen\u00e7a de personagens como o Diabo e Nossa Senhora.<\/p>\n<hr\/>\n<h2>Coruj\u00e3o I de S\u00e1bado: A F\u00f3rmula<\/h2>\n<p><strong>T\u00edtulo Original:<\/strong> A F\u00f3rmula<br \/><strong>Pa\u00eds de Origem:<\/strong> Brasil<br \/><strong>Ano de Produ\u00e7\u00e3o:<\/strong> 2017<br \/><strong>Dire\u00e7\u00e3o:<\/strong> Fl\u00e1via Lacerda, Patricia Pedrosa<br \/><strong>Elenco:<\/strong> Drica Moraes, Fabio Assun\u00e7\u00e3o, Luisa Arraes, Klebber Toledo, Em\u00edlio de Mello, Joelson Medeiros, Tony Tornado<br \/><strong>G\u00eanero:<\/strong> Com\u00e9dia, Drama<\/p>\n<p><strong>Sinopse:<\/strong><br \/>Ang\u00e9lica \u00e9 uma cientista de renome que sonha em encontrar a f\u00f3rmula da juventude eterna. Ap\u00f3s anos de pesquisa, ela decide se tornar a pr\u00f3pria cobaia do experimento e, para sua surpresa, consegue voltar \u00e0 apar\u00eancia dos 20 anos. Mas viver uma nova juventude em pleno s\u00e9culo XXI pode n\u00e3o ser t\u00e3o simples quanto parece. Uma com\u00e9dia com toques de drama que explora as vaidades e os dilemas do envelhecer com leveza e bom humor.<\/p>\n<hr\/>\n<h2>Coruj\u00e3o II de Domingo (27\/04): O Di\u00e1rio de Tati<\/h2>\n<p><strong>T\u00edtulo Original:<\/strong> O Di\u00e1rio de Tati<br \/><strong>Pa\u00eds de Origem:<\/strong> Brasil<br \/><strong>Ano de Produ\u00e7\u00e3o:<\/strong> 2012<br \/><strong>Dire\u00e7\u00e3o:<\/strong> Mauro Farias<br \/><strong>Elenco:<\/strong> Helo\u00edsa P\u00e9riss\u00e9, Louise Cardoso, Marcos Caruso<br \/><strong>G\u00eanero:<\/strong> Drama, Com\u00e9dia<\/p>\n<p><strong>Sinopse:<\/strong><br \/>Inspirado na personagem de sucesso criada por Helo\u00edsa P\u00e9riss\u00e9, o filme \u201cO Di\u00e1rio de Tati\u201d mostra o cotidiano de uma adolescente atrapalhada que n\u00e3o entende matem\u00e1tica, mas \u00e9 mestre em bolar planos mirabolantes para escapar dos castigos da m\u00e3e. Com uma linguagem divertida e exagerada, o longa mergulha no universo adolescente com humor e autenticidade.<\/p>\n<hr\/>\n<h2>Temperatura M\u00e1xima de Domingo: Top Gun: Maverick<\/h2>\n<p><strong>T\u00edtulo Original:<\/strong> Top Gun: Maverick<br \/><strong>Pa\u00eds de Origem:<\/strong> EUA<br \/><strong>Ano de Produ\u00e7\u00e3o:<\/strong> 2022<br \/><strong>Dire\u00e7\u00e3o:<\/strong> Joseph Kosinski<br \/><strong>Elenco:<\/strong> Tom Cruise, Jennifer Connelly, Miles Teller, Jon Hamm, Val Kilmer<br \/><strong>G\u00eanero:<\/strong> A\u00e7\u00e3o<\/p>\n<p><strong>Sinopse:<\/strong><br \/>Ap\u00f3s mais de tr\u00eas d\u00e9cadas servindo como um dos melhores pilotos da Marinha, Pete \u201cMaverick\u201d Mitchell (Tom Cruise) retorna \u00e0 escola de elite de avia\u00e7\u00e3o para treinar uma nova gera\u00e7\u00e3o. L\u00e1, ele precisa enfrentar fantasmas do passado e preparar os jovens para miss\u00f5es de alto risco. Com cenas a\u00e9reas impressionantes e muita adrenalina, o filme \u00e9 uma continua\u00e7\u00e3o empolgante do cl\u00e1ssico dos anos 1980.<\/p>\n<hr\/>\n<h2>Domingo Maior: O Canto da Sereia<\/h2>\n<p><strong>T\u00edtulo Original:<\/strong> O Canto da Sereia<br \/><strong>Pa\u00eds de Origem:<\/strong> Brasil<br \/><strong>Ano de Produ\u00e7\u00e3o:<\/strong> 2013<br \/><strong>Dire\u00e7\u00e3o:<\/strong> Jos\u00e9 Luiz Villamarim, Ricardo Waddington<br \/><strong>Elenco:<\/strong> Isis Valverde, Gabriel Braga Nunes, Camila Morgado, Fabiula Nascimento, Fabio Lago, Marcos Palmeira, Marcelo M\u00e9dici<br \/><strong>G\u00eanero:<\/strong> Drama, Suspense<\/p>\n<p><strong>Sinopse:<\/strong><br \/>Durante o Carnaval de Salvador, a cantora de Ax\u00e9 Sereia \u00e9 assassinada em pleno trio el\u00e9trico. A trag\u00e9dia choca o pa\u00eds e d\u00e1 in\u00edcio a uma investiga\u00e7\u00e3o policial repleta de reviravoltas, segredos e trai\u00e7\u00f5es. Com clima de mist\u00e9rio e est\u00e9tica vibrante, \u201cO Canto da Sereia\u201d mistura o universo da m\u00fasica baiana com um thriller investigativo de primeira linha. Destaque para a atua\u00e7\u00e3o intensa de Isis Valverde no papel principal.<\/p>\n<hr\/>\n<h2>Conclus\u00e3o: Um Final de Semana de Filmes Imperd\u00edveis na Globo<\/h2>\n<p>A Globo preparou uma verdadeira maratona de sucessos nacionais e internacionais para o final de semana dos dias <strong>26 e 27 de abril de 2025<\/strong>. Dos cl\u00e1ssicos como \u201c<strong>O Auto da Compadecida<\/strong>\u201d e \u201c<strong>Top Gun: Maverick<\/strong>\u201c, at\u00e9 produ\u00e7\u00f5es brasileiras contempor\u00e2neas como \u201c<strong>A F\u00f3rmula<\/strong>\u201d e \u201c<strong>O \u00c1lbum da Grande Fam\u00edlia<\/strong>\u201c, h\u00e1 op\u00e7\u00f5es para todos os gostos.<\/p>\n<p>N\u00e3o perca essa chance de curtir grandes hist\u00f3rias no conforto da sua casa. Prepare a pipoca, chame a fam\u00edlia e aproveite o melhor do cinema na televis\u00e3o aberta!<\/p>\n<hr\/>\n<p><strong>Tags:<\/strong> #FilmesNaGlobo #Programa\u00e7\u00e3oGlobo #CinemaBrasileiro #TopGunMaverick #OCantoDaSereia #AutoDaCompadecida #GrandeFam\u00edlia #Coruj\u00e3o #DomingoMaior #TemperaturaM\u00e1xima<\/p>\n<div wp_automatic_readability=\"6.8256880733945\">\n<p>Para mais detalhes, acesse os portais da Globo:<\/p>\n<ul>\n<li><a href=\"https:\/\/espigaoalerta.com.br\" target=\"_blank\" rel=\"noopener\">G1<\/a> \u2013 Not\u00edcias atualizadas<\/li>\n<li><a href=\"https:\/\/brazilsoccer.com.br\" target=\"_blank\" rel=\"noopener\">ge<\/a> \u2013 Esportes<\/li>\n<li><a href=\"https:\/\/jblog.com.br\" target=\"_blank\" rel=\"noopener\">gshow<\/a> \u2013 Entretenimento e TV<\/li>\n<li><a href=\"https:\/\/sentoseagora.com.br\" target=\"_blank\" rel=\"noopener\">Globoplay<\/a> \u2013 Streaming de conte\u00fado Globo<\/li>\n<li><a href=\"https:\/\/ojornaldebatatais.com.br\" target=\"_blank\" rel=\"noopener\">Mem\u00f3ria Globo<\/a> \u2013 Arquivo hist\u00f3rico da emissora<\/li>\n<\/ul>\n<p>\u00a0<\/p>\n<\/div>\n<p><!-- CONTENT END 3 --><\/p><\/div>\n","protected":false},"excerpt":{"rendered":"<p>Por MRNews COnfira a programa\u00e7\u00e3o da Globo\u00a0 hoje, 26\/04 e que horas come\u00e7am os filmes de hoje.\u00a0 S\u00e1bado, 26\/04\/2025 \u00a0<\/p>\n","protected":false},"author":2,"featured_media":0,"comment_status":"","ping_status":"","sticky":false,"template":"","format":"standard","meta":{"colormag_page_container_layout":"default_layout","colormag_page_sidebar_layout":"default_layout","footnotes":""},"categories":[1],"tags":[],"class_list":["post-43785","post","type-post","status-publish","format-standard","hentry","category-ejornais"],"aioseo_notices":[],"amp_enabled":true,"_links":{"self":[{"href":"https:\/\/ejornais.com.br\/index.php\/wp-json\/wp\/v2\/posts\/43785","targetHints":{"allow":["GET"]}}],"collection":[{"href":"https:\/\/ejornais.com.br\/index.php\/wp-json\/wp\/v2\/posts"}],"about":[{"href":"https:\/\/ejornais.com.br\/index.php\/wp-json\/wp\/v2\/types\/post"}],"author":[{"embeddable":true,"href":"https:\/\/ejornais.com.br\/index.php\/wp-json\/wp\/v2\/users\/2"}],"replies":[{"embeddable":true,"href":"https:\/\/ejornais.com.br\/index.php\/wp-json\/wp\/v2\/comments?post=43785"}],"version-history":[{"count":0,"href":"https:\/\/ejornais.com.br\/index.php\/wp-json\/wp\/v2\/posts\/43785\/revisions"}],"wp:attachment":[{"href":"https:\/\/ejornais.com.br\/index.php\/wp-json\/wp\/v2\/media?parent=43785"}],"wp:term":[{"taxonomy":"category","embeddable":true,"href":"https:\/\/ejornais.com.br\/index.php\/wp-json\/wp\/v2\/categories?post=43785"},{"taxonomy":"post_tag","embeddable":true,"href":"https:\/\/ejornais.com.br\/index.php\/wp-json\/wp\/v2\/tags?post=43785"}],"curies":[{"name":"wp","href":"https:\/\/api.w.org\/{rel}","templated":true}]}}