{"id":43809,"date":"2025-04-28T10:25:33","date_gmt":"2025-04-28T13:25:33","guid":{"rendered":"https:\/\/ejornais.com.br\/index.php\/2025\/04\/28\/homem-joga-carro-contra-dezenas-de-pessoas-no-canada-11-morreram\/"},"modified":"2025-04-28T10:25:33","modified_gmt":"2025-04-28T13:25:33","slug":"homem-joga-carro-contra-dezenas-de-pessoas-no-canada-11-morreram","status":"publish","type":"post","link":"https:\/\/ejornais.com.br\/index.php\/2025\/04\/28\/homem-joga-carro-contra-dezenas-de-pessoas-no-canada-11-morreram\/","title":{"rendered":"Homem joga carro contra dezenas de pessoas no Canad\u00e1; 11 morreram"},"content":{"rendered":"<p> Por MRNews<br \/>\n<\/p>\n<div wp_automatic_readability=\"35.617760617761\">\n<p>Um homem dirigindo um carro preto avan\u00e7ou contra dezenas de pessoas na noite desse s\u00e1bado (26) durante um festival da comunidade filipina em Vancouver, no Canad\u00e1. <strong>Segundo a pol\u00edcia local, 11 pessoas morreram e mais de 20 ficaram feridas.<\/strong><\/p>\n<p>O ataque aconteceu \u00e0s 20h, no hor\u00e1rio local (meia-noite no hor\u00e1rio de Bras\u00edlia), na zona de Sunset on Fraser. O homem jogou seu carro em alta velocidade contra bancas de comida. O festival filipino \u00e9 conhecido como Lapu Lapu, e normalmente atrai grandes multid\u00f5es.<\/p>\n<p>O suspeito, de 30 anos, tem antecedentes policiais, segundo informou a pol\u00edcia numa confer\u00eancia de imprensa ap\u00f3s o incidente.<\/p>\n<p><strong><a href=\"https:\/\/mrnews.com.br\/index.php\/2025\/04\/28\/vitimas-das-enchentes-esperam-por-moradias-definitivas-no-rs\/\">V\u00edtimas das enchentes esperam por moradias definitivas no RS\u00a0\u00a0<\/a><\/strong><\/p>\n<p><strong><a href=\"https:\/\/mrnews.com.br\/index.php\/2025\/04\/28\/exposicao-traz-o-para-a-partir-do-olhar-do-fotografo-luiz-braga\/\">Exposi\u00e7\u00e3o traz o Par\u00e1 a partir do olhar do fot\u00f3grafo Luiz Braga<\/a><\/strong><\/p>\n<p>O jornal Vancouver Sun afirmou que <strong>o suspeito tem problemas de sa\u00fade mental<\/strong> e quando estava sendo interrogado pediu \u201cdesculpa\u201d \u00e0s pessoas que assistiam \u00e0 cena, tendo-lhes pedido para n\u00e3o filmarem seu rosto com os telefones celulares.<\/p>\n<p>Neste domingo (27), o primeiro-ministro do Canad\u00e1, Mark Carney, descartou que exista uma \u201camea\u00e7a ativa sobre os canadenses\u201d. <strong>As autoridades policiais j\u00e1 exclu\u00edram a hip\u00f3tese de terrorismo<\/strong>.<\/p>\n<p><em>* com informa\u00e7\u00f5es da Ag\u00eancia Lusa<\/em><\/p>\n<\/div>\n","protected":false},"excerpt":{"rendered":"<p>Por MRNews Um homem dirigindo um carro preto avan\u00e7ou contra dezenas de pessoas na noite desse s\u00e1bado (26) durante um<\/p>\n","protected":false},"author":2,"featured_media":0,"comment_status":"","ping_status":"","sticky":false,"template":"","format":"standard","meta":{"colormag_page_container_layout":"default_layout","colormag_page_sidebar_layout":"default_layout","footnotes":""},"categories":[1],"tags":[],"class_list":["post-43809","post","type-post","status-publish","format-standard","hentry","category-ejornais"],"aioseo_notices":[],"amp_enabled":true,"_links":{"self":[{"href":"https:\/\/ejornais.com.br\/index.php\/wp-json\/wp\/v2\/posts\/43809","targetHints":{"allow":["GET"]}}],"collection":[{"href":"https:\/\/ejornais.com.br\/index.php\/wp-json\/wp\/v2\/posts"}],"about":[{"href":"https:\/\/ejornais.com.br\/index.php\/wp-json\/wp\/v2\/types\/post"}],"author":[{"embeddable":true,"href":"https:\/\/ejornais.com.br\/index.php\/wp-json\/wp\/v2\/users\/2"}],"replies":[{"embeddable":true,"href":"https:\/\/ejornais.com.br\/index.php\/wp-json\/wp\/v2\/comments?post=43809"}],"version-history":[{"count":0,"href":"https:\/\/ejornais.com.br\/index.php\/wp-json\/wp\/v2\/posts\/43809\/revisions"}],"wp:attachment":[{"href":"https:\/\/ejornais.com.br\/index.php\/wp-json\/wp\/v2\/media?parent=43809"}],"wp:term":[{"taxonomy":"category","embeddable":true,"href":"https:\/\/ejornais.com.br\/index.php\/wp-json\/wp\/v2\/categories?post=43809"},{"taxonomy":"post_tag","embeddable":true,"href":"https:\/\/ejornais.com.br\/index.php\/wp-json\/wp\/v2\/tags?post=43809"}],"curies":[{"name":"wp","href":"https:\/\/api.w.org\/{rel}","templated":true}]}}