{"id":43828,"date":"2025-04-28T17:27:31","date_gmt":"2025-04-28T20:27:31","guid":{"rendered":"https:\/\/ejornais.com.br\/index.php\/2025\/04\/28\/prefeitura-realiza-mutirao-contra-a-dengue-no-beira-rio-i-e-ii-nesta-terca-feira-29-de-abril-prefeitura-estancia-turistica-guaratingueta\/"},"modified":"2025-04-28T17:27:31","modified_gmt":"2025-04-28T20:27:31","slug":"prefeitura-realiza-mutirao-contra-a-dengue-no-beira-rio-i-e-ii-nesta-terca-feira-29-de-abril-prefeitura-estancia-turistica-guaratingueta","status":"publish","type":"post","link":"https:\/\/ejornais.com.br\/index.php\/2025\/04\/28\/prefeitura-realiza-mutirao-contra-a-dengue-no-beira-rio-i-e-ii-nesta-terca-feira-29-de-abril-prefeitura-estancia-turistica-guaratingueta\/","title":{"rendered":"Prefeitura realiza Mutir\u00e3o contra a Dengue no Beira Rio I e II nesta ter\u00e7a-feira, 29 de abril \u2013 Prefeitura Est\u00e2ncia Tur\u00edstica Guaratinguet\u00e1"},"content":{"rendered":"<p><\/p>\n<div>\n<p>A Prefeitura realizar\u00e1 nesta ter\u00e7a-feira, 29, a partir das 8h, um mutir\u00e3o contra a Dengue nos bairros Beira Rio I e II. O feito \u00e9 resultante da primeira reuni\u00e3o do Comit\u00ea Municipal de Enfrentamento \u00e0s Arboviroses realizada na \u00faltima semana.<\/p>\n<p>A atividade ser\u00e1 uma a\u00e7\u00e3o conjunta entre as seguintes secretarias e departamentos:<\/p>\n<p>\u27a1\ufe0fSecretaria de Sa\u00fade<br \/>\u27a1\ufe0fSAEG<br \/>\u27a1\ufe0fSecretaria de Seguran\u00e7a e Mobilidade Urbana<br \/>\u27a1\ufe0fSecretaria de Obras P\u00fablicas<\/p>\n<p>Na oportunidade ser\u00e3o realizadas:<\/p>\n<p>\u2705Verifica\u00e7\u00e3o de criadores do mosquito Aedes aegypti transmissor da Dengue<br \/>\u2705Verifica\u00e7\u00e3o e recolhimento de res\u00edduos descartados de forma irregular em \u00e1rea p\u00fablica<br \/>\u2705Fiscaliza\u00e7\u00e3o de terrenos sem a devida limpeza por meio da Lei Funcoc<br \/>\u2705Limpeza P\u00fablica<\/p>\n<p>Os bairros Beira Rio I e II foram escolhido neste primeiro momento devido \u00e0 alta incid\u00eancia de casos de Dengue, outros locais devem receber a a\u00e7\u00e3o em breve.<\/p>\n<p>A Prefeitura conta com a colabora\u00e7\u00e3o de toda a popula\u00e7\u00e3o no combate \u00e0 Dengue!<\/p>\n<\/p><\/div>\n","protected":false},"excerpt":{"rendered":"<p>A Prefeitura realizar\u00e1 nesta ter\u00e7a-feira, 29, a partir das 8h, um mutir\u00e3o contra a Dengue nos bairros Beira Rio I<\/p>\n","protected":false},"author":2,"featured_media":0,"comment_status":"","ping_status":"","sticky":false,"template":"","format":"standard","meta":{"colormag_page_container_layout":"default_layout","colormag_page_sidebar_layout":"default_layout","footnotes":""},"categories":[1],"tags":[],"class_list":["post-43828","post","type-post","status-publish","format-standard","hentry","category-ejornais"],"aioseo_notices":[],"amp_enabled":true,"_links":{"self":[{"href":"https:\/\/ejornais.com.br\/index.php\/wp-json\/wp\/v2\/posts\/43828","targetHints":{"allow":["GET"]}}],"collection":[{"href":"https:\/\/ejornais.com.br\/index.php\/wp-json\/wp\/v2\/posts"}],"about":[{"href":"https:\/\/ejornais.com.br\/index.php\/wp-json\/wp\/v2\/types\/post"}],"author":[{"embeddable":true,"href":"https:\/\/ejornais.com.br\/index.php\/wp-json\/wp\/v2\/users\/2"}],"replies":[{"embeddable":true,"href":"https:\/\/ejornais.com.br\/index.php\/wp-json\/wp\/v2\/comments?post=43828"}],"version-history":[{"count":0,"href":"https:\/\/ejornais.com.br\/index.php\/wp-json\/wp\/v2\/posts\/43828\/revisions"}],"wp:attachment":[{"href":"https:\/\/ejornais.com.br\/index.php\/wp-json\/wp\/v2\/media?parent=43828"}],"wp:term":[{"taxonomy":"category","embeddable":true,"href":"https:\/\/ejornais.com.br\/index.php\/wp-json\/wp\/v2\/categories?post=43828"},{"taxonomy":"post_tag","embeddable":true,"href":"https:\/\/ejornais.com.br\/index.php\/wp-json\/wp\/v2\/tags?post=43828"}],"curies":[{"name":"wp","href":"https:\/\/api.w.org\/{rel}","templated":true}]}}